{"id":226122,"date":"2025-11-09T03:44:10","date_gmt":"2025-11-09T03:44:10","guid":{"rendered":"https:\/\/www.europesays.com\/es\/226122\/"},"modified":"2025-11-09T03:44:10","modified_gmt":"2025-11-09T03:44:10","slug":"leo-from-chicago-vaticano-anuncia-estreno-del-documental-sobre-el-papa-leon-xiv-en-estados-unidos","status":"publish","type":"post","link":"https:\/\/www.europesays.com\/es\/226122\/","title":{"rendered":"Leo from Chicago: Vaticano anuncia estreno del documental sobre el Papa Le\u00f3n XIV en Estados Unidos"},"content":{"rendered":"<p>                              <a href=\"https:\/\/www.aciprensa.com\/autor\/2\/walter-sanchez-silva\" rel=\"nofollow noopener\" target=\"_blank\"><br \/>\n                  <img loading=\"lazy\" decoding=\"async\" alt=\"Walter S\u00e1nchez Silva\" class=\"author-image m-0 mr-4\" height=\"48\" src=\"https:\/\/www.europesays.com\/es\/wp-content\/uploads\/2025\/11\/1762659849_789_WalterSanchesilva.jpg\" width=\"48\"\/><br \/>\n                <\/a><\/p>\n<p> Por<br \/>\n                                  <a href=\"https:\/\/www.aciprensa.com\/autor\/2\/walter-sanchez-silva\" rel=\"nofollow noopener\" target=\"_blank\">Walter S\u00e1nchez Silva<\/a>\n                                <\/p>\n<p class=\"post-info date-author\">\n                                  8 de noviembre de 2025<br \/>11:04 a. m.\n                              <\/p>\n<p class=\"post-info date-author-mobile\">\n                  Nov. 8, 2025<br \/>11:04 a. m.\n                <\/p>\n<p>El Vaticano anunci\u00f3 la fecha de estreno del documental Leo from Chicago, sobre la vida de Le\u00f3n XIV en Estados Unidos, pa\u00eds donde naci\u00f3, al cumplirse este s\u00e1bado<a href=\"https:\/\/www.aciprensa.com\/noticias\/118969\/a-seis-meses-del-papa-leon-xiv-balance-de-un-pontificado-sereno-centrado-en-la-unidad\" rel=\"noopener noreferrer nofollow\" target=\"_blank\"> 6 meses del pontificado<\/a> del primer Papa estadounidense y peruano de la historia de la Iglesia Cat\u00f3lica.<\/p>\n<p>El documental se estrenar\u00e1 el <strong>lunes 10 de noviembre<\/strong>: A las 16:00 (hora de Roma) se proyectar\u00e1 en la Filmoteca Vaticana para los periodistas acreditados en la Sala de Prensa de la Santa Sede; y a las <strong>18:00 se publicar\u00e1 en los canales de Youtube de Vatican News en ingl\u00e9s, italiano y espa\u00f1ol<\/strong>, seg\u00fan informa una nota del Dicasterio para la Comunicaci\u00f3n.<\/p>\n<p>\tRecibe las principales noticias de ACI Prensa por WhatsApp y Telegram<\/p>\n<p class=\"box-desc\">Cada vez es m\u00e1s dif\u00edcil ver noticias cat\u00f3licas en las redes sociales. Suscr\u00edbete a nuestros canales gratuitos hoy:<\/p>\n<p>El documental ha sido realizado por la Direcci\u00f3n Editorial del Dicasterio para la Comunicaci\u00f3n, en colaboraci\u00f3n con la Arquidi\u00f3cesis de Chicago y el Apostolado El Sembrador Nueva Evangelizaci\u00f3n (ESNE).<\/p>\n<p>El proyecto estuvo cargo de los periodistas Deborah Castellano Lubov, Salvatore Cernuzio y Felipe Herrera-Espaliat, con el montaje de Jaime Vizca\u00edno Haro, y muestra distintos lugares como la localidad de Dolton en Chicago, donde el Papa viv\u00eda con su familia, con los recuerdos y relatos de los hermanos del Santo Padre, Louis Martin y John.<\/p>\n<p>Tambi\u00e9n se pueden ver las oficinas, escuelas y parroquias dirigidas por los agustinos, el centro de estudios Uni\u00f3n Teol\u00f3gica Cat\u00f3lica, y los lugares frecuentados por Robert Prevost, como el restaurante Aurelio&#8217;s Pizza o el Rate Field, el estadio del equipo de b\u00e9isbol de los White Sox.<\/p>\n<p>El recorrido tambi\u00e9n incluye la Universidad de Villanova cerca de Filadelfia, y Port Charlotte (Florida), donde vive el hermano mayor del Papa.<\/p>\n<p>En el documental aparecen unos 30 testimonios de personas que conocieron a Le\u00f3n XIV en su ni\u00f1ez y juventud cuando, por ejemplo, fue a marchar a Washington para apoyar la causa de la defensa de la vida.<\/p>\n<p>Leo from Chicago es el documental que sigue a <a href=\"https:\/\/www.aciprensa.com\/noticias\/114543\/vaticano-estrena-documental-leon-de-peru-sobre-el-papa-leon-xiv\" rel=\"noopener noreferrer nofollow\" target=\"_blank\"><strong>Le\u00f3n de Per\u00fa, presentado en junio, sobre los a\u00f1os del Papa en el pa\u00eds<\/strong> <\/a>sudamericano.<\/p>\n<p>                    <a href=\"https:\/\/www.aciprensa.com\/autor\/2\/walter-sanchez-silva\" rel=\"nofollow noopener\" target=\"_blank\"><br \/>\n                      <img decoding=\"async\" alt=\"Walter S\u00e1nchez Silva\" src=\"https:\/\/www.europesays.com\/es\/wp-content\/uploads\/2025\/11\/1762659850_387_WalterSanchesilva.jpg\"\/><br \/>\n                    <\/a><\/p>\n<p>\n                    <b>Walter S\u00e1nchez Silva<\/b> <br \/>Soy esposo desde 2008. Con mi esposa tenemos tres hijos aqu\u00ed y uno que se fue al cielo en 2023, antes de nacer. Desde que me incorpor\u00e9 a ACI Prensa en 2005, he tenido la oportunidad de cubrir diversos eventos de la Iglesia Cat\u00f3lica. Entre ellos, las Jornadas Mundiales de la Juventud en Colonia, Madrid y R\u00edo de Janeiro y los viajes apost\u00f3licos del Papa Benedicto XVI a M\u00e9xico y del Papa Francisco a Corea del Sur. He sido enviado al Vaticano para cubrir los s\u00ednodos de la Familia, en 2015; de la Amazon\u00eda, en 2019 y el de la Sinodalidad, en 2023. Sigo de cerca la situaci\u00f3n de la Iglesia Cat\u00f3lica en Nicaragua, que sufre la persecuci\u00f3n de la dictadura de Daniel Ortega, as\u00ed como la actualidad eclesial en la regi\u00f3n.\n                  <\/p>\n","protected":false},"excerpt":{"rendered":"Por Walter S\u00e1nchez Silva 8 de noviembre de 202511:04 a. m. Nov. 8, 202511:04 a. m. El Vaticano&hellip;\n","protected":false},"author":2,"featured_media":226123,"comment_status":"","ping_status":"","sticky":false,"template":"","format":"standard","meta":{"footnotes":""},"categories":[169],"tags":[18462,177,6084,146,147,25,24,176,59678,175,8388,400,23,59677,403],"class_list":{"0":"post-226122","1":"post","2":"type-post","3":"status-publish","4":"format-standard","5":"has-post-thumbnail","7":"category-cine","8":"tag-chicago","9":"tag-cine","10":"tag-documental","11":"tag-entertainment","12":"tag-entretenimiento","13":"tag-es","14":"tag-espana","15":"tag-film","16":"tag-leon-de-peru","17":"tag-movies","18":"tag-noticias-catolicas","19":"tag-papa-leon-xiv","20":"tag-spain","21":"tag-vatican-news","22":"tag-vaticano"},"share_on_mastodon":{"url":"https:\/\/pubeurope.com\/@es\/115517683569376751","error":""},"_links":{"self":[{"href":"https:\/\/www.europesays.com\/es\/wp-json\/wp\/v2\/posts\/226122","targetHints":{"allow":["GET"]}}],"collection":[{"href":"https:\/\/www.europesays.com\/es\/wp-json\/wp\/v2\/posts"}],"about":[{"href":"https:\/\/www.europesays.com\/es\/wp-json\/wp\/v2\/types\/post"}],"author":[{"embeddable":true,"href":"https:\/\/www.europesays.com\/es\/wp-json\/wp\/v2\/users\/2"}],"replies":[{"embeddable":true,"href":"https:\/\/www.europesays.com\/es\/wp-json\/wp\/v2\/comments?post=226122"}],"version-history":[{"count":0,"href":"https:\/\/www.europesays.com\/es\/wp-json\/wp\/v2\/posts\/226122\/revisions"}],"wp:featuredmedia":[{"embeddable":true,"href":"https:\/\/www.europesays.com\/es\/wp-json\/wp\/v2\/media\/226123"}],"wp:attachment":[{"href":"https:\/\/www.europesays.com\/es\/wp-json\/wp\/v2\/media?parent=226122"}],"wp:term":[{"taxonomy":"category","embeddable":true,"href":"https:\/\/www.europesays.com\/es\/wp-json\/wp\/v2\/categories?post=226122"},{"taxonomy":"post_tag","embeddable":true,"href":"https:\/\/www.europesays.com\/es\/wp-json\/wp\/v2\/tags?post=226122"}],"curies":[{"name":"wp","href":"https:\/\/api.w.org\/{rel}","templated":true}]}}