{"id":226138,"date":"2025-11-09T04:00:11","date_gmt":"2025-11-09T04:00:11","guid":{"rendered":"https:\/\/www.europesays.com\/es\/226138\/"},"modified":"2025-11-09T04:00:11","modified_gmt":"2025-11-09T04:00:11","slug":"ibon-navarro-lo-importante-es-como-vamos-a-aprender-de-esto","status":"publish","type":"post","link":"https:\/\/www.europesays.com\/es\/226138\/","title":{"rendered":"Ibon Navarro: \u00abLo importante es c\u00f3mo vamos a aprender de esto\u00bb"},"content":{"rendered":"<p><a class=\"v-mdl-ath__fig-a\" href=\"https:\/\/www.diariosur.es\/autor\/nacho-carmona-6652.html\" title=\"Nacho Carmona\" rel=\"nofollow noopener\" target=\"_blank\"><br \/>\n<img decoding=\"async\" class=\"v-mdl-ath__img\" src=\"https:\/\/www.europesays.com\/es\/wp-content\/uploads\/2025\/10\/autor-6652-foto-1.jpeg\" alt=\"Nacho Carmona\"\/><br \/>\n<\/a><\/p>\n<p class=\"v-mdl-ath__p v-mdl-ath__p--6\">\nS\u00e1bado, 8 de noviembre 2025, 23:32<\/p>\n<p class=\"v-p\">Ibon Navarro reconoci\u00f3 el buen hacer de su rival y, lejos de poner excusas, abog\u00f3 por tratar de aprender de este &#8216;palo&#8217;. As\u00ed fue su  &#8230; valoraci\u00f3n del partido, huyendo de las excusas y cargada de sinceridad: \u00abFelicitar a Morabanc Andorra por la victoria y por el partido que han hecho, lleno de energ\u00eda y agresividad. Han dominado todas las facetas relacionadas con la energ\u00eda y la intensidad. Para nosotros era muy importante controlar el primer cuarto y ha sido muy malo. Hemos estado muy blandos todo el partido, pero el term\u00f3metro se ha puesto muy bajo en los primeros cinco minutos. Ellos han crecido desde la confianza. Creo que han hecho 8\/10 en triples en el primer cuarto, algunos por falta de concentraci\u00f3n. En el segundo cuarto, en los dos \u00faltimos minutos hemos tomado malas decisiones y no hemos tenido equilibrio. No hemos sido capaces de rebajar esa diferencia de 16 puntos en el tercer cuarto\u00bb.<\/p>\n<p class=\"v-p\">Ahora lo importante ser\u00e1 canalizar la frustraci\u00f3n y convertirlo en algo que resulte productivo. \u00abPara los chicos no ha sido f\u00e1cil recibir este varapalo en el campo. Ya hemos vivido experiencias como estas en el pasado y lo importante no es lo que pasa, sino c\u00f3mo vamos a reaccionar y c\u00f3mo vamos a aprender de esto\u00bb, dijo.<\/p>\n<p class=\"v-p\">Preguntado por si se esperaba esto, ante un rival en descenso, contest\u00f3: \u00abEra el \u00fanico que pod\u00eda esperar una cosa as\u00ed, pero el potencial lo tienen. Han hecho &#8216;clic&#8217; en defensa y han sido s\u00f3lidos. No hemos encontrado la manera de responder a esta intensidad y a esta energ\u00eda. Antes estaban tensos. Le tienen que dar continuidad\u00bb.<\/p>\n<p class=\"v-crt__t\"> L\u00edmite de sesiones alcanzadas<\/p>\n<p class=\"v-crt__p\">El acceso al contenido Premium est\u00e1 abierto por cortes\u00eda del establecimiento donde te encuentras, pero ahora mismo hay demasiados usuarios conectados a las vez.<\/p>\n<p class=\"v-crt__p\">Por favor, int\u00e9ntalo pasados unos minutos.<\/p>\n<p>\nVolver a intentar\n<\/p>\n<p class=\"v-crt__t\">Sesi\u00f3n cerrada<\/p>\n<p class=\"v-crt__p\">Al iniciar sesi\u00f3n desde un dispositivo distinto, por seguridad, se cerr\u00f3 la \u00faltima sesi\u00f3n en este.<\/p>\n<p class=\"v-crt__p\">Para continuar disfrutando de su suscripci\u00f3n digital, inicie sesi\u00f3n en este dispositivo.<\/p>\n<p>\nEste contenido es exclusivo para suscriptores\n<\/p>\n<p class=\"text\">\u00bfTienes una suscripci\u00f3n? <a href=\"https:\/\/secure.diariosur.es\/identidad\/inicio#vca=suscribete&amp;vso=diariosur&amp;vmc=on&amp;vli=cdn-ce-link-login\" class=\"login\" data-voc-vtm-id=\"comienzoSuscripcionON\" data-voc-vtm-info=\"cdn-ce-link-login\" rel=\"nofollow noopener\" target=\"_blank\">Inicia sesi\u00f3n<\/a><\/p>\n<p>Reporta un error<\/p>\n","protected":false},"excerpt":{"rendered":"S\u00e1bado, 8 de noviembre 2025, 23:32 Ibon Navarro reconoci\u00f3 el buen hacer de su rival y, lejos de&hellip;\n","protected":false},"author":2,"featured_media":226139,"comment_status":"","ping_status":"","sticky":false,"template":"","format":"standard","meta":{"footnotes":""},"categories":[269],"tags":[6936,299,298,168,25,24,27856,908,3403,23,167,4709],"class_list":{"0":"post-226138","1":"post","2":"type-post","3":"status-publish","4":"format-standard","5":"has-post-thumbnail","7":"category-baloncesto","8":"tag-aprender","9":"tag-baloncesto","10":"tag-basketball","11":"tag-deportes","12":"tag-es","13":"tag-espana","14":"tag-ibon","15":"tag-importante","16":"tag-navarro","17":"tag-spain","18":"tag-sports","19":"tag-vamos"},"share_on_mastodon":{"url":"https:\/\/pubeurope.com\/@es\/115517746575377097","error":""},"_links":{"self":[{"href":"https:\/\/www.europesays.com\/es\/wp-json\/wp\/v2\/posts\/226138","targetHints":{"allow":["GET"]}}],"collection":[{"href":"https:\/\/www.europesays.com\/es\/wp-json\/wp\/v2\/posts"}],"about":[{"href":"https:\/\/www.europesays.com\/es\/wp-json\/wp\/v2\/types\/post"}],"author":[{"embeddable":true,"href":"https:\/\/www.europesays.com\/es\/wp-json\/wp\/v2\/users\/2"}],"replies":[{"embeddable":true,"href":"https:\/\/www.europesays.com\/es\/wp-json\/wp\/v2\/comments?post=226138"}],"version-history":[{"count":0,"href":"https:\/\/www.europesays.com\/es\/wp-json\/wp\/v2\/posts\/226138\/revisions"}],"wp:featuredmedia":[{"embeddable":true,"href":"https:\/\/www.europesays.com\/es\/wp-json\/wp\/v2\/media\/226139"}],"wp:attachment":[{"href":"https:\/\/www.europesays.com\/es\/wp-json\/wp\/v2\/media?parent=226138"}],"wp:term":[{"taxonomy":"category","embeddable":true,"href":"https:\/\/www.europesays.com\/es\/wp-json\/wp\/v2\/categories?post=226138"},{"taxonomy":"post_tag","embeddable":true,"href":"https:\/\/www.europesays.com\/es\/wp-json\/wp\/v2\/tags?post=226138"}],"curies":[{"name":"wp","href":"https:\/\/api.w.org\/{rel}","templated":true}]}}