{"id":22614,"date":"2025-08-03T11:09:12","date_gmt":"2025-08-03T11:09:12","guid":{"rendered":"https:\/\/www.europesays.com\/es\/22614\/"},"modified":"2025-08-03T11:09:12","modified_gmt":"2025-08-03T11:09:12","slug":"biotzatarrak-cumple-40-anos","status":"publish","type":"post","link":"https:\/\/www.europesays.com\/es\/22614\/","title":{"rendered":"Biotzatarrak cumple 40 a\u00f1os"},"content":{"rendered":"<p>\n        Los cumplea\u00f1os siempre dan pie al recuerdo de vivencias. En este caso son <strong>40 a\u00f1os que han dado para muchas historias<\/strong> que estar\u00e1n para siempre en la memoria de todos los m\u00fasicos que en alg\u00fan momento han pasado por las filas de la <strong>fanfarre Biotzatarrak<\/strong>, el principal grupo de animaci\u00f3n del <a href=\"https:\/\/www.noticiasdealava.eus\/baskonia\/\" title=\"Baskonia\" class=\"link copy\" rel=\"nofollow noopener\" target=\"_blank\">Baskonia<\/a>.\n<\/p>\n<p class=\"article-body__text \">\n        Tras alcanzar este efem\u00e9ride tan especial, la agrupaci\u00f3n se halla en plena celebraci\u00f3n con diferentes actos. Y es que <strong>no todos los d\u00edas una fanfarre llega a esta edad<\/strong>, algo que l\u00f3gicamente genera mucha ilusi\u00f3n, en especial a los que llevan desde el nacimiento de Biotzatarrak.\u00a0\n<\/p>\n<p class=\"article-body__text \">\n        Uno de ellos es <strong>I\u00f1aki Ruiz de Vi\u00f1aspre<\/strong>, quien despu\u00e9s de tantos a\u00f1os piensa que la fanfarre es parte de su vida. \u201cLlevo m\u00e1s tiempo dentro que fuera de la fanfarre, ya que entr\u00e9 con 13 a\u00f1os y ahora tengo 54. <strong>He estado toda mi vida dentro y es mi familia.<\/strong> Mis amigos se han convertido en una parte de mi vida de la que no me puedo desprender. Es mi afici\u00f3n, me divierto y diviertes a la gente que te rodea con tu m\u00fasica\u201d.\u00a0\n<\/p>\n<p>            <a href=\"https:\/\/www.noticiasdealava.eus\/baskonia\/2025\/02\/11\/baskonistas-fiesta-baloncesto-copa-del-rey-biotzatarrak-gran-canaria-9265680.html\" title=\"Baskonistas en la fiesta del baloncesto\" class=\"new__media\" rel=\"nofollow noopener\" target=\"_blank\"><\/p>\n<p>                <img alt=\"Baskonistas en la fiesta del baloncesto\" data-src=\"https:\/\/www.europesays.com\/es\/wp-content\/uploads\/2025\/08\/9bf2acf5-876a-4c18-960f-621d8ba39c09_16-9-aspect-ratio_default_0.jpg\" class=\"lozad\"\/><\/p>\n<p>        <\/a><\/p>\n<p>        <a href=\"https:\/\/www.noticiasdealava.eus\/baskonia\/2025\/02\/11\/baskonistas-fiesta-baloncesto-copa-del-rey-biotzatarrak-gran-canaria-9265680.html\" title=\"Baskonistas en la fiesta del baloncesto\" class=\"new__headline\" rel=\"nofollow noopener\" target=\"_blank\"><br \/>\n            Baskonistas en la fiesta del baloncesto<br \/>\n        <\/a><\/p>\n<p class=\"article-body__text \">\n        I\u00f1aki, tambi\u00e9n apodado como el \u201cBanano\u201d, explica que jam\u00e1s olvidar\u00e1 c\u00f3mo fue el nacimiento de la fanfarre. \u201cTodo empez\u00f3 cuando una agrupaci\u00f3n musical llamada Zaleak, en la que tocaba Mikel Arredondo (compa\u00f1ero del colegio), dej\u00f3 su actividad y se quedaron instrumentos disponibles. Entonces, <strong>entre unos amigos de clase y otros que nos conoc\u00edamos de jugar a f\u00fatbol y baloncesto en Corazonistas, propusieron crear una fanfarre. <\/strong>Con muchas ganas empezamos la aventura, y fuimos a la casa donde estaban los instrumentos para que cada uno eligiera uno\u201d, evoca.\n<\/p>\n<p class=\"article-body__text \">\n        Este jovial m\u00fasico rememora entre risas que \u201cyo quise coger el tromb\u00f3n de varas, pero como era peque\u00f1o no me daba el brazo para estirar la vara y hacer todas las notas, y al final me decant\u00e9 por el bombardino\u201d. I\u00f1aki toca ahora la trompeta, pero tambi\u00e9n hace memoria y admite que<strong> \u201ccuando se cre\u00f3 Biotzatarrak, la mayor\u00eda tan solo hab\u00edamos tocado la flauta en el colegio<\/strong>, pero ah\u00ed hab\u00eda instrumentos m\u00e1s complejos como trombones, saxofones, trompetas o bombardinos. Nos junt\u00e1bamos en un local en los bajos del colegio y ah\u00ed ensay\u00e1bamos. <strong>S\u00f3lo hab\u00eda uno o dos que sab\u00edan de m\u00fasica.<\/strong> La verdad es que no me acuerdo ni de c\u00f3mo aprendimos las notas\u201d.\n<\/p>\n<p>  Nuevos integrantes <\/p>\n<p class=\"article-body__text \">\n        Por su parte, <strong>Asier Pascual<\/strong>, a quien todo el mundo llama Pako, empez\u00f3 con 11 a\u00f1os en el 85, justo despu\u00e9s del verano en el que se cre\u00f3 la fanfarre. \u201cPusieron un cartel en el que pon\u00eda que necesitaban m\u00e1s componentes y mi hermano y yo, que est\u00e1bamos estudiando solfeo, nos apuntamos. <strong>Empec\u00e9 con el clarinete, con el que estuve 10 a\u00f1os, y luego me pas\u00e9 al tromb\u00f3n de pistones<\/strong> que se hab\u00eda quedado libre\u201d.\u00a0\n<\/p>\n<p class=\"article-body__text \">\n        Al a\u00f1o siguiente, en el 96, la fanfarre gan\u00f3 otra integrante como <strong>Mireya Mart\u00edn<\/strong>, alias \u201cMitx\u201d. \u201cMe encontr\u00e9 con la fanfarre que estaba celebrando un triunfo de Baskonia y me comentaron de ir a ensayar y probar con los platillos, que en ese momento estaban libres. Entonces <strong>fui a ensayar un s\u00e1bado a Corazonistas, y ah\u00ed sigo hasta el d\u00eda de hoy\u201d.<\/strong>\n<\/p>\n<p class=\"article-photo__footer\">\n            Imagen de 1985 en el colegio Corazonistas cuando la fanfarre ech\u00f3 a andar.            Fanfarre Biotzatarrak        <\/p>\n<p class=\"article-body__text \">\n        <strong>Con el transcurso del tiempo, Biotzatarrak fue haci\u00e9ndose un nombre.<\/strong> \u201cSe empez\u00f3 a formalizar cuando nos dijeron de ir a tocar a los campamentos del colegio, que fue nuestra primera actuaci\u00f3n\u201d, desvela Banano, quien destaca que les sali\u00f3 <strong>la oportunidad de tocar en fiestas de Vitoria con la cuadrilla Bereziak. <\/strong>\u201cEn ese momento tuvimos que empezar a ensayar mucho, y tuvimos ayuda de m\u00fasicos de fuera que ten\u00edan experiencia en otras fanfarres y vinieron a echarnos una mano\u201d.\u00a0\n<\/p>\n<p class=\"article-body__text \">\n        A Pako tambi\u00e9n le viene a la mente el a\u00f1o 1994 cuando se celebr\u00f3 <strong>el Mundial de baloncesto en Toronto.<\/strong> \u201cLa Federaci\u00f3n Espa\u00f1ola nos invit\u00f3 a ir all\u00ed. Entonces no hab\u00eda animaci\u00f3n musical en los partidos, como hay ahora, fuimos un poco pioneros y les gust\u00f3 la idea de lo que se hac\u00eda en el Baskonia. Hab\u00eda presupuesto para cuatro miembros y all\u00ed fuimos un bombo, un tromb\u00f3n, una trompeta y un saxo. <strong>Fue una experiencia incre\u00edble<\/strong>\u201d, rememora.\n<\/p>\n<p class=\"article-body__text \">\n        El destino existe o eso debe pensar <strong>Marta Correal<\/strong> (Wilma), quien entr\u00f3 en Biotzatarrak por casualidad. \u201cLlevaba muchos a\u00f1os acudiendo a las Copas del Rey para ver al Baskonia y siempre me juntaba con la charanga porque ten\u00eda amigos dentro.\u00a0Entonces,<strong> en el 2015, el Baskonia no se clasific\u00f3 para Canarias, pero acud\u00ed igual. <\/strong>En la fanfarre solo estaban cinco, hab\u00edan llevado instrumentos y me comentaron que, si quer\u00eda tocar, pod\u00eda hacerlo. Desde entonces estoy con ellos y ya son 10 a\u00f1os. <strong>Desde el primer d\u00eda me lo pas\u00e9 genial con ellos <\/strong>y es algo que se ha repetido desde entonces\u201d, aclara.\n<\/p>\n<p>  Un \u2018fichaje\u2019 sudamericano <\/p>\n<p class=\"article-body__text \">\n        Una de las \u00faltimas incorporaciones de la fanfarre ha sido el colombiano <strong>Juan Camilo<\/strong>, para quien en muy poco tiempo Biotzatarrak se ha convertido en uno de los pilares m\u00e1s importantes de su vida. \u201cEs lo que me ha mantenido ligado a la cultura y a lo que yo soy como m\u00fasico.<strong> Estar en esta agrupaci\u00f3n ha sido la mayor integraci\u00f3n que puede tener una persona en una cultura como esta<\/strong>, que es pertenecer a esta fanfarre, una de las m\u00e1s importantes de Vitoria\u201d.\n<\/p>\n<p class=\"article-body__text \">\n        <strong>A pesar de venir de una cultura diferente, Juan Camilo se ha integrado a la perfecci\u00f3n.<\/strong> \u201cMi proceso musical se asemeja un poco porque yo vengo de una banda de m\u00fasicos de un pueblo, la cual prepara animaciones tanto para el pueblo como para la ciudad, con tem\u00e1tica religiosa o festiva. En ese sentido es algo similar. Luego cambi\u00e9 un poco cuando me fui a Francia a estudiar m\u00fasica cl\u00e1sica, pero al final<strong> la necesidad de pasarlo bien, de disfrutar, de ambientar y de unirse con el p\u00fablico ha sido una experiencia similar a lo que ya conoc\u00eda<\/strong>\u201d, enfatiza.\n<\/p>\n<p class=\"article-photo__footer\">\n            Miembros de la fanfarre Biotzatarrak en las fiestas del a\u00f1o 2015.            DNA        <\/p>\n<p class=\"article-body__text \">\n        Con experiencia tambi\u00e9n en m\u00fasica cl\u00e1sica, Juan Camilo reconoce que \u201ctrabajar en grupo puede permitir a la gente hacer m\u00fasica y disfrutar de ella, m\u00e1s all\u00e1 de sentarse en un conservatorio a estudiar y no tocar con nadie\u201d. Por eso mismo, tambi\u00e9n indica que a pesar de su breve estancia en Vitoria,<strong> \u201cBiotzatarrak es mi familia y ya he conocido a las personas que considero mi <\/strong><strong>aita <\/strong><strong>u <\/strong><strong>osaba<\/strong><strong>\u201d.<\/strong>\n<\/p>\n<p class=\"article-body__text \">\n        En cuanto a an\u00e9cdotas, ninguno de ellos tiene claro con cu\u00e1l quedarse. Por ejemplo, a Pako le viene a la mente<strong> la Final Four de Mosc\u00fa en 2005 <\/strong>cuando el Baskonia se impuso contra todo pron\u00f3stico en la primera semifinal al todopoderoso CSKA. \u201cEl segundo d\u00eda se picaron y <strong>nos pusieron muchas pegas para poder meter los instrumentos y poder tocar dentro del pabell\u00f3n. <\/strong>Se arm\u00f3 un revuelo bastante importante porque el primer d\u00eda no tuvimos ning\u00fan tipo de problema y el segundo todo lo contrario, solo porque les hab\u00edamos ganado\u201d.\u00a0\n<\/p>\n<p class=\"article-body__text \">\n        Adem\u00e1s, tiene otra an\u00e9cdota de aquella experiencia en Mosc\u00fa. \u201cDentro del pabell\u00f3n me qued\u00e9 un poco rezagado y tuve que atravesar una grada llena de aficionados israelitas de amarillo, y yo de rojo con una peluca llamativa y el tromb\u00f3n\u201d. Eso s\u00ed, Pako tiene claro que <strong>\u201cla mayor\u00eda de recuerdos son de viajes y lugares en los que no hubiera so\u00f1ado estar, y eso ha sido todo gracias a la fanfarre\u201d<\/strong>.\n<\/p>\n<p class=\"article-body__text \">\n        Por ejemplo, a Mireya le viene a la cabeza una r\u00e9plica de <strong>la bajada de Celed\u00f3n.<\/strong> \u201cFue un d\u00eda de fiestas, con un mu\u00f1eco y desde otra zona a la habitual; es cierto que mis padres estaban all\u00ed ese d\u00eda y eso me dio mucha ternura\u201d.\n<\/p>\n<p>  En crecimiento constante<\/p>\n<p class=\"article-body__text \">\n        Aunque la fanfarre haya cumplido la friolera de 40 a\u00f1os,<strong> \u201chay mucha variedad de edades, pensamientos e ideas y creo que damos una muy buena acogida a todo el que quiera venir\u201d<\/strong>, puntualiza I\u00f1aki, para quien\u00a0\u201c<strong>lo imprescindible para venir a Biotzatarrak es que hay que tener ganas de divertirse, de animar y de darlo todo<\/strong> para que la gente se entretenga con nosotros\u201d.\u00a0\n<\/p>\n<p class=\"article-body__text \">\n        Sin embargo, algo rese\u00f1able en lo que coinciden todos los integrantes de Biotzatarrak es que \u201cnos diferenciamos del resto que<strong> no tocamos por dinero<\/strong>, es decir, que no tenemos un beneficio econ\u00f3mico individual por cada actuaci\u00f3n\u201d.\n<\/p>\n<p class=\"article-photo__footer\">\n            Integrantes de fanfarre Biotzatarrak en los aleda\u00f1os del Buesa en 2021.            DNA        <\/p>\n<p class=\"article-body__text \">\n        \u201cDesde el comienzo todos hemos tenido la misma visi\u00f3n de lo que quer\u00edamos para la fanfarre, es decir, <strong>tener un lugar para divertirnos sin importar el dinero.<\/strong> Esa creo que ha sido una de las claves, no dar prioridad al dinero, sino al grupo humano y al pas\u00e1rnoslo bien\u201d, detalla Pako.\u00a0\n<\/p>\n<p class=\"article-body__text \">\n        En la misma l\u00ednea se expresa Mireya cuando es cuestionada por este asunto. \u201cCuando la gente entra en esa din\u00e1mica no hace falta explicar nada, y ya nos va conociendo.<strong> Somos una fanfarre tan dispar y bien avenida que es muy raro que alguien que pruebe no se quiera quedar.<\/strong> De momento nadie ha salido huyendo\u201d, admite sin tapujos.\n<\/p>\n<p class=\"article-body__text \">\n        Adem\u00e1s, cuando se argumenta que <strong>Biotzatarrak es una familia, en algunos casos es de forma literal.<\/strong> De hecho, Mireya y Asier son pareja y sus dos hijos ya forman parte de la txaranga. \u201cLa verdad es que han entrado incluso m\u00e1s j\u00f3venes que yo (risas). Los peques han estado escuchando a la fanfarre desde que estaban en la tripa de su madre y ha sido un proceso muy natural porque han ido viniendo a las actuaciones o a los ensayos. Al estar los dos miembros de la pareja en la fanfarre, ha resultado inevitable\u201d, admite Asier.\u00a0\n<\/p>\n<p class=\"article-body__text \">\n        Por su parte, Pako tambi\u00e9n se ve reflejado en esta pareja. <strong>\u201cMe hace mucha ilusi\u00f3n que mi hijo est\u00e9 en la fanfarre, y si se lo pasa la mitad de bien de lo que lo he hecho yo, me dar\u00eda por satisfecho\u201d.\u00a0<\/strong>\n<\/p>\n<p class=\"article-photo__footer\">\n            Una imagen m\u00e1s reciente de la fanfarre baskonista, tambi\u00e9n en Corazonistas.            Fanfarre Biotzatarrak        <\/p>\n<p class=\"article-body__text \">\n        A juicio de Mireya, \u201ctener a mi pareja dentro de la fanfarre y haber formado una familia que tambi\u00e9n se interesa por la m\u00fasica es algo muy bonito; por eso <strong>la m\u00fasica siempre ir\u00e1 unida a m\u00ed<\/strong>\u201d.\n<\/p>\n<p class=\"article-body__text \">\n        Al final, la familia de Biotzatarrak ha ido evolucionando a la vez que lo hac\u00edan sus integrantes. \u201cAl empezar tan j\u00f3venes, hemos ido creciendo poco a poco y madurando a la vez que lo hac\u00edamos como personas. Yo ten\u00eda 11 a\u00f1os, pero los m\u00e1s mayores tan solo 3 a\u00f1os m\u00e1s que yo, as\u00ed que con esa edad todav\u00eda no sabes nada de la vida.<strong> La fanfarre nos ha ayudado a crecer como personas y como grupo<\/strong>\u201d, subraya Pako.\n<\/p>\n<p class=\"article-body__text \">\n        <strong>Los motes son numerosos dentro de la fanfarre<\/strong> tras tantos a\u00f1os de convivencia y partidos en el Buesa Arena. \u201cHa sido algo que ha ido surgiendo con el paso del tiempo, ya que pasas muchas horas con ese grupo de personas y esos motes han ido saliendo de situaciones c\u00f3micas o an\u00e9cdotas. Eso es <strong>s\u00edntoma de la clara complicidad<\/strong> que hay entre todos\u201d, recalca Mireya.\u00a0\n<\/p>\n<p class=\"article-body__text \">\n        \u201cEn la fanfarre se acepta a todo aquel que quiera entrar con buen ambiente. <strong>Todos vamos aprendiendo sobre la marcha <\/strong>y unos de otros, tanto musicalmente como de personalidad. Hay <strong>muy buena relaci\u00f3n dentro de la fanfarre<\/strong>, tanto de amistad como de parejas y eso hace que seamos una familia para el d\u00eda a d\u00eda\u201d, recalca Marta, apodada Wilma y la encargada de los platillos.\u00a0\n<\/p>\n<p class=\"article-photo__footer\">\n            Miembros de la fanfarre del Baskonia reunidos en el 2016.            DNA        <\/p>\n<p class=\"article-body__text \">\n        En su caso, quiere dejar claro que \u201cestoy muy contenta de pertenecer a este grupo que <strong>me aporta much\u00edsimo tanto a nivel musical como a nivel humano<\/strong> y espero que dure muchos a\u00f1os m\u00e1s\u201d.\n<\/p>\n<p class=\"article-body__text \">\n        Aunque Juan Camilo lleve poco tiempo, ya tiene un mote, si bien prefiere reservarlo para \u00e9l. \u201cBiotzatarrak no es un grupo musical, <strong>es una familia <\/strong>y el grupo tiene motes para cada uno de los miembros. Es como la forma de dar la bienvenida y eso es una parte de integraci\u00f3n. Siento que estoy dentro del grupo y que van a estar para m\u00ed siempre\u201d.\n<\/p>\n<p class=\"article-body__text \">\n        Lo que est\u00e1 claro es que tras 40 a\u00f1os de muchas actuaciones, vivencias e historias, la fanfarre ha cambiado la vida de muchas personas. \u201cEntrar en Biotzatarrak es algo de lo que<strong> no me arrepentir\u00e9 nunca. <\/strong>Siempre digo que<strong> si vuelvo a nacer, me volver\u00eda a meter sin ninguna duda<\/strong> en una fanfarre porque ha sido una experiencia muy satisfactoria\u201d, enfatiza Pako.\n<\/p>\n<p class=\"article-body__text \">\n        Para I\u00f1aki, esta fanfarre \u201ces parte de nuestra esencia, tenemos a los amigos de toda la vida y es nuestra manera de pasar buenos ratos, por lo que <strong>la intenci\u00f3n es seguir con ello durante muchos a\u00f1os\u201d.<\/strong><\/p>\n","protected":false},"excerpt":{"rendered":"Los cumplea\u00f1os siempre dan pie al recuerdo de vivencias. En este caso son 40 a\u00f1os que han dado&hellip;\n","protected":false},"author":2,"featured_media":22615,"comment_status":"","ping_status":"","sticky":false,"template":"","format":"standard","meta":{"footnotes":""},"categories":[269],"tags":[11499,988,299,298,4714,13254,7677,168,25,24,13253,23,167],"class_list":{"0":"post-22614","1":"post","2":"type-post","3":"status-publish","4":"format-standard","5":"has-post-thumbnail","7":"category-baloncesto","8":"tag-11499","9":"tag-anos","10":"tag-baloncesto","11":"tag-basketball","12":"tag-baskonia","13":"tag-biotzatarrak","14":"tag-cumple","15":"tag-deportes","16":"tag-es","17":"tag-espana","18":"tag-fanfarre","19":"tag-spain","20":"tag-sports"},"share_on_mastodon":{"url":"","error":""},"_links":{"self":[{"href":"https:\/\/www.europesays.com\/es\/wp-json\/wp\/v2\/posts\/22614","targetHints":{"allow":["GET"]}}],"collection":[{"href":"https:\/\/www.europesays.com\/es\/wp-json\/wp\/v2\/posts"}],"about":[{"href":"https:\/\/www.europesays.com\/es\/wp-json\/wp\/v2\/types\/post"}],"author":[{"embeddable":true,"href":"https:\/\/www.europesays.com\/es\/wp-json\/wp\/v2\/users\/2"}],"replies":[{"embeddable":true,"href":"https:\/\/www.europesays.com\/es\/wp-json\/wp\/v2\/comments?post=22614"}],"version-history":[{"count":0,"href":"https:\/\/www.europesays.com\/es\/wp-json\/wp\/v2\/posts\/22614\/revisions"}],"wp:featuredmedia":[{"embeddable":true,"href":"https:\/\/www.europesays.com\/es\/wp-json\/wp\/v2\/media\/22615"}],"wp:attachment":[{"href":"https:\/\/www.europesays.com\/es\/wp-json\/wp\/v2\/media?parent=22614"}],"wp:term":[{"taxonomy":"category","embeddable":true,"href":"https:\/\/www.europesays.com\/es\/wp-json\/wp\/v2\/categories?post=22614"},{"taxonomy":"post_tag","embeddable":true,"href":"https:\/\/www.europesays.com\/es\/wp-json\/wp\/v2\/tags?post=22614"}],"curies":[{"name":"wp","href":"https:\/\/api.w.org\/{rel}","templated":true}]}}