{"id":226140,"date":"2025-11-09T04:01:12","date_gmt":"2025-11-09T04:01:12","guid":{"rendered":"https:\/\/www.europesays.com\/es\/226140\/"},"modified":"2025-11-09T04:01:12","modified_gmt":"2025-11-09T04:01:12","slug":"las-palabras-de-ibon-navarro-tras-la-derrota-del-unicaja-malaga-ante-el-morabanc-andorra","status":"publish","type":"post","link":"https:\/\/www.europesays.com\/es\/226140\/","title":{"rendered":"Las palabras de Ibon Navarro tras la derrota del Unicaja M\u00e1laga ante el MoraBanc Andorra"},"content":{"rendered":"<p><strong>Ibon Navarro\u00a0<\/strong>compareci\u00f3 en rueda de prensa despu\u00e9s de la contundente derrota sufrida por el Unicaja M\u00e1laga en su visita a la cancha del MoraBanc Andorra por <strong>98 a 74<\/strong>.<\/p>\n<p><a href=\"https:\/\/www.gigantes.com\/liga-endesa\/jornada-6-acb-resultados-resumen\/\" rel=\"nofollow noopener\" target=\"_blank\">\u00bfQu\u00e9 ha pasado en la jornada 6 de la Liga Endesa? Resultados y lo m\u00e1s destacado<\/a><\/p>\n<p>Estas fueron las palabras de Ibon Navarro en rueda de prensa:<\/p>\n<p>\u00abFelicitar al MoraBanc Andorra por la victoria, no solo por la victoria, por el partido que han hecho. Lleno de energ\u00eda, intensidad, acierto, agresividad a campo abierto en el rebote\u2026 han dominado todas las facetas relacionadas con la energ\u00eda y la intensidad. <\/p>\n<p>Para nosotros era b\u00e1sico empezar bien el partido y con intensidad en el primer cuarto, muy importante para controlar esa energ\u00eda del rival en su cancha tras los \u00faltimos partidos y ha sido muy mala. Hemos estado muy blandos todo el partido pero el term\u00f3metro se ha puesto muy bajo en los primeros 5 minutos. Hemos ido a intercambiar canastas con ellos y han crecido desde la confianza con un 8\/10 en triples, algunos de ellos con falta de concentraci\u00f3n o llegando con manos bajas. Sin ning\u00fan tipo de concentraci\u00f3n ni energ\u00eda. En el segundo cuarto nos hemos puesto a 8-10 puntos, pero los \u00faltimos minutos, sobre todo los dos \u00faltimos, han sido otra vez muy malo en la toma de decisiones ni con equilibrio en el juego. Han cogido la diferencia de 16 puntos que no hemos sido en ning\u00fan momento capaces de rebajar en la segunda mitad. <\/p>\n<p>Es dif\u00edcil estar en el campo y estar recibiendo este varapalo. Para nosotros es\u2026 ya hemos vivido experiencias como estas en el pasado y lo importante no es lo que pasa que ya ha pasado, sino c\u00f3mo vamos a reaccionar y qu\u00e9 vamos a aprender de esto.<\/p>\n<p>Yo era el \u00fanico que esperaba una cosa as\u00ed. El potencial est\u00e1 ah\u00ed y siempre he dicho que los equipos de Joan Plaza cuando hacen \u00abclick\u00bb en defensa son equipos muy s\u00f3lidos y desde ah\u00ed han ganado confianza y son un equipo con muy buenos porcentajes de 3. El problema va a ser que solo han metido 14 canastas de 2 pero hoy eso ha cambiado. Han metido intensidad, agresividad, energ\u00eda y a nosotros el partido nos ha pasado por encima. No hemos sido capaces de reaccionar.\u00a0<\/p>\n<p>No hemos encontrado la manera de responder, sobre todo a esta intensidad y energ\u00eda. Hay jugadores que necesitan esa chispa para competir pero he repetido varias veces esta semana que ellos ten\u00edan este potencial. Ahora solo tienen que mantenerse as\u00ed\u00bb.<\/p>\n<p style=\"text-align: right;\">acb Photo<\/p>\n<p><img decoding=\"async\" src=\"https:\/\/www.europesays.com\/es\/wp-content\/uploads\/2025\/11\/1762660869_840_mtracking.gif\" alt=\"Etiquetas de Mautic\" style=\"display:none;\"\/><\/p>\n<p><a href=\"https:\/\/www.gigantes.com\/tienda\/hemeroteca\/especial-40-aniversario-gigantes-del-basket-no-1-562-noviembre-2025\/\" rel=\"nofollow noopener\" target=\"_blank\"><img loading=\"lazy\" decoding=\"async\" class=\"aligncenter wp-image-767872 size-large\" src=\"https:\/\/www.europesays.com\/es\/wp-content\/uploads\/2025\/10\/INSTAGRAM-2-2-1024x1024.jpg.webp.webp\" alt=\"\" width=\"680\" height=\"680\"  \/><\/a><\/p>\n<p>\t\t\t\t\t<img loading=\"lazy\" decoding=\"async\" src=\"https:\/\/www.europesays.com\/es\/wp-content\/uploads\/2025\/10\/mano.png\" width=\"60\" height=\"60\" alt=\"Deliza hacia abajo\"\/>Sigue deslizando hacia abajo para ver m\u00e1s contenidos<\/p>\n","protected":false},"excerpt":{"rendered":"Ibon Navarro\u00a0compareci\u00f3 en rueda de prensa despu\u00e9s de la contundente derrota sufrida por el Unicaja M\u00e1laga en su&hellip;\n","protected":false},"author":2,"featured_media":226141,"comment_status":"","ping_status":"","sticky":false,"template":"","format":"standard","meta":{"footnotes":""},"categories":[268],"tags":[168,25,24,280,282,3925,281,23,167,9231],"class_list":{"0":"post-226140","1":"post","2":"type-post","3":"status-publish","4":"format-standard","5":"has-post-thumbnail","7":"category-futbol","8":"tag-deportes","9":"tag-es","10":"tag-espana","11":"tag-football","12":"tag-futbol","13":"tag-morabanc-andorra","14":"tag-soccer","15":"tag-spain","16":"tag-sports","17":"tag-unicaja-malaga"},"share_on_mastodon":{"url":"https:\/\/pubeurope.com\/@es\/115517750310084652","error":""},"_links":{"self":[{"href":"https:\/\/www.europesays.com\/es\/wp-json\/wp\/v2\/posts\/226140","targetHints":{"allow":["GET"]}}],"collection":[{"href":"https:\/\/www.europesays.com\/es\/wp-json\/wp\/v2\/posts"}],"about":[{"href":"https:\/\/www.europesays.com\/es\/wp-json\/wp\/v2\/types\/post"}],"author":[{"embeddable":true,"href":"https:\/\/www.europesays.com\/es\/wp-json\/wp\/v2\/users\/2"}],"replies":[{"embeddable":true,"href":"https:\/\/www.europesays.com\/es\/wp-json\/wp\/v2\/comments?post=226140"}],"version-history":[{"count":0,"href":"https:\/\/www.europesays.com\/es\/wp-json\/wp\/v2\/posts\/226140\/revisions"}],"wp:featuredmedia":[{"embeddable":true,"href":"https:\/\/www.europesays.com\/es\/wp-json\/wp\/v2\/media\/226141"}],"wp:attachment":[{"href":"https:\/\/www.europesays.com\/es\/wp-json\/wp\/v2\/media?parent=226140"}],"wp:term":[{"taxonomy":"category","embeddable":true,"href":"https:\/\/www.europesays.com\/es\/wp-json\/wp\/v2\/categories?post=226140"},{"taxonomy":"post_tag","embeddable":true,"href":"https:\/\/www.europesays.com\/es\/wp-json\/wp\/v2\/tags?post=226140"}],"curies":[{"name":"wp","href":"https:\/\/api.w.org\/{rel}","templated":true}]}}