{"id":226144,"date":"2025-11-09T04:07:17","date_gmt":"2025-11-09T04:07:17","guid":{"rendered":"https:\/\/www.europesays.com\/es\/226144\/"},"modified":"2025-11-09T04:07:17","modified_gmt":"2025-11-09T04:07:17","slug":"el-primer-trailer-de-avengers-doomsday-llegara-antes-de-que-termine-el-ano","status":"publish","type":"post","link":"https:\/\/www.europesays.com\/es\/226144\/","title":{"rendered":"El primer tr\u00e1iler de &#8216;Avengers: Doomsday&#8217; llegar\u00e1 antes de que termine el a\u00f1o"},"content":{"rendered":"<p>2025 ha sido un a\u00f1o muy irregular para Marvel Studios. La compa\u00f1\u00eda de <a href=\"https:\/\/www.ecartelera.com\/personas\/kevin-feige\/\" data-mention-type=\"persona\" data-mention-id=\"12937\" rel=\"nofollow noopener\" target=\"_blank\">Kevin Feige<\/a> ha estrenado tres pel\u00edculas en cines, &#8216;<a href=\"https:\/\/www.ecartelera.com\/peliculas\/captain-america-new-world-order\/\" data-mention-type=\"pelicula\" data-mention-id=\"17358\" rel=\"nofollow noopener\" target=\"_blank\">Capit\u00e1n Am\u00e9rica: Brave New World<\/a>&#8216;, &#8216;<a href=\"https:\/\/www.ecartelera.com\/peliculas\/thunderbolts\/\" data-mention-type=\"pelicula\" data-mention-id=\"17359\" rel=\"nofollow noopener\" target=\"_blank\">Thunderbolts*<\/a>&#8216; y &#8216;<a href=\"https:\/\/www.ecartelera.com\/peliculas\/los-4-fantasticos-marvel-studios\/\" data-mention-type=\"pelicula\" data-mention-id=\"16617\" rel=\"nofollow noopener\" target=\"_blank\">Los 4 Fant\u00e1sticos: Primeros pasos<\/a>&#8216;, de las cuales, <strong>solo la \u00faltima ha superado los 500 millones de d\u00f3lares de recaudaci\u00f3n mundial<\/strong>, y a duras penas. <\/p>\n<p>Teaser anuncio reparto &#8216;Avengers: Doomsday&#8217;<\/p>\n<p><video id=\"vid-35122\" class=\"video-js vjs-default-skin\" data-title=\"Teaser anuncio reparto 'Avengers: Doomsday'\" poster=\"https:\/\/www.ecartelera.com\/images\/videos\/35100\/f35122.jpg\" controls=\"\" preload=\"auto\" width=\"640\" height=\"360\" playsinline=\"\" data-vtt=\"\/\/v1.ecartelera.com\/video\/35100\/35122_sprite.vtt\" data-stream=\"1\">El navegador no soporta el tag de v\u00eddeo.<\/video><\/p>\n<p>X<br \/>\nEn un panorama donde la marca Marvel ya no es tan infalible como hace unos a\u00f1os y muchas nuevas propuestas fallan, <strong>el estudio planea un regreso a lo seguro con &#8216;<a href=\"https:\/\/www.ecartelera.com\/peliculas\/avengers-kang-dynasty\/\" data-mention-type=\"pelicula\" data-mention-id=\"17360\" rel=\"nofollow noopener\" target=\"_blank\">Avengers: Doomsday<\/a>&#8216;, su pr\u00f3ximo gran evento cinematogr\u00e1fico<\/strong>, cuyo estreno en cines est\u00e1 programado para el 18 de diciembre.<\/p>\n<p>Con la fase de rodaje (que ha abarcado de abril a septiembre) ya finalizada, el ambicioso proyecto, que marca el regreso de Anthony y <a href=\"https:\/\/www.ecartelera.com\/personas\/joe-russo\/\" data-mention-type=\"persona\" data-mention-id=\"6340\" rel=\"nofollow noopener\" target=\"_blank\">Joe Russo<\/a> al <a href=\"https:\/\/www.ecartelera.com\/sagas\/universo-marvel\/\" data-mention-type=\"saga\" data-mention-id=\"58\" rel=\"nofollow noopener\" target=\"_blank\">Universo Cinematogr\u00e1fico Marvel<\/a>, cabe preguntarse cu\u00e1ndo podremos ver el primer avance de la pel\u00edcula. Y puede que ya tengamos respuesta. Todav\u00eda queda m\u00e1s de un a\u00f1o para verla en cines, pero <strong>si los rumores son ciertos, la promoci\u00f3n comenzar\u00e1 antes de que se acabe el presente a\u00f1o<\/strong>.<\/p>\n<p>\t\t\t\t\t\t\t<img decoding=\"async\" loading=\"lazy\" src=\"https:\/\/www.europesays.com\/es\/wp-content\/uploads\/2025\/09\/240464_avengers-doomsday-falcon-la-cosa-y-us-agent.jpg\" alt=\"Logo de 'Avengers: Doomsday'\" width=\"1200\" height=\"703\"\/>\t<\/p>\n<p>\t\t\t\t\t\tLogo de &#8216;Avengers: Doomsday&#8217; (Marvel)<br \/>\n\t\t\t\t\t\tLa informaci\u00f3n proviene de Collider, medio a trav\u00e9s del cual los periodistas Ryan O&#8217;Rourke y Steven Weintraub aseguran que, seg\u00fan varias fuentes, <strong>el primer tr\u00e1iler de &#8216;Avengers: Doomsday&#8217; se proyectar\u00e1 junto a &#8216;<a href=\"https:\/\/www.ecartelera.com\/peliculas\/avatar-3\/\" data-mention-type=\"pelicula\" data-mention-id=\"10676\" rel=\"nofollow noopener\" target=\"_blank\">Avatar: Fuego y ceniza<\/a>&#8216;<\/strong>, la gran apuesta de Disney para finales de a\u00f1o. <\/p>\n<p>La tercera entrega de la saga de <a href=\"https:\/\/www.ecartelera.com\/personas\/james-cameron\/\" data-mention-type=\"persona\" data-mention-id=\"1366\" rel=\"nofollow noopener\" target=\"_blank\">James Cameron<\/a> llega el 19 de diciembre a los cines, por lo que el avance de &#8216;Doomsday&#8217; podr\u00eda empezar a verse a partir de ese d\u00eda. De ser cierta la informaci\u00f3n, <strong>se desconoce si el teaser se lanzar\u00e1 simult\u00e1neamente en Internet<\/strong> o permanecer\u00e1 unos d\u00edas en salas de forma exclusiva, aunque esto \u00faltimo es menos probable. En cualquier caso, parece que nuestro primer vistazo a &#8216;Doomsday&#8217; llegar\u00e1 pronto, <strong>iniciando la cuenta atr\u00e1s de un a\u00f1o para el estreno de la pel\u00edcula<\/strong>.<\/p>\n<p>La reuni\u00f3n para acabar con todas las reunionesSi con &#8216;<a href=\"https:\/\/www.ecartelera.com\/peliculas\/vengadores-endgame\/\" data-mention-type=\"pelicula\" data-mention-id=\"8902\" rel=\"nofollow noopener\" target=\"_blank\">Vengadores: Endgame<\/a>&#8216; Marvel marc\u00f3 un antes y un despu\u00e9s en el cine de superh\u00e9roes, orquestando el crossover m\u00e1s \u00e9pico y multitudinario del g\u00e9nero hasta ahora, con &#8216;Doomsday&#8217; pretende subir el list\u00f3n, <strong>comenzando as\u00ed el fin de la Saga del Multiverso, que concluir\u00e1 con &#8216;<a href=\"https:\/\/www.ecartelera.com\/peliculas\/avengers-secret-wars\/\" data-mention-type=\"pelicula\" data-mention-id=\"17361\" rel=\"nofollow noopener\" target=\"_blank\">Avengers: Secret Wars<\/a>&#8216; en 2027<\/strong>. <\/p>\n<p>\t\t\t\t\t\t\t<img decoding=\"async\" loading=\"lazy\" src=\"https:\/\/www.europesays.com\/es\/wp-content\/uploads\/2025\/11\/240946_los-4-fant-sticos-primeros-pasos.jpg\" alt=\"Los 4 Fant\u00e1sticos volver\u00e1n en 'Avengers: Doomsday'\" width=\"1200\" height=\"503\"\/>\t<\/p>\n<p>\t\t\t\t\t\tLos 4 Fant\u00e1sticos volver\u00e1n en &#8216;Avengers: Doomsday&#8217; (Marvel)<br \/>\n\t\t\t\t\t\tLa batalla final de &#8216;Endgame&#8217; reuni\u00f3 en una misma escena a cientos de h\u00e9roes y hero\u00ednas, pero lo que Feige y los Russo est\u00e1n cocinando con &#8216;Doomsday&#8217; va m\u00e1s all\u00e1: un elenco que unir\u00e1 en el mismo film a Los Vengadores, los Thunderbolts (o Nuevos Vengadores), Los 4 Fant\u00e1sticos, los guerreros de Wakanda y los X-Men originales, <strong>todos para enfrentarse al regreso de <a href=\"https:\/\/www.ecartelera.com\/personas\/robert-downey-jr\/\" data-mention-type=\"persona\" data-mention-id=\"750\" rel=\"nofollow noopener\" target=\"_blank\">Robert Downey Jr.<\/a>, esta vez como el villano Doctor Muerte<\/strong>. Y esto es solo lo que sabemos, porque seg\u00fan Feige, quedan muchas sorpresas por desvelar.<\/p>\n","protected":false},"excerpt":{"rendered":"2025 ha sido un a\u00f1o muy irregular para Marvel Studios. La compa\u00f1\u00eda de Kevin Feige ha estrenado tres&hellip;\n","protected":false},"author":2,"featured_media":226145,"comment_status":"","ping_status":"","sticky":false,"template":"","format":"standard","meta":{"footnotes":""},"categories":[169],"tags":[1014,1015,1013,177,1011,146,147,25,24,782,176,1019,1016,175,753,1012,23,1017,1018],"class_list":{"0":"post-226144","1":"post","2":"type-post","3":"status-publish","4":"format-standard","5":"has-post-thumbnail","7":"category-cine","8":"tag-actores","9":"tag-actrices","10":"tag-cartelera","11":"tag-cine","12":"tag-ecartelera","13":"tag-entertainment","14":"tag-entretenimiento","15":"tag-es","16":"tag-espana","17":"tag-estrellas","18":"tag-film","19":"tag-fotogramas","20":"tag-fotos","21":"tag-movies","22":"tag-peliculas","23":"tag-pelis","24":"tag-spain","25":"tag-trailers","26":"tag-videos"},"share_on_mastodon":{"url":"https:\/\/pubeurope.com\/@es\/115517774036083483","error":""},"_links":{"self":[{"href":"https:\/\/www.europesays.com\/es\/wp-json\/wp\/v2\/posts\/226144","targetHints":{"allow":["GET"]}}],"collection":[{"href":"https:\/\/www.europesays.com\/es\/wp-json\/wp\/v2\/posts"}],"about":[{"href":"https:\/\/www.europesays.com\/es\/wp-json\/wp\/v2\/types\/post"}],"author":[{"embeddable":true,"href":"https:\/\/www.europesays.com\/es\/wp-json\/wp\/v2\/users\/2"}],"replies":[{"embeddable":true,"href":"https:\/\/www.europesays.com\/es\/wp-json\/wp\/v2\/comments?post=226144"}],"version-history":[{"count":0,"href":"https:\/\/www.europesays.com\/es\/wp-json\/wp\/v2\/posts\/226144\/revisions"}],"wp:featuredmedia":[{"embeddable":true,"href":"https:\/\/www.europesays.com\/es\/wp-json\/wp\/v2\/media\/226145"}],"wp:attachment":[{"href":"https:\/\/www.europesays.com\/es\/wp-json\/wp\/v2\/media?parent=226144"}],"wp:term":[{"taxonomy":"category","embeddable":true,"href":"https:\/\/www.europesays.com\/es\/wp-json\/wp\/v2\/categories?post=226144"},{"taxonomy":"post_tag","embeddable":true,"href":"https:\/\/www.europesays.com\/es\/wp-json\/wp\/v2\/tags?post=226144"}],"curies":[{"name":"wp","href":"https:\/\/api.w.org\/{rel}","templated":true}]}}