{"id":226165,"date":"2025-11-09T04:28:09","date_gmt":"2025-11-09T04:28:09","guid":{"rendered":"https:\/\/www.europesays.com\/es\/226165\/"},"modified":"2025-11-09T04:28:09","modified_gmt":"2025-11-09T04:28:09","slug":"una-de-las-mejores-miniseries-de-los-ultimos-anos-basada-en-hechos-reales-y-con-8-episodios-sensacionales-noticias-de-series","status":"publish","type":"post","link":"https:\/\/www.europesays.com\/es\/226165\/","title":{"rendered":"Una de las mejores miniseries de los \u00faltimos a\u00f1os: Basada en hechos reales y con 8 episodios sensacionales &#8211; Noticias de series"},"content":{"rendered":"<p class=\"bo-p\">No termin\u00f3 de ser todo el pelotazo que deb\u00eda ser en audiencias en su momento, pero la recomendaci\u00f3n de hoy es <b>una de esas miniseries verdaderamente imprescindibles<\/b> de las muchas que han salido en los \u00faltimos a\u00f1os. Aclamada por la cr\u00edtica y multinominada a premios, con mucho reconocimiento a sus dos actores principales, <a href=\"https:\/\/www.sensacine.com\/series\/serie-23905\/\" class=\"bo-link\" rel=\"nofollow noopener\" target=\"_blank\">Fosse\/Verdon<\/a> mereci\u00f3 cada uno de los aplausos.<\/p>\n<p class=\"bo-p\">Una miniserie de <b>ocho episodios sensacionales<\/b>, siguiendo las vidas de dos grandes figuras reales del mundo de la cultura: <a href=\"https:\/\/www.sensacine.com\/actores\/actor-50\/\" class=\"bo-link\" rel=\"nofollow noopener\" target=\"_blank\">Bob Fosse<\/a> y <a href=\"https:\/\/www.sensacine.com\/actores\/actor-27133\/\" class=\"bo-link\" rel=\"nofollow noopener\" target=\"_blank\">Gwen Verdon<\/a>. Dos iconos del g\u00e9nero musical, tanto en teatro como en cine, que fueron interpretados respectivamente por <a href=\"https:\/\/www.sensacine.com\/actores\/actor-19781\/\" class=\"bo-link\" rel=\"nofollow noopener\" target=\"_blank\">Sam Rockwell<\/a> y <a href=\"https:\/\/www.sensacine.com\/actores\/actor-28642\/\" class=\"bo-link\" rel=\"nofollow noopener\" target=\"_blank\">Michelle Williams<\/a> en dos trabajos para el recuerdo. Una obra que se puede ver en streaming a trav\u00e9s de Disney+.<\/p>\n<p class=\"bo-p\">A lo largo de cinco d\u00e9cadas, la miniserie explora la <b>singular asociaci\u00f3n rom\u00e1ntica y creativa entre Bob Fosse y Gwen Verdon<\/b>. Bob es un cineasta visionario y uno de los core\u00f3grafos y directores m\u00e1s influyentes del teatro, y Gwen es la mejor bailarina de Broadway de todos los tiempos, aclamada por sus interpretaciones que le han conseguido 4 premios Tony. <\/p>\n<p>    <a class=\"cms-see-also\" data-title=\"Link relacionado\" href=\"https:\/\/www.sensacine.com\/noticias\/cine\/noticia-1000173041\/\" rel=\"nofollow noopener\" target=\"_blank\">27 estrenos en Prime Video, Disney+, HBO Max, Movistar+ y Filmin: Esta semana el regreso del fen\u00f3meno rom\u00e1ntico tras &#8216;El verano en que me enamor\u00e9&#8217; y Pedro Pascal en Marvel<\/a><\/p>\n<p class=\"bo-p\">S\u00f3lo Bob puede crear los musicales rompedores que permiten a Gwen mostrar su grandeza. S\u00f3lo Gwen puede hacer realidad la visi\u00f3n \u00fanica en la cabeza de Bob. A trav\u00e9s de flashes de la relaci\u00f3n de la pareja a lo largo de los a\u00f1os se ven los cambios de poder y estatus, as\u00ed como los contextos en los que se produjeron. Juntos, <b>cambiar\u00e1n la faz del entretenimiento americano<\/b>&#8230; a un precio peligroso.<\/p>\n<p class=\"bo-p\">Basado en un libro biogr\u00e1fico sobre Fosse y su compleja vida, la serie viene producida por otros nombres <b>grandes del teatro musical actual<\/b> como <a href=\"https:\/\/www.sensacine.com\/actores\/actor-265771\/\" class=\"bo-link\" rel=\"nofollow noopener\" target=\"_blank\">Lin-Manuel Miranda<\/a> o <a href=\"https:\/\/www.sensacine.com\/actores\/actor-553851\/\" class=\"bo-link\" rel=\"nofollow noopener\" target=\"_blank\">Thomas Kail<\/a>, director de <a href=\"https:\/\/www.sensacine.com\/peliculas\/pelicula-253979\/\" class=\"bo-link\" rel=\"nofollow noopener\" target=\"_blank\">Hamilton<\/a>. Aunque la miniserie opta por un enfoque biogr\u00e1fico que no es tan poco com\u00fan en el terreno seri\u00e9filo actual, aunque sus protagonistas si sean fuera de lo com\u00fan.<\/p>\n<p>&#8216;Fosse\/Verdon&#8217;: empieza el espect\u00e1culo<\/p>\n<p class=\"bo-p\">La <b>turbulenta relaci\u00f3n entre director y actriz<\/b> es un perfecto torbellino donde la complejidad emocional se da de bruces con los roces que suelen darse en colaboraciones creativas. Eso vuelve tremendamente espec\u00edfico este retrato de la toxicidad, que expande algunos aspectos ya de por s\u00ed turbulentos que el propio Fosse mostraba en su pel\u00edcula autobiogr\u00e1fica <a href=\"https:\/\/www.sensacine.com\/peliculas\/pelicula-1629\/\" class=\"bo-link\" rel=\"nofollow noopener\" target=\"_blank\">Empieza el espect\u00e1culo<\/a>.<\/p>\n<p>    <a class=\"cms-see-also\" data-title=\"Link relacionado\" href=\"https:\/\/www.sensacine.com\/noticias\/series\/noticia-1000111181\/\" rel=\"nofollow noopener\" target=\"_blank\">Una de las mejores miniseries de terror de este siglo est\u00e1 en Disney+ y es perfecta para una marat\u00f3n de Halloween<\/a><\/p>\n<p class=\"bo-p\">El d\u00fao de Rockwell y Williams sostiene a la perfecci\u00f3n a estos personajes complejos, llenos de aristas, a lo largo de diferentes episodios que van haciendo distintos saltos en el tiempo. La factura notable de la serie permite que no se sienta demasiado largo este retrato de dos vidas, y la hace <b>perfecta para marat\u00f3n de fin de semana<\/b> o para ir vi\u00e9ndola poco a poco.<\/p>\n<p class=\"bo-p\">Puedes ver Fosse\/Verdon en Disney+.<\/p>\n","protected":false},"excerpt":{"rendered":"No termin\u00f3 de ser todo el pelotazo que deb\u00eda ser en audiencias en su momento, pero la recomendaci\u00f3n&hellip;\n","protected":false},"author":2,"featured_media":226166,"comment_status":"","ping_status":"","sticky":false,"template":"","format":"standard","meta":{"footnotes":""},"categories":[171],"tags":[1060,146,147,25,24,59680,52693,23469,23,214],"class_list":{"0":"post-226165","1":"post","2":"type-post","3":"status-publish","4":"format-standard","5":"has-post-thumbnail","7":"category-tv","8":"tag-disney","9":"tag-entertainment","10":"tag-entretenimiento","11":"tag-es","12":"tag-espana","13":"tag-fosse_verdon","14":"tag-fx","15":"tag-miniserie","16":"tag-spain","17":"tag-tv"},"share_on_mastodon":{"url":"https:\/\/pubeurope.com\/@es\/115517856346499495","error":""},"_links":{"self":[{"href":"https:\/\/www.europesays.com\/es\/wp-json\/wp\/v2\/posts\/226165","targetHints":{"allow":["GET"]}}],"collection":[{"href":"https:\/\/www.europesays.com\/es\/wp-json\/wp\/v2\/posts"}],"about":[{"href":"https:\/\/www.europesays.com\/es\/wp-json\/wp\/v2\/types\/post"}],"author":[{"embeddable":true,"href":"https:\/\/www.europesays.com\/es\/wp-json\/wp\/v2\/users\/2"}],"replies":[{"embeddable":true,"href":"https:\/\/www.europesays.com\/es\/wp-json\/wp\/v2\/comments?post=226165"}],"version-history":[{"count":0,"href":"https:\/\/www.europesays.com\/es\/wp-json\/wp\/v2\/posts\/226165\/revisions"}],"wp:featuredmedia":[{"embeddable":true,"href":"https:\/\/www.europesays.com\/es\/wp-json\/wp\/v2\/media\/226166"}],"wp:attachment":[{"href":"https:\/\/www.europesays.com\/es\/wp-json\/wp\/v2\/media?parent=226165"}],"wp:term":[{"taxonomy":"category","embeddable":true,"href":"https:\/\/www.europesays.com\/es\/wp-json\/wp\/v2\/categories?post=226165"},{"taxonomy":"post_tag","embeddable":true,"href":"https:\/\/www.europesays.com\/es\/wp-json\/wp\/v2\/tags?post=226165"}],"curies":[{"name":"wp","href":"https:\/\/api.w.org\/{rel}","templated":true}]}}