{"id":226167,"date":"2025-11-09T04:30:14","date_gmt":"2025-11-09T04:30:14","guid":{"rendered":"https:\/\/www.europesays.com\/es\/226167\/"},"modified":"2025-11-09T04:30:14","modified_gmt":"2025-11-09T04:30:14","slug":"la-taquilla-de-la-ultima-fiesta-del-cine-de-2025-decepciona-pero-logra-un-record-para-el-cine-espanol","status":"publish","type":"post","link":"https:\/\/www.europesays.com\/es\/226167\/","title":{"rendered":"La taquilla de la \u00faltima Fiesta del Cine de 2025 decepciona pero logra un r\u00e9cord para el cine espa\u00f1ol"},"content":{"rendered":"<p class=\"c-paragraph\"><b\/>La tradici\u00f3n es que se celebren <b>dos Fiestas del Cine <\/b>al a\u00f1o en Espa\u00f1a, una en primavera y otra en oto\u00f1o. La primera que tuvimos en 2025 fue muy satisfactoria, al lograr el mejor resultado de los \u00faltimos cinco a\u00f1os gracias a la coincidencia de estrenos fuertes como <b>Lilo y Stitch, Misi\u00f3n imposible: Sentencia final <\/b>o <b>Destino final: Lazos de sangre<\/b>. Parec\u00eda dif\u00edcil superar su marca, y en efecto es lo que ha pasado con esta segunda Fiesta del Cine que acaba de concluir, celebrada el <b>3, 4, y 6 de noviembre.<\/b><\/p>\n<p class=\"c-paragraph\">Con respecto a la que vivimos a principios de junio, la<b> Federaci\u00f3n de Cines de Espa\u00f1a<\/b> informa de una marca muy decepcionante. Mientras que en la fiesta oto\u00f1al del a\u00f1o pasado se lleg\u00f3 a recaudar<b> 12.1 millones de euros<\/b>, apenas se han alcanzado los<b> 7 millones <\/b>ahora. Han pasado unos <b>861.806 espectadores <\/b>por salas, lo cual mejora el est\u00e1ndar como siempre (la Fiesta del Cine, claro est\u00e1, consiste en que por unos d\u00edas las entradas cuesten m\u00e1s baratas, concretamente <b>3.50 euros<\/b>), pero no demasiado.<\/p>\n<p class=\"c-paragraph\">La raz\u00f3n es que no hab\u00eda ning\u00fan estreno internacional potente, aunque justamente esto es lo que ha provocado una peque\u00f1a alegr\u00eda para la industria espa\u00f1ola. Y es que, por primera vez desde que la Fiesta del Cine se celebra <b>desde 2009<\/b>, el <b>top 3<\/b> de la taquilla registrada est\u00e1 poblado \u00edntegramente por producciones espa\u00f1olas. La l\u00edder es <b>Los domingos<\/b><b> de Alauda Ruiz de Az\u00faa<\/b>, seguida en el podio por <b>La cena<\/b><b> de Manuel G\u00f3mez Pereira<\/b> y<b> <\/b><b>Los Tigres<\/b><b> de Alberto Rodr\u00edguez<\/b>. El cine espa\u00f1ol demuestra tener un apoyo popular pocas veces visto.<\/p>\n<p class=\"c-paragraph\">As\u00ed que eso que nos llevamos. La producci\u00f3n aut\u00f3ctona ha superado a Hollywood, adelant\u00e1ndose a dos producciones en el top 5. Los Tigres est\u00e1 seguida por<b> <\/b><b>A pesar de ti<\/b>, la nueva adaptaci\u00f3n de<b> Colleen Hoover (<\/b><b>Romper el c\u00edrculo<\/b><b>)<\/b> y <b>Black Phone 2<\/b>.\u00a0<\/p>\n<p class=\"c-paragraph\">El r\u00e1nking se completa con <b>Chainsaw Man: La pel\u00edcula &#8211; El arco de Reze, La casa de las mu\u00f1ecas de Gabby, Together, Springsteen: Deliver Me From Nowhere<\/b> y otro t\u00edtulo espa\u00f1ol, <b>Cuerpos locos<\/b>.<\/p>\n","protected":false},"excerpt":{"rendered":"La tradici\u00f3n es que se celebren dos Fiestas del Cine al a\u00f1o en Espa\u00f1a, una en primavera y&hellip;\n","protected":false},"author":2,"featured_media":226168,"comment_status":"","ping_status":"","sticky":false,"template":"","format":"standard","meta":{"footnotes":""},"categories":[169],"tags":[177,12374,146,147,25,24,57996,176,42910,175,23,4314],"class_list":{"0":"post-226167","1":"post","2":"type-post","3":"status-publish","4":"format-standard","5":"has-post-thumbnail","7":"category-cine","8":"tag-cine","9":"tag-cine-espanol","10":"tag-entertainment","11":"tag-entretenimiento","12":"tag-es","13":"tag-espana","14":"tag-fiesta-del-cine","15":"tag-film","16":"tag-los-domingos","17":"tag-movies","18":"tag-spain","19":"tag-taquilla"},"share_on_mastodon":{"url":"https:\/\/pubeurope.com\/@es\/115517864316428244","error":""},"_links":{"self":[{"href":"https:\/\/www.europesays.com\/es\/wp-json\/wp\/v2\/posts\/226167","targetHints":{"allow":["GET"]}}],"collection":[{"href":"https:\/\/www.europesays.com\/es\/wp-json\/wp\/v2\/posts"}],"about":[{"href":"https:\/\/www.europesays.com\/es\/wp-json\/wp\/v2\/types\/post"}],"author":[{"embeddable":true,"href":"https:\/\/www.europesays.com\/es\/wp-json\/wp\/v2\/users\/2"}],"replies":[{"embeddable":true,"href":"https:\/\/www.europesays.com\/es\/wp-json\/wp\/v2\/comments?post=226167"}],"version-history":[{"count":0,"href":"https:\/\/www.europesays.com\/es\/wp-json\/wp\/v2\/posts\/226167\/revisions"}],"wp:featuredmedia":[{"embeddable":true,"href":"https:\/\/www.europesays.com\/es\/wp-json\/wp\/v2\/media\/226168"}],"wp:attachment":[{"href":"https:\/\/www.europesays.com\/es\/wp-json\/wp\/v2\/media?parent=226167"}],"wp:term":[{"taxonomy":"category","embeddable":true,"href":"https:\/\/www.europesays.com\/es\/wp-json\/wp\/v2\/categories?post=226167"},{"taxonomy":"post_tag","embeddable":true,"href":"https:\/\/www.europesays.com\/es\/wp-json\/wp\/v2\/tags?post=226167"}],"curies":[{"name":"wp","href":"https:\/\/api.w.org\/{rel}","templated":true}]}}