{"id":226169,"date":"2025-11-09T04:31:09","date_gmt":"2025-11-09T04:31:09","guid":{"rendered":"https:\/\/www.europesays.com\/es\/226169\/"},"modified":"2025-11-09T04:31:09","modified_gmt":"2025-11-09T04:31:09","slug":"el-enigma-de-dani-olmo-frente-a-un-momento-decisivo-futbol-deportes","status":"publish","type":"post","link":"https:\/\/www.europesays.com\/es\/226169\/","title":{"rendered":"El enigma de Dani Olmo frente a un momento decisivo | F\u00fatbol | Deportes"},"content":{"rendered":"<p class=\"\">\u201cSi no fuera profesional\u2026 Pero es que se cuida en todo\u201d, se sorprenden en el Barcelona sobre la situaci\u00f3n de <a href=\"https:\/\/elpais.com\/deportes\/eurocopa-futbol\/2024-07-08\/dani-olmo-mi-padre-me-enseno-a-leer-los-partidos.html\" target=\"_self\" rel=\"nofollow noopener\" title=\"https:\/\/elpais.com\/deportes\/eurocopa-futbol\/2024-07-08\/dani-olmo-mi-padre-me-enseno-a-leer-los-partidos.html\">Dani Olmo<\/a>. En el \u00e1rea deportiva del club no encuentran explicaci\u00f3n a la plaga de lesiones que ha sufrido el equipo de Hansi Flick desde que comenz\u00f3 la campa\u00f1a: 15 en total. \u201cTenemos muchos lesionados, y algunos son jugadores clave\u201d, lament\u00f3 el alem\u00e1n. La mayor\u00eda, sin embargo, son musculares, 12, el triple que registraban en la temporada pasada por estas fechas. Y es precisamente Dani Olmo el s\u00edmbolo de un problema al que, por ahora, no se le encuentra soluci\u00f3n en la Ciudad Deportiva Joan Gamper.<\/p>\n<p class=\"\">Olmo arrastra un viejo v\u00eda crucis con las lesiones. Desde la temporada 2021-2022, cuando aterriz\u00f3 en el Red Bull Leipzig, el centrocampista catal\u00e1n ha sufrido 11 lesiones, ocho de ellas musculares. No obstante, la mitad de esas dolencias las ha padecido ya como jugador del Barcelona, y eso que apenas lleva poco m\u00e1s de un a\u00f1o en el club azulgrana. Olmo cuida su alimentaci\u00f3n hasta el punto de viajar siempre acompa\u00f1ado de un cocinero. \u201cSe lo lleva incluso de vacaciones\u201d, explican desde la Ciudad Deportiva. Por las tardes contin\u00faa con sus rutinas de preparaci\u00f3n, adem\u00e1s de cuidar su descanso. \u201cEso que ahora llaman entrenamiento invisible, Dani lo hace todo\u201d, se\u00f1alan las mismas fuentes. Sin embargo, algo no termina de funcionar ni para Olmo ni para el Barcelona.<\/p>\n<p class=\"\"><a href=\"https:\/\/elpais.com\/deportes\/futbol\/2025-11-08\/hansi-flick-hay-que-cuidar-a-lamine-yamal-tambien-en-la-seleccion.html\" target=\"_self\" rel=\"nofollow noopener\" title=\"https:\/\/elpais.com\/deportes\/futbol\/2025-11-08\/hansi-flick-hay-que-cuidar-a-lamine-yamal-tambien-en-la-seleccion.html\">El tema de las lesiones preocupa a Hansi Flick<\/a>, evidentemente, pero tambi\u00e9n la gesti\u00f3n interna en la Ciudad Deportiva. El t\u00e9cnico alem\u00e1n tuvo que convocar a un jugador importante para luego no hacerle jugar ni un minuto, despu\u00e9s de que el departamento m\u00e9dico no se pusiera de acuerdo con los fisioterapeutas. Mientras los galenos consideraban que el futbolista no estaba listo para competir, los recuperadores opinaban lo contrario. Y en medio, Flick. El preparador alem\u00e1n se vio forzado a acelerar el regreso de Raphinha. No obstante, desde su cuerpo t\u00e9cnico aseguran que Flick solo trat\u00f3 de contener \u2014a\u00fan m\u00e1s\u2014 los problemas internos. \u201cLo apresuraron los recuperadores\u201d, advierten quienes trabajan con el alem\u00e1n.<\/p>\n<p class=\"\">Adem\u00e1s, en el vestuario entienden que no todos los m\u00e9todos f\u00edsicos funcionan para todos los jugadores. \u201c<a href=\"https:\/\/elpais.com\/deportes\/futbol\/2025-10-29\/el-barcelona-pierde-a-pedri-por-una-lesion-muscular.html\" target=\"_self\" rel=\"nofollow noopener\" title=\"https:\/\/elpais.com\/deportes\/futbol\/2025-10-29\/el-barcelona-pierde-a-pedri-por-una-lesion-muscular.html\">A Pedri le ha servido, s\u00ed; pero al resto quiz\u00e1 no<\/a>\u201d, subraya un futbolista azulgrana. Con Olmo, precisamente, no terminan de encontrar la f\u00f3rmula. El 20 se someti\u00f3 a un estudio f\u00edsico a comienzos de a\u00f1o y las conclusiones, seg\u00fan public\u00f3 Mundo Deportivo, fueron positivas: \u201cSus par\u00e1metros se encuentran dentro de la normalidad para su edad y la carga de partidos y entrenamientos\u201d.<\/p>\n<p><img decoding=\"auto\" class=\"_re lazyload a_m-h\" height=\"277\"  width=\"414\"  src=\"https:\/\/www.europesays.com\/es\/wp-content\/uploads\/2025\/11\/PAF6OHVZYFLUZOIXN6LLGHMGIM.jpg\" loading=\"lazy\"\/>Dani Olmo entra en el campo como reemplazo de Ferm\u00edn L\u00f3pez, quien parece haberle adelantado en la rotaci\u00f3n del Bar\u00e7a.Enric Fontcuberta (EFE)<\/p>\n<p class=\"\">Tras su \u00faltima lesi\u00f3n muscular en el s\u00f3leo de la pierna izquierda, sufrida durante la pasada concentraci\u00f3n con Espa\u00f1a, Flick ha extremado los cuidados con Olmo. \u201cEst\u00e1n volviendo poco a poco. Todav\u00eda no est\u00e1n para jugar todo el partido, quiz\u00e1 para 30 o 45 minutos\u201d, dijo el alem\u00e1n sobre Olmo y Lewandowski tras el encuentro contra el Elche. Frente al Brujas, ambos solo disputaron 32 minutos. En el Barcelona esperan que hoy (21.00, Movistar), ante el Celta, sigan afinando su puesta a punto. <\/p>\n<p class=\"\">De la Fuente tambi\u00e9n se suma a la protecci\u00f3n de Olmo, aunque lo quiere cerca. \u201cHay que tener cuidado con todos los futbolistas, pero esto es un deporte de riesgo. Mientras est\u00e9 disponible, es un jugador muy importante. Para nosotros suma siempre. Veremos si juega m\u00e1s, menos o no juega. Pero sumar\u00e1 seguro\u201d, coment\u00f3 el t\u00e9cnico de la Roja, que tambi\u00e9n apuesta por Ferm\u00edn, hoy en el lugar de Olmo en el Barcelona. <\/p>\n<p class=\"\">Tras el par\u00f3n, la enfermer\u00eda empezar\u00e1 a descongestionarse con el regreso de Joan Garc\u00eda. \u201cSabemos que tenemos que jugar mejor, y cuando est\u00e9n todos de vuelta, tras dos o tres partidos, ya estar\u00e1n en su mejor nivel para ayudarnos\u201d, dese\u00f3 Flick sobre Pedri, Raphinha y compa\u00f1\u00eda. \u201cPero\u201d, avis\u00f3 el alem\u00e1n, \u201chasta entonces hay que luchar\u201d. <\/p>\n<p class=\"\">Entre la b\u00fasqueda de respuestas, emerge Olmo. Herm\u00e9tico para hablar de sus problemas f\u00edsicos, trabaja para encontrar la f\u00f3rmula que le asegure la continuidad. \u201cCuando est\u00e1 bien, es de los mejores centrocampistas de Europa\u201d, presumen en el \u00e1rea deportiva. El problema para Flick es que no siempre lo est\u00e1. Y ahora el Barcelona necesita l\u00edderes.<\/p>\n","protected":false},"excerpt":{"rendered":"\u201cSi no fuera profesional\u2026 Pero es que se cuida en todo\u201d, se sorprenden en el Barcelona sobre la&hellip;\n","protected":false},"author":2,"featured_media":226170,"comment_status":"","ping_status":"","sticky":false,"template":"","format":"standard","meta":{"footnotes":""},"categories":[93],"tags":[1540,23812,168,1539,25,24,881,4970,282,1538,23,167],"class_list":{"0":"post-226169","1":"post","2":"type-post","3":"status-publish","4":"format-standard","5":"has-post-thumbnail","7":"category-deportes","8":"tag-competiciones","9":"tag-dani-olmo","10":"tag-deportes","11":"tag-entrenadores","12":"tag-es","13":"tag-espana","14":"tag-fc-barcelona","15":"tag-flick","16":"tag-futbol","17":"tag-futbolistas","18":"tag-spain","19":"tag-sports"},"share_on_mastodon":{"url":"https:\/\/pubeurope.com\/@es\/115517868460982757","error":""},"_links":{"self":[{"href":"https:\/\/www.europesays.com\/es\/wp-json\/wp\/v2\/posts\/226169","targetHints":{"allow":["GET"]}}],"collection":[{"href":"https:\/\/www.europesays.com\/es\/wp-json\/wp\/v2\/posts"}],"about":[{"href":"https:\/\/www.europesays.com\/es\/wp-json\/wp\/v2\/types\/post"}],"author":[{"embeddable":true,"href":"https:\/\/www.europesays.com\/es\/wp-json\/wp\/v2\/users\/2"}],"replies":[{"embeddable":true,"href":"https:\/\/www.europesays.com\/es\/wp-json\/wp\/v2\/comments?post=226169"}],"version-history":[{"count":0,"href":"https:\/\/www.europesays.com\/es\/wp-json\/wp\/v2\/posts\/226169\/revisions"}],"wp:featuredmedia":[{"embeddable":true,"href":"https:\/\/www.europesays.com\/es\/wp-json\/wp\/v2\/media\/226170"}],"wp:attachment":[{"href":"https:\/\/www.europesays.com\/es\/wp-json\/wp\/v2\/media?parent=226169"}],"wp:term":[{"taxonomy":"category","embeddable":true,"href":"https:\/\/www.europesays.com\/es\/wp-json\/wp\/v2\/categories?post=226169"},{"taxonomy":"post_tag","embeddable":true,"href":"https:\/\/www.europesays.com\/es\/wp-json\/wp\/v2\/tags?post=226169"}],"curies":[{"name":"wp","href":"https:\/\/api.w.org\/{rel}","templated":true}]}}