{"id":226176,"date":"2025-11-09T04:36:08","date_gmt":"2025-11-09T04:36:08","guid":{"rendered":"https:\/\/www.europesays.com\/es\/226176\/"},"modified":"2025-11-09T04:36:08","modified_gmt":"2025-11-09T04:36:08","slug":"sanchez-se-alinea-con-petro-y-lula-frente-a-trump-en-una-cumbre-celac-ue-con-notables-ausencias","status":"publish","type":"post","link":"https:\/\/www.europesays.com\/es\/226176\/","title":{"rendered":"S\u00e1nchez se alinea con Petro y Lula frente a Trump en una cumbre Celac-UE con notables ausencias"},"content":{"rendered":"<p style=\"\">Santa Marta, una playa del caribe colombiano, ser\u00e1 desde este domingo la sede de una nueva cumbre entre la Uni\u00f3n Europea y la Comunidad de Estados Latinoamericanos y Caribe\u00f1os (Celac). El encuentro, con un tinte cr\u00edtico hacia el gobierno de <strong>Donald Trump<\/strong>, tendr\u00e1 por  &#8230; principales protagonistas a los presidentes <strong>Pedro S\u00e1nchez<\/strong> (Espa\u00f1a), <strong>Gustavo Petro<\/strong> (Colombia) y <strong>Lula Da Silva<\/strong> (Brasil).<\/p>\n<p class=\"voc-p\" style=\"\">Los tres dirigentes atraviesan un periodo de tensiones con Washington. En el caso de S\u00e1nchez, por el gasto en defensa y la cercan\u00eda con China, <a href=\"https:\/\/www.abc.es\/internacional\/lula-insta-trump-levantar-aranceles-sobre-productos-20251026120633-nt.html\" data-voc-vtm-id=\"in-text-traffic\" title=\"en el de Lula por los aranceles\" data-mrf-link=\"www.abc.es\" rel=\"nofollow noopener\" target=\"_blank\">en el de Lula por los aranceles<\/a> y el encarcelamiento del exmandatario <strong>Jair Bolsonaro<\/strong>, amigo de Trump, y en el de Petro por desacuerdos sobre el combate al narcotr\u00e1fico, lo cual devino en que se le retirara el visado estadounidense.<\/p>\n<p class=\"voc-p\" style=\"\">Pedro S\u00e1nchez, en declaraciones en el marco de la COP30 en Bel\u00e9m (Brasil) antes de su llegada a Colombia recogidas por Efe, afirm\u00f3 que, \u00abfrente a otros pa\u00edses y otras administraciones que se retraen en s\u00ed mismas (en alusi\u00f3n a Estados Unidos), lo que tiene que hacer Europa es lo que viene recetando Espa\u00f1a, abrirnos, construir puentes con otras sociedades y otros bloques regionales\u00bb. Y a\u00f1adi\u00f3: \u00abEn este momento lo que debemos hacer es construir puentes, reforzar nuestra agenda bilateral con un continente que nos es muy pr\u00f3ximo desde el punto de vista cultural e hist\u00f3rico, y tambi\u00e9n econ\u00f3mico y comercial\u00bb.<\/p>\n<p class=\"voc-p\" style=\"\">El mandatario espa\u00f1ol considera positivo que se celebre esta cumbre, confiando en que se pueda culminar el acuerdo entre la Uni\u00f3n Europea y Mercosur.<\/p>\n<p class=\"voc-p\" style=\"\">Los dos grandes ausentes ser\u00e1n el presidente argentino, <strong>Javier Milei<\/strong> y la mexicana, <strong>Claudia Sheinbaum<\/strong>. El primero elude la cita en un gui\u00f1o a Estados Unidos y, adem\u00e1s, por sus cr\u00edticas p\u00fablicas a Petro, a quien le ha achacado su pasado como guerrillero.<\/p>\n<p class=\"voc-p\" style=\"\">Sheinbaum, por su parte, busca evitar cualquier gesto que pueda <a href=\"https:\/\/www.abc.es\/internacional\/crece-pelea-sheinbaum-trump-aeropuerto-construyo-lopez-20251102052647-nt.html\" target=\"_self\" data-voc-vtm-id=\"in-text-traffic\" title=\"tensionar su v\u00ednculo con Trump\" data-mrf-link=\"www.abc.es\" rel=\"nofollow noopener\">tensionar su v\u00ednculo con Trump<\/a> ante la renegociaci\u00f3n del Tratado Comercial de Am\u00e9rica del Norte, que es la piedra angular de la econom\u00eda mexicana.<\/p>\n<p class=\"voc-p\" style=\"\">Los mandatarios abordar\u00e1n una agenda que incluye asuntos como transici\u00f3n energ\u00e9tica, intercambio econ\u00f3mico, medioambiente, lucha contra la criminalidad o migraci\u00f3n. Est\u00e1 contemplada la presencia de 45 delegaciones de diversos pa\u00edses. <\/p>\n<p class=\"voc-p\" style=\"\">La cumbre transcurrir\u00e1 en un momento de tensi\u00f3n regional por la <a href=\"https:\/\/www.abc.es\/internacional\/eeuu-militariza-caribe-apunta-maduro-acorralado-20251021212436-nt.html\" target=\"_self\" data-voc-vtm-id=\"in-text-traffic\" title=\"escalada militar de Estados Unidos\" data-mrf-link=\"www.abc.es\" rel=\"nofollow noopener\">escalada militar de Estados Unidos<\/a> en el mar Caribe, que tiene el objetivo de combatir al narcotr\u00e1fico en Venezuela. El foro coincide con la <a href=\"https:\/\/www.abc.es\/internacional\/cumbre-americas-primera-victima-nueva-politica-regional-20251104151733-nt.html\" target=\"_self\" data-voc-vtm-id=\"in-text-traffic\" title=\"suspensi\u00f3n de la Cumbre de las Am\u00e9ricas\" data-mrf-link=\"www.abc.es\" rel=\"nofollow noopener\">suspensi\u00f3n de la Cumbre de las Am\u00e9ricas<\/a>, a la que deb\u00eda asistir EE.UU. y que iba a realizarse en los primeros d\u00edas de diciembre en la Rep\u00fablica Dominicana. El encuentro en Punta Cana se ha pospuesto debido al despliegue armament\u00edstico de Washington.<\/p>\n<ul class=\"oc-d-c-list__list\">\n<li class=\"voc-d-c-list__item\">\n<p class=\"voc-d-c-list__paragraph\">Ursula von der Leyen (Comisi\u00f3n Europea)<\/p>\n<\/li>\n<li class=\"voc-d-c-list__item\">\n<p class=\"voc-d-c-list__paragraph\">Emmanuel Macron (Francia)<\/p>\n<\/li>\n<li class=\"voc-d-c-list__item\">\n<p class=\"voc-d-c-list__paragraph\">Friedrich Merz (Alemania)<\/p>\n<\/li>\n<li class=\"voc-d-c-list__item\">\n<p class=\"voc-d-c-list__paragraph\">Giorgia Meloni (Italia)<\/p>\n<\/li>\n<li class=\"voc-d-c-list__item\">\n<p class=\"voc-d-c-list__paragraph\">Gabriel Boric (Chile)<\/p>\n<\/li>\n<li class=\"voc-d-c-list__item\">\n<p class=\"voc-d-c-list__paragraph\">Javier Milei (Argentina)<\/p>\n<\/li>\n<li class=\"voc-d-c-list__item\">\n<p class=\"voc-d-c-list__paragraph\">Claudia Sheinbaum (M\u00e9xico)<\/p>\n<\/li>\n<li class=\"voc-d-c-list__item\">\n<p class=\"voc-d-c-list__paragraph\">Jos\u00e9 Jer\u00ed (Per\u00fa)<\/p>\n<\/li>\n<\/ul>\n<ul class=\"oc-d-c-list__list\">\n<li class=\"voc-d-c-list__item\">\n<p class=\"voc-d-c-list__paragraph\">Pedro S\u00e1nchez (Espa\u00f1a)<\/p>\n<\/li>\n<li class=\"voc-d-c-list__item\">\n<p class=\"voc-d-c-list__paragraph\">Gustavo Petro (Colombia) <\/p>\n<\/li>\n<li class=\"voc-d-c-list__item\">\n<p class=\"voc-d-c-list__paragraph\">Luiz In\u00e1cio Lula da Silva (Brasil)<\/p>\n<\/li>\n<li class=\"voc-d-c-list__item\">\n<p class=\"voc-d-c-list__paragraph\">Ant\u00f3nio Costa (Consejo Europeo)<\/p>\n<\/li>\n<li class=\"voc-d-c-list__item\">\n<p class=\"voc-d-c-list__paragraph\">Kaja Kallas (UE)<\/p>\n<\/li>\n<li class=\"voc-d-c-list__item\">\n<p class=\"voc-d-c-list__paragraph\">Lu\u00eds Montenegro (Portugal)<\/p>\n<\/li>\n<li class=\"voc-d-c-list__item\">\n<p class=\"voc-d-c-list__paragraph\">Yamand\u00fa Orsi (Uruguay)<\/p>\n<\/li>\n<li class=\"voc-d-c-list__item\">\n<p class=\"voc-d-c-list__paragraph\">Dick Schoof (Pa\u00edses Bajos)<\/p>\n<\/li>\n<\/ul>\n<p class=\"voc-p\" style=\"\">Estados Unidos asegura <a href=\"https:\/\/www.abc.es\/internacional\/eeuu-anuncia-nuevos-ataques-narcolanchas-pacifico-dejan-20251028145730-nt.html\" target=\"_self\" data-voc-vtm-id=\"in-text-traffic\" title=\"haber hundido 17 embarcaciones\" data-mrf-link=\"www.abc.es\" rel=\"nofollow noopener\">haber hundido 17 embarcaciones<\/a>, que han dejado al menos<strong> 66 muertos<\/strong> en una nueva etapa de su guerra contra las drogas. Petro, por su parte, denuncia que los ataques a las lanchas son asesinatos y ejecuciones extrajudiciales.<\/p>\n<p class=\"voc-p\" style=\"\">La arena internacional se ha convertido en uno de los principales terrenos de operaci\u00f3n del mandatario colombiano, que ha realizado m\u00e1s de 70 viajes al extranjero al punto de que la oposici\u00f3n de su pa\u00eds presentara proyectos legislativos para reducir los viajes presidenciales.<\/p>\n<p class=\"voc-p\" style=\"\">\u00abLa reuni\u00f3n de la Celac solo tiene sentido en este momento si discutimos esta cuesti\u00f3n de los buques de guerra estadounidenses aqu\u00ed en los mares de Am\u00e9rica Latina\u00bb, afirm\u00f3 Lula en una rueda de prensa con agencias internacionales el martes pasado.<\/p>\n<p class=\"voc-p\" style=\"\">\u00abLa agenda iniciar\u00e1 el domingo 9 de noviembre con un acto sagrado a cargo de la m\u00e1xima autoridad espiritual de la comunidad ind\u00edgena de la Sierra Nevada de Santa Marta. El mamo Aruhaco dar\u00e1 la bienvenida a las delegaciones en el Centro de Convenciones Santamar. De manera inmediata se tomar\u00e1 la foto oficial de la Cumbre CELAC-UE\u00bb, se\u00f1al\u00f3 la Canciller\u00eda colombiana.<\/p>\n<p class=\"voc-p\" style=\"\">\u00abLa cumbre incluir\u00e1 <strong>reuniones bilaterales<\/strong> entre los participantes de alto nivel y encuentros paralelos oficiales de la sociedad civil y de empresarios de los pa\u00edses asistentes. Este importante evento consolidar\u00e1 una voz latinoamericana y caribe\u00f1a unificada que incidida en transformaciones globales, promoviendo una agenda compartida con la Uni\u00f3n Europea para la <a href=\"https:\/\/www.abc.es\/sociedad\/sanchez-promete-millones-euros-lucha-cambio-climatico-20251107162559-nt.html\" target=\"_self\" data-voc-vtm-id=\"in-text-traffic\" title=\"transici\u00f3n energ\u00e9tica\" data-mrf-link=\"www.abc.es\" rel=\"nofollow noopener\">transici\u00f3n energ\u00e9tica<\/a>, la autosuficiencia sanitaria, la integraci\u00f3n comercial regional y la cooperaci\u00f3n digital y cient\u00edfica\u00bb, agreg\u00f3 la dependencia.<\/p>\n","protected":false},"excerpt":{"rendered":"Santa Marta, una playa del caribe colombiano, ser\u00e1 desde este domingo la sede de una nueva cumbre entre&hellip;\n","protected":false},"author":2,"featured_media":226177,"comment_status":"","ping_status":"","sticky":false,"template":"","format":"standard","meta":{"footnotes":""},"categories":[42],"tags":[17,18,30234,1803,3563,115,19525,13,14,11,6683,61,62,63,64,19,20,6363,9,10,15,16,5670,12,59681,21,22,65,66,67],"class_list":{"0":"post-226176","1":"post","2":"type-post","3":"status-publish","4":"format-standard","5":"has-post-thumbnail","7":"category-internacional","8":"tag-breaking-news","9":"tag-breakingnews","10":"tag-caribe","11":"tag-colombia","12":"tag-cumbre","13":"tag-eeuu","14":"tag-escalada","15":"tag-featured-news","16":"tag-featurednews","17":"tag-headlines","18":"tag-inicia","19":"tag-internacional","20":"tag-international","21":"tag-international-news","22":"tag-internationalnews","23":"tag-latest-news","24":"tag-latestnews","25":"tag-militar","26":"tag-news","27":"tag-noticias","28":"tag-noticias-destacadas","29":"tag-noticiasdestacadas","30":"tag-plena","31":"tag-titulares","32":"tag-uecelac","33":"tag-ultimas-noticias","34":"tag-ultimasnoticias","35":"tag-world","36":"tag-world-news","37":"tag-worldnews"},"share_on_mastodon":{"url":"https:\/\/pubeurope.com\/@es\/115517887841889614","error":""},"_links":{"self":[{"href":"https:\/\/www.europesays.com\/es\/wp-json\/wp\/v2\/posts\/226176","targetHints":{"allow":["GET"]}}],"collection":[{"href":"https:\/\/www.europesays.com\/es\/wp-json\/wp\/v2\/posts"}],"about":[{"href":"https:\/\/www.europesays.com\/es\/wp-json\/wp\/v2\/types\/post"}],"author":[{"embeddable":true,"href":"https:\/\/www.europesays.com\/es\/wp-json\/wp\/v2\/users\/2"}],"replies":[{"embeddable":true,"href":"https:\/\/www.europesays.com\/es\/wp-json\/wp\/v2\/comments?post=226176"}],"version-history":[{"count":0,"href":"https:\/\/www.europesays.com\/es\/wp-json\/wp\/v2\/posts\/226176\/revisions"}],"wp:featuredmedia":[{"embeddable":true,"href":"https:\/\/www.europesays.com\/es\/wp-json\/wp\/v2\/media\/226177"}],"wp:attachment":[{"href":"https:\/\/www.europesays.com\/es\/wp-json\/wp\/v2\/media?parent=226176"}],"wp:term":[{"taxonomy":"category","embeddable":true,"href":"https:\/\/www.europesays.com\/es\/wp-json\/wp\/v2\/categories?post=226176"},{"taxonomy":"post_tag","embeddable":true,"href":"https:\/\/www.europesays.com\/es\/wp-json\/wp\/v2\/tags?post=226176"}],"curies":[{"name":"wp","href":"https:\/\/api.w.org\/{rel}","templated":true}]}}