{"id":226202,"date":"2025-11-09T04:59:13","date_gmt":"2025-11-09T04:59:13","guid":{"rendered":"https:\/\/www.europesays.com\/es\/226202\/"},"modified":"2025-11-09T04:59:13","modified_gmt":"2025-11-09T04:59:13","slug":"una-santa-marta-mas-preparada-para-turistas-que-para-jefes-de-estado-recibe-la-cumbre-ue-celac","status":"publish","type":"post","link":"https:\/\/www.europesays.com\/es\/226202\/","title":{"rendered":"Una Santa Marta m\u00e1s preparada para turistas que para jefes de Estado recibe la cumbre UE &#8211; CELAC"},"content":{"rendered":"<p class=\"\">\u201cSanta Marta, Santa Marta tiene tren, Santa Marta tiene tren, pero no tiene tranv\u00eda\u201d, dice una ya centenaria canci\u00f3n sobre la ciudad colombiana. Hoy, ese mismo puerto sobre el Caribe, podr\u00eda decir que tiene cumbre pero no buen aeropuerto. Los 600.000 habitantes de la capital del departamento del Magdalena reciben este domingo a una docena de jefes de Estado y una cifra similar de cancilleres de los 27 pa\u00edses que conforman la Uni\u00f3n Europea, y de los 33 que integran la <a href=\"https:\/\/elpais.com\/america-colombia\/2025-11-08\/la-union-europea-y-la-celac-se-reunen-en-colombia-bajo-la-sombra-de-trump.html\" target=\"_self\" rel=\"nofollow noopener\" title=\"https:\/\/elpais.com\/america-colombia\/2025-11-08\/la-union-europea-y-la-celac-se-reunen-en-colombia-bajo-la-sombra-de-trump.html\">Comunidad de Estados Latinoamericanos y del Caribe, CELAC<\/a>. Pero el balneario, famoso por sus playas y por la esplendorosa Sierra Nevada que enmarca su bah\u00eda, se ve a gatas para recibirla. Una prueba clara: la noche del viernes, el presidente del Gobierno espa\u00f1ol, <a href=\"https:\/\/elpais.com\/clima-y-medio-ambiente\/2025-11-07\/pedro-sanchez-durante-la-cop30-de-brasil-en-la-cumbre-del-clima-2025.html\" target=\"_self\" rel=\"nofollow noopener\" title=\"https:\/\/elpais.com\/clima-y-medio-ambiente\/2025-11-07\/pedro-sanchez-durante-la-cop30-de-brasil-en-la-cumbre-del-clima-2025.html\">Pedro S\u00e1nchez<\/a>, no pudo llegar a su aeropuerto. Su avi\u00f3n tuvo que volar hasta la cercana Barranquilla, donde fue recibido oficialmente para luego tomar una aeronave militar colombiana que lo llevara a su destino.<\/p>\n<p class=\"\">\u201cEst\u00e1n maquillando todo a \u00faltima hora\u201d, explica sobre el mediod\u00eda del viernes, dos d\u00edas antes de la sesi\u00f3n, un taxista. Se\u00f1ala varios operarios de maquinaria de construcci\u00f3n. \u201cAhora toman el fresco [el term\u00f3metro se\u00f1ala 26 grados cent\u00edgrados, con sensaci\u00f3n t\u00e9rmica de 40], cuando baje el sol volver\u00e1n a hacer esos arreglitos para que la carretera se vea mejor\u201d. Se refiere a la amplia v\u00eda, de dos carriles en cada sentido, que conecta el aeropuerto con el centro de la ciudad fundada hace 500 a\u00f1os por el espa\u00f1ol Rodrigo de Bastidas. <\/p>\n<p><img alt=\"IV Cumbre de la Comunidad de Estados Latinoamericanos y Caribe\u00f1os en Santa Marta (Colombia), este s\u00e1bado.\" decoding=\"auto\" class=\"_re lazyload a_m-h\" height=\"277\"  width=\"414\"  src=\"https:\/\/www.europesays.com\/es\/wp-content\/uploads\/2025\/11\/1762664349_168_OUXMBKM77JFNHOTPBAFFRUPPKA.jpg\" loading=\"lazy\"\/>Una persona de mantenimiento camina por la sede de la IV Cumbre CELAC-UE, en Santa Marta, el 8 de noviembre.CHELO CAMACHO<\/p>\n<p class=\"\">A mitad de camino entre los dos puntos est\u00e1 el Estelar Santamar, un hotel que recibir\u00e1 la cumbre oficial, este domingo, en su centro de convenciones. El viernes a las 5 de la tarde a\u00fan se ven varias cuadrillas de obreros ajustando detalles para tener todo listo a tiempo: las delegaciones deben llegar este domingo entre 8 y 9 de la ma\u00f1ana. Santa Marta, y el Gobierno colombiano como anfitri\u00f3n, quieren lucirse.<\/p>\n<p class=\"\">Pero no solamente con los presidentes, primeros ministros o cancilleres. Tambi\u00e9n con la gente. <a href=\"https:\/\/elpais.com\/america-colombia\/2025-11-08\/petro-dobla-su-apuesta-diplomatica-con-la-cumbre-celac-ue-en-el-corazon-del-mundo.html\" target=\"_self\" rel=\"nofollow noopener\" title=\"https:\/\/elpais.com\/america-colombia\/2025-11-08\/petro-dobla-su-apuesta-diplomatica-con-la-cumbre-celac-ue-en-el-corazon-del-mundo.html\">Gustavo Petro<\/a>, el presidente colombiano, no ha elegido en vano la ciudad como sede de la cumbre. Fiel a su estilo, ha remarcado los simbolismos de convocar justo en la ciudad m\u00e1s antigua de las que los colonizadores europeos fundaron en lo que hoy es Colombia, donde hace 195 a\u00f1os muri\u00f3 Sim\u00f3n Bol\u00edvar, donde la izquierda a la que pertenece arrebat\u00f3 el poder a la clase pol\u00edtica tradicional hace ya 13 a\u00f1os. Es \u201cel coraz\u00f3n del mundo\u201d, ha dicho una y otra vez en referencia a la cosmovisi\u00f3n de los ind\u00edgenas kogui, que habitan la sierra y ante quienes jur\u00f3 su cargo antes de hacerlo en la toma de posesi\u00f3n oficial. \u201cTrajimos 60 delegaciones a este lugar, uno de los m\u00e1s hermosos del mundo, antropol\u00f3gica, geogr\u00e1fica, energ\u00e9tica y cient\u00edficamente, estamos en el coraz\u00f3n del mundo\u201c, ha celebrado el mandatario, para cerrar con otro de sus esl\u00f3ganes. \u201c<a href=\"https:\/\/elpais.com\/america-colombia\/2025-11-08\/transicion-climatica-si-pero-con-la-proteccion-de-los-defensores-ambientales.html\" target=\"_self\" rel=\"nofollow noopener\" title=\"https:\/\/elpais.com\/america-colombia\/2025-11-08\/transicion-climatica-si-pero-con-la-proteccion-de-los-defensores-ambientales.html\">Colombia, el pa\u00eds de la belleza\u201d<\/a>.<\/p>\n<p><img fetchpriority=\"high\" decoding=\"auto\" class=\"_re  a_m-h\" height=\"276\"  width=\"414\" src=\"https:\/\/www.europesays.com\/es\/wp-content\/uploads\/2025\/11\/SYJWMTHM5BF6FC6WWJT4LWESVM.jpg\" loading=\"eager\"\/>Un grupo de artistas pinta un mural en el Parque de los Novios, en Santa Marta.CHELO CAMACHO<img decoding=\"auto\" class=\"_re lazyload a_m-h\" height=\"276\"  width=\"414\" src=\"https:\/\/www.europesays.com\/es\/wp-content\/uploads\/2025\/11\/V4HEVON6UZEDZFM2GGCN5ZC5SE.jpg\" loading=\"lazy\"\/>Varias personas recorren el malec\u00f3n de Santa Marta, este s\u00e1bado.CHELO CAMACHO<img decoding=\"auto\" class=\"_re lazyload a_m-h\" height=\"276\"  width=\"414\" src=\"https:\/\/www.europesays.com\/es\/wp-content\/uploads\/2025\/11\/5H6YAWSHCZHMZC4YLYJCSF2FTU.jpg\" loading=\"lazy\"\/>Varias personas bailan en un concierto, en la plaza de Bol\u00edvar, en Santa Marta.CHELO CAMACHO<img decoding=\"auto\" class=\"_re lazyload a_m-h\" height=\"277\"  width=\"414\" src=\"https:\/\/www.europesays.com\/es\/wp-content\/uploads\/2025\/11\/S44DZ5LSKFBAXKRFVA4DVQWOFI.JPG\" loading=\"lazy\"\/>Pendones a favor de Petro, durante un concierto en la playa de El Rodadero.Diego Cuevas<\/p>\n<p class=\"\">Con esa visi\u00f3n, el Gobierno ha desplegado una agenda paralela que se ha tomado a los 600.000 habitantes de la ciudad. Su Ministerio de las Culturas, en alianza con la Alcald\u00eda distrital y la Gobernaci\u00f3n del departamento, ha desarrollado entre el viernes y el s\u00e1bado el que ha llamado \u201cReencuentro en el coraz\u00f3n del mundo\u201d, un abanico de conciertos, conversatorios o proyecciones de pel\u00edculas que hace un gui\u00f1o a la visi\u00f3n cr\u00edtica de la colonia con la que la Naci\u00f3n abord\u00f3 el medio milenio de la ciudad, en abierto choque con una visi\u00f3n m\u00e1s conmemorativa de la Alcald\u00eda. <\/p>\n<p class=\"\">El viernes y el s\u00e1bado, un centro urbano lleno de mochileros y familias cansadas de largas horas de sol recib\u00eda conversaciones acad\u00e9micas como la titulada El giro decolonial, en la que el director del Archivo Nacional, Francisco Fl\u00f3rez, modera a los fil\u00f3sofos Laura Quintana y Santiago Castro G\u00f3mez. Al tiempo, y m\u00e1s entrada la noche, en las calles y plazas como el Parque Bol\u00edvar o el camell\u00f3n sobre la bah\u00eda, samarios y visitantes se sacud\u00edan con artistas como el puertorrique\u00f1o Andy Monta\u00f1ez, el dominicano Vicente Mart\u00ednez o la colombiana Nidia G\u00f3ngora. Fiel al esp\u00edritu caribe\u00f1o, la cumbre tambi\u00e9n es fiesta. <\/p>\n<p class=\"\">La ciudad tambi\u00e9n se hace escenario de otros encuentros, a partir de la cumbre, eventos que llevan su capacidad hotelera a tope. Uno es el foro empresarial que centrar\u00e1 su actividad a lo largo de todo el domingo, y que han convocado la UE, el Gobierno colombiano, CAF y el grupo BID en un hotel en la misma zona tur\u00edstica de la cumbre. <\/p>\n<p class=\"\">Otro es el foro de la sociedad civil de Am\u00e9rica Latina, el Caribe y la Uni\u00f3n Europea, que entre el viernes y el s\u00e1bado ha recibido a la comisionada para la equidad de la Comisi\u00f3n Europea, Hadja Lahbib; la directora para Am\u00e9rica y el Caribe de Oxfam, Gloria Garc\u00eda Parra; o el viceministro de Asuntos Multilaterales de Colombia, <a href=\"https:\/\/elpais.com\/america-colombia\/2025-09-13\/mauricio-jaramillo-jassir-es-el-momento-de-diversificar-las-relaciones-con-el-mundo.html\" target=\"_self\" rel=\"nofollow noopener\" title=\"https:\/\/elpais.com\/america-colombia\/2025-09-13\/mauricio-jaramillo-jassir-es-el-momento-de-diversificar-las-relaciones-con-el-mundo.html\">Mauricio Jaramillo<\/a>. Entre los dos, decenas de empresas, organizaciones y entidades de Europa o de Latinoam\u00e9rica enviaron representantes que se alojaron all\u00ed o en otros complejos de una larga playa que va del aeropuerto hacia el centro, y donde se han mezclado, por este fin de semana, funcionarios afanados con jubilados o familias de veraneo.<\/p>\n","protected":false},"excerpt":{"rendered":"\u201cSanta Marta, Santa Marta tiene tren, Santa Marta tiene tren, pero no tiene tranv\u00eda\u201d, dice una ya centenaria&hellip;\n","protected":false},"author":2,"featured_media":226203,"comment_status":"","ping_status":"","sticky":false,"template":"","format":"standard","meta":{"footnotes":""},"categories":[42],"tags":[889,17,18,59500,1803,22007,13,14,3916,11,61,62,63,64,19,20,1804,9,10,15,16,59686,12,21,22,1617,65,66,67],"class_list":{"0":"post-226202","1":"post","2":"type-post","3":"status-publish","4":"format-standard","5":"has-post-thumbnail","7":"category-internacional","8":"tag-america","9":"tag-breaking-news","10":"tag-breakingnews","11":"tag-celac","12":"tag-colombia","13":"tag-cumbres-internacionales","14":"tag-featured-news","15":"tag-featurednews","16":"tag-gustavo-petro","17":"tag-headlines","18":"tag-internacional","19":"tag-international","20":"tag-international-news","21":"tag-internationalnews","22":"tag-latest-news","23":"tag-latestnews","24":"tag-latinoamerica","25":"tag-news","26":"tag-noticias","27":"tag-noticias-destacadas","28":"tag-noticiasdestacadas","29":"tag-santa-marta-colombia","30":"tag-titulares","31":"tag-ultimas-noticias","32":"tag-ultimasnoticias","33":"tag-union-europea","34":"tag-world","35":"tag-world-news","36":"tag-worldnews"},"share_on_mastodon":{"url":"","error":"Validation failed: Text character limit of 500 exceeded"},"_links":{"self":[{"href":"https:\/\/www.europesays.com\/es\/wp-json\/wp\/v2\/posts\/226202","targetHints":{"allow":["GET"]}}],"collection":[{"href":"https:\/\/www.europesays.com\/es\/wp-json\/wp\/v2\/posts"}],"about":[{"href":"https:\/\/www.europesays.com\/es\/wp-json\/wp\/v2\/types\/post"}],"author":[{"embeddable":true,"href":"https:\/\/www.europesays.com\/es\/wp-json\/wp\/v2\/users\/2"}],"replies":[{"embeddable":true,"href":"https:\/\/www.europesays.com\/es\/wp-json\/wp\/v2\/comments?post=226202"}],"version-history":[{"count":0,"href":"https:\/\/www.europesays.com\/es\/wp-json\/wp\/v2\/posts\/226202\/revisions"}],"wp:featuredmedia":[{"embeddable":true,"href":"https:\/\/www.europesays.com\/es\/wp-json\/wp\/v2\/media\/226203"}],"wp:attachment":[{"href":"https:\/\/www.europesays.com\/es\/wp-json\/wp\/v2\/media?parent=226202"}],"wp:term":[{"taxonomy":"category","embeddable":true,"href":"https:\/\/www.europesays.com\/es\/wp-json\/wp\/v2\/categories?post=226202"},{"taxonomy":"post_tag","embeddable":true,"href":"https:\/\/www.europesays.com\/es\/wp-json\/wp\/v2\/tags?post=226202"}],"curies":[{"name":"wp","href":"https:\/\/api.w.org\/{rel}","templated":true}]}}