{"id":226204,"date":"2025-11-09T05:00:12","date_gmt":"2025-11-09T05:00:12","guid":{"rendered":"https:\/\/www.europesays.com\/es\/226204\/"},"modified":"2025-11-09T05:00:12","modified_gmt":"2025-11-09T05:00:12","slug":"el-pp-revive-sus-fantasmas-con-vox-alarma-entre-los-barones-por-el-pacto-valenciano-espana","status":"publish","type":"post","link":"https:\/\/www.europesays.com\/es\/226204\/","title":{"rendered":"El PP revive sus fantasmas con Vox: alarma entre los barones por el pacto valenciano | Espa\u00f1a"},"content":{"rendered":"<p class=\"\">Tras <a href=\"https:\/\/elpais.com\/espana\/comunidad-valenciana\/2025-11-03\/mazon-anuncia-su-dimision-y-apela-a-vox-para-pactar-un-presidente-interino-de-la-generalitat-ya-no-puedo-mas.html\" target=\"_self\" rel=\"nofollow noopener\" title=\"https:\/\/elpais.com\/espana\/comunidad-valenciana\/2025-11-03\/mazon-anuncia-su-dimision-y-apela-a-vox-para-pactar-un-presidente-interino-de-la-generalitat-ya-no-puedo-mas.html\">la dimisi\u00f3n de Carlos Maz\u00f3n por su gesti\u00f3n de la dana<\/a>, el PP vive un d\u00e9j\u00e0 vu. Otra vez, como en 2023, la Comunidad Valenciana hace de avanzadilla en la nueva generaci\u00f3n de acuerdos con Vox. Con el riesgo de que se repita el guion. <\/p>\n<p class=\"\">Hace dos a\u00f1os, despu\u00e9s de las elecciones auton\u00f3micas de mayo, Maz\u00f3n fue el primer bar\u00f3n del PP que pact\u00f3 con la extrema derecha. Aquel acuerdo se interpret\u00f3 como una entrega a Vox, al que dio entrada en su Gobierno y cuyos postulados asumi\u00f3. Fruto de esa alianza, Maz\u00f3n derog\u00f3 la Ley de Memoria Democr\u00e1tica valenciana y la sustituy\u00f3 por una llamada ley de concordia en la que no se condenaba el franquismo. Tambi\u00e9n acept\u00f3 renombrar la violencia machista con el eufemismo ultra de \u201cviolencia intrafamiliar\u201d. Ese entendimiento entre el PP de Maz\u00f3n y Vox dio munici\u00f3n al PSOE para vincular a Alberto N\u00fa\u00f1ez Feij\u00f3o con la extrema derecha en la campa\u00f1a de las generales de julio de 2023, adelantadas tras aquellas auton\u00f3micas, y el l\u00edder del PP se qued\u00f3 a las puertas de La Moncloa. <\/p>\n<p class=\"\">Ahora, en una especie de segunda parte del ciclo pol\u00edtico de 2023, la Comunidad Valenciana vuelve a inaugurar, con la posible alianza con la extrema derecha, una carrera de citas electorales en varias <a href=\"https:\/\/elpais.com\/espana\/comunidad-valenciana\/2025-11-03\/mazon-anuncia-su-dimision-y-apela-a-vox-para-pactar-un-presidente-interino-de-la-generalitat-ya-no-puedo-mas.html\" target=\"_self\" rel=\"nofollow noopener\" title=\"https:\/\/elpais.com\/espana\/comunidad-valenciana\/2025-11-03\/mazon-anuncia-su-dimision-y-apela-a-vox-para-pactar-un-presidente-interino-de-la-generalitat-ya-no-puedo-mas.html\">comunidades gobernadas por el PP<\/a>; una carrera que, adem\u00e1s, nadie puede descartar que termine en unas generales. As\u00ed lo creen cada vez m\u00e1s dirigentes del PP tras la ruptura de Junts con el Gobierno de Pedro S\u00e1nchez, aunque el l\u00edder del PSOE insiste en que agotar\u00e1 la legislatura hasta 2027. <\/p>\n<p class=\"\">Esos ecos de 2023 han encendido las alarmas en el PP. La negociaci\u00f3n que ha arrancado ya con Vox para elegir al sustituto de Maz\u00f3n al frente de la Generalitat Valenciana ha puesto en alerta a los presidentes populares, que temen el impacto negativo en sus propias citas electorales de los pr\u00f3ximos meses. <\/p>\n<p class=\"\">En los territorios gobernados por el PP reconocen en privado su inquietud, tanto si hay un acuerdo en la Comunidad Valenciana como si no lo hay y se celebran elecciones. \u201cYo estoy poniendo velas a todos los santos para que cierren un pacto pronto\u201d, ironiza un bar\u00f3n, que prefiere \u201cun cierre r\u00e1pido de la negociaci\u00f3n\u201d para que el PP pueda cerrar cuanto antes el malogrado cap\u00edtulo valenciano, que impacta en la marca PP. <\/p>\n<p class=\"\">\u201cDeseo que lo antes posible el Gobierno de la Generalitat Valenciana se ponga a trabajar en la recuperaci\u00f3n\u201d, dijo el presidente de Andaluc\u00eda, Juan Manuel Moreno, este s\u00e1bado a su llegada al congreso del PP andaluz en Sevilla, antes de urgir de forma velada a Vox a que se avenga a un acuerdo. \u201cUna vez que el se\u00f1or Maz\u00f3n ha asumido su dimisi\u00f3n y se marcha\u201d, remarc\u00f3 Moreno, \u201ccreo que los valencianos quieren que se dejen de politiqueo y que se pongan a trabajar\u201d. El l\u00edder andaluz fue reelegido ayer con el 99,5% de los votos.<\/p>\n<p class=\"\">En Sevilla, el PP de Andaluc\u00eda evit\u00f3 referencias a la crisis valenciana, aunque la estela de la dimisi\u00f3n del president sobrevolaba en el ambiente. Los populares andaluces optaron por un congreso sin presencia del resto de barones, que suelen acudir como invitados a los congresos de sus colegas de partido, para evitar distorsiones con la pol\u00edtica nacional. Solo se dej\u00f3 ver por Sevilla el presidente de Murcia, Fernando L\u00f3pez Miras, despu\u00e9s de que la madrile\u00f1a Isabel D\u00edaz Ayuso cancelara a \u00faltima hora su presencia por una leve indisposici\u00f3n. <\/p>\n<p class=\"\">\u201cLo de Valencia se ha convertido en un asunto nacional, y la pol\u00edtica nacional siempre nos influye en nuestras elecciones\u201d, admite, preocupado, un presidente del PP.<\/p>\n<p class=\"\">No era lo previsto. La dimisi\u00f3n de Maz\u00f3n ha alterado los planes de G\u00e9nova. La c\u00fapula de Feij\u00f3o hab\u00eda organizado, en coordinaci\u00f3n con sus barones, una secuencia de elecciones en sus feudos como \u201cgolpes sucesivos al PSOE\u201d, que arrancaba con los comicios en Extremadura el pr\u00f3ximo 21 de diciembre, segu\u00eda con Castilla y Le\u00f3n el 15 de marzo y terminaba en junio con las elecciones en Andaluc\u00eda. Pero la renuncia del president valenciano y la negociaci\u00f3n con Vox para sustituirle aparecen ahora en escena como un estorbo en ese plan, de consecuencias impredecibles. <\/p>\n<p class=\"\">En otros territorios populares temen m\u00e1s a un mal acuerdo con Vox que a la posibilidad de que se repitan las elecciones valencianas. \u201cEs peor que asumamos muchas cesiones ante Abascal, al PP le vendr\u00eda mejor plantarse e ir a las urnas, aunque se perdiera incluso el poder all\u00ed\u201d, afirma un dirigente territorial. En la c\u00fapula de Feij\u00f3o defienden que lo importante es que se perciba que el PP \u201cmarca el camino\u201d a Vox y que dirige lo consensuado hacia asuntos que preocupan a los valencianos, como la reconstrucci\u00f3n tras la dana o la vivienda, en vez de lo que ha puesto Abascal encima de la mesa: el rechazo al pacto verde europeo y a la acogida de menores migrantes. <\/p>\n<p class=\"\">Pero la debilidad del PP en la Comunidad Valenciana preocupa a sus colegas de partido. \u201cMaz\u00f3n ya se humill\u00f3 suficiente cuando aprob\u00f3 sus \u00faltimos Presupuestos con Vox\u201d, recuerda otro dirigente territorial en referencia a las cuentas de 2025, que Maz\u00f3n sac\u00f3 adelante asumiendo gran parte de la ret\u00f3rica de los ultras. Defendi\u00f3, casi con las mismas palabras, \u201cacabar con el Pacto Verde Europeo\u201d y anunci\u00f3 su negativa a aceptar la acogida de un solo menor extranjero no acompa\u00f1ado m\u00e1s en la Comunidad Valenciana. \u201cVox intentar\u00e1 bajarnos ahora los pantalones otra vez, y el riesgo es que nos intenten arrastrar, y luego, pese a todo, vayamos a elecciones tambi\u00e9n en la Comunidad Valenciana\u201d, advierten en el PP. <\/p>\n<p class=\"\">La primera que afronta el riesgo de la negociaci\u00f3n valenciana es la presidenta de Extremadura y candidata a la reelecci\u00f3n, Mar\u00eda Guardiola, que se examina en primer lugar, el 21 de diciembre. Las conversaciones de PP y Vox en Valencia coinciden con su precampa\u00f1a. La extreme\u00f1a aspira a retener el Gobierno en una comunidad donde el PSOE ha dominado la historia reciente, con 36 a\u00f1os en el poder por los cinco del PP. <\/p>\n<p class=\"\">Eso implica un electorado en principio de corte m\u00e1s moderado donde a Guardiola no le interesa la imagen de un PP entregado a la extrema derecha, aunque ella ha gobernado con Vox hasta que los ultras rompieron el Gobierno el verano de 2024. \u201cEst\u00e1 claro que si Vox inviste al candidato del PP en la Comunidad Valenciana, se pacte lo que se pacte, el PSOE lo va a utilizar\u201d, razona otro dirigente popular. \u201cPero hay que mirar la letra peque\u00f1a del acuerdo, que es lo que puede hacer da\u00f1o en las elecciones extreme\u00f1as\u201d, opina. \u201cGuardiola, adem\u00e1s, va a las urnas con el discurso de que la ha obligado una pinza del PSOE y Vox, que le ha bloqueado los Presupuestos, as\u00ed que no le viene bien que Vox justo acuerde con el PP su apoyo a la investidura valenciana\u201d. <\/p>\n<p class=\"\">La ventaja de Guardiola, creen en el PP, es que el PSOE concurre a las urnas con mucha debilidad porque su candidato, Miguel \u00c1ngel Gallardo, est\u00e1 <a href=\"https:\/\/elpais.com\/espana\/2025-11-07\/el-hermano-de-pedro-sanchez-sera-juzgado-del-9-al-14-de-febrero.html\" target=\"_self\" rel=\"nofollow noopener\" title=\"https:\/\/elpais.com\/espana\/2025-11-07\/el-hermano-de-pedro-sanchez-sera-juzgado-del-9-al-14-de-febrero.html\">imputado por el caso del hermano de Pedro S\u00e1nchez<\/a>. <\/p>\n<p class=\"\">Despu\u00e9s de Guardiola, el siguiente que afronta riesgos es el presidente de Castilla y Le\u00f3n, Alfonso Fern\u00e1ndez Ma\u00f1ueco, sobre todo si Vox llevara al PP valenciano a medirse en las urnas. Las elecciones, en ese caso, caer\u00edan el 21 de marzo, justo despu\u00e9s de las castellanoleonesas, previstas para el 15, as\u00ed que se solapar\u00edan ambas campa\u00f1as. <\/p>\n<p class=\"\">Y, por \u00faltimo, el impacto de la onda expansiva valenciana podr\u00eda alcanzar a Andaluc\u00eda, con elecciones en junio en las que Juan Manuel Moreno aspira a revalidar una mayor\u00eda absoluta que ha puesto en riesgo la crisis de los cribados del c\u00e1ncer de mama y el ascenso de Vox. En el entorno del presidente andaluz creen, en cambio, que a diferencia del resto, a \u00e9l le beneficia un acuerdo del PP valenciano con cesiones, para utilizarlo como ejemplo negativo de lo que no debe suceder en Andaluc\u00eda. <\/p>\n<p class=\"\">Moreno pretende replicar la campa\u00f1a que le dio la mayor\u00eda absoluta en 2022, en la que pidi\u00f3 concentrar el voto en su papeleta para no tener que depender de los ultras. \u201cEl cambio tiene que continuar\u201d, clam\u00f3 este s\u00e1bado en Sevilla el presidente andaluz, que pidi\u00f3 una \u201cmayor\u00eda de estabilidad\u201d, es decir, sin necesitar a Vox. <\/p>\n<p class=\"\">En el PP son conscientes de que la gesti\u00f3n de sus pactos auton\u00f3micos ser\u00e1 determinante, otra vez, para el futuro del l\u00edder nacional del PP. \u201cLa pregunta es c\u00f3mo le va a afectar a Feij\u00f3o la dimisi\u00f3n de Maz\u00f3n\u201d, reflexiona un dirigente de un Gobierno auton\u00f3mico, que cree que todav\u00eda es pronto para saberlo, a la espera de saber hasta d\u00f3nde se reedita o no el escenario pol\u00edtico de 2023. <\/p>\n","protected":false},"excerpt":{"rendered":"Tras la dimisi\u00f3n de Carlos Maz\u00f3n por su gesti\u00f3n de la dana, el PP vive un d\u00e9j\u00e0 vu.&hellip;\n","protected":false},"author":2,"featured_media":226205,"comment_status":"","ping_status":"","sticky":false,"template":"","format":"standard","meta":{"footnotes":""},"categories":[8],"tags":[259,4499,17,18,2007,242,4374,25,24,7234,13,14,11,19,20,9,10,15,16,2959,956,45688,6914,23,12,21,22,624],"class_list":{"0":"post-226204","1":"post","2":"type-post","3":"status-publish","4":"format-standard","5":"has-post-thumbnail","7":"category-espana","8":"tag-andalucia","9":"tag-aragon","10":"tag-breaking-news","11":"tag-breakingnews","12":"tag-carlos-mazon","13":"tag-comunidad-valenciana","14":"tag-elecciones","15":"tag-es","16":"tag-espana","17":"tag-extremadura","18":"tag-featured-news","19":"tag-featurednews","20":"tag-headlines","21":"tag-latest-news","22":"tag-latestnews","23":"tag-news","24":"tag-noticias","25":"tag-noticias-destacadas","26":"tag-noticiasdestacadas","27":"tag-pedro-sanchez","28":"tag-pp","29":"tag-pp-a","30":"tag-santiago-abascal","31":"tag-spain","32":"tag-titulares","33":"tag-ultimas-noticias","34":"tag-ultimasnoticias","35":"tag-vox"},"share_on_mastodon":{"url":"https:\/\/pubeurope.com\/@es\/115517982405338523","error":""},"_links":{"self":[{"href":"https:\/\/www.europesays.com\/es\/wp-json\/wp\/v2\/posts\/226204","targetHints":{"allow":["GET"]}}],"collection":[{"href":"https:\/\/www.europesays.com\/es\/wp-json\/wp\/v2\/posts"}],"about":[{"href":"https:\/\/www.europesays.com\/es\/wp-json\/wp\/v2\/types\/post"}],"author":[{"embeddable":true,"href":"https:\/\/www.europesays.com\/es\/wp-json\/wp\/v2\/users\/2"}],"replies":[{"embeddable":true,"href":"https:\/\/www.europesays.com\/es\/wp-json\/wp\/v2\/comments?post=226204"}],"version-history":[{"count":0,"href":"https:\/\/www.europesays.com\/es\/wp-json\/wp\/v2\/posts\/226204\/revisions"}],"wp:featuredmedia":[{"embeddable":true,"href":"https:\/\/www.europesays.com\/es\/wp-json\/wp\/v2\/media\/226205"}],"wp:attachment":[{"href":"https:\/\/www.europesays.com\/es\/wp-json\/wp\/v2\/media?parent=226204"}],"wp:term":[{"taxonomy":"category","embeddable":true,"href":"https:\/\/www.europesays.com\/es\/wp-json\/wp\/v2\/categories?post=226204"},{"taxonomy":"post_tag","embeddable":true,"href":"https:\/\/www.europesays.com\/es\/wp-json\/wp\/v2\/tags?post=226204"}],"curies":[{"name":"wp","href":"https:\/\/api.w.org\/{rel}","templated":true}]}}