{"id":226208,"date":"2025-11-09T05:07:14","date_gmt":"2025-11-09T05:07:14","guid":{"rendered":"https:\/\/www.europesays.com\/es\/226208\/"},"modified":"2025-11-09T05:07:14","modified_gmt":"2025-11-09T05:07:14","slug":"george-hincapie-ficha-para-su-nuevo-equipo-a-un-ex-prodigio-de-ineos-que-paro-por-salud-mental","status":"publish","type":"post","link":"https:\/\/www.europesays.com\/es\/226208\/","title":{"rendered":"George Hincapie ficha para su nuevo equipo a un ex prodigio de INEOS que par\u00f3 por salud mental"},"content":{"rendered":"<p>El nuevo proyecto de <a href=\"https:\/\/ciclismoaldia.es\/george-hincapie\" title=\"George Hincapie\" rel=\"nofollow noopener\" target=\"_blank\">George Hincapie<\/a> en el ciclismo se llama Modern Adventyre Pro Cycling. El equipo estadounidense tiene como objetivo llegar al World Tour en el largo plazo, y poder competir en el Tour de Francia. Para ello, en el <a href=\"https:\/\/ciclismoaldia.es\/mercado-ciclista\" title=\"Mercado Ciclista\" rel=\"nofollow noopener\" target=\"_blank\">mercado ciclista<\/a> se est\u00e1n haciendo movimientos muy interesantes. El \u00faltimo, la llegada de <a href=\"https:\/\/ciclismoaldia.es\/leo-hayter\" title=\"Leo Hayter\" rel=\"nofollow noopener\" target=\"_blank\">Leo Hayter<\/a>.Tras alejarse de la competici\u00f3n el a\u00f1o pasado para centrarse en su salud mental, Leo Hayter regresar\u00e1 al pelot\u00f3n profesional en 2026 con el nuevo <a href=\"https:\/\/ciclismoaldia.es\/modern-adventure-pro-cycling\" title=\"Modern Adventure Pro Cycling\" rel=\"nofollow noopener\" target=\"_blank\">Modern Adventure Pro Cycling<\/a>, respaldado por Hincapie. El brit\u00e1nico, una antigua promesa de INEOS, se une al UCI ProTeam de 20 corredores, que se han comprometido a un plan de 6 a\u00f1os para hacer crecer el conjunto estadounidense.<\/p>\n<p>Hayter, que en agosto de 2024 revel\u00f3 que hab\u00eda estado luchando contra la depresi\u00f3n, la ansiedad y los trastornos alimenticios, no ha competido de forma constante desde que dej\u00f3 INEOS, aunque compiti\u00f3 en dos contrarrelojes hacia el final de la temporada 2025 para el equipo Voster ATS.<\/p>\n<p>En aquel momento, escribi\u00f3 que hab\u00eda \u00absufrido un colapso este a\u00f1o y [llevaba] un tiempo sin entrenar\/competir\u00bb, admitiendo que no era realista continuar con el equipo mientras se recuperaba.<\/p>\n<p>\u00abCreo que somos un buen programa para su regreso. [No hay presi\u00f3n, puede tomarse su tiempo para recuperar su talento. Es un verdadero diamante en bruto\u00bb, dijo Rich Hincapie en declaraciones a <a href=\"https:\/\/www.cyclingnews.com\/news\/hes-a-real-diamond-in-the-rough-leo-hayter-returns-to-peloton-with-george-hincapies-new-team-as-modern-adventure-pro-cycling-reveal-full-roster\/?utm_source=twitter&amp;utm_medium=social&amp;utm_campaign=dhtwitter&amp;utm_content=null\" target=\"_blank\" rel=\"nofollow noopener\">Cycling News<\/a>.<\/p>\n<p>El mensaje encaja con el tono del lanzamiento de Modern Adventure, que hace hincapi\u00e9 en la cultura y la comunidad por encima de los resultados a corto plazo. Rich Hincapie confirm\u00f3 que \u00e9l y su hermano George dan prioridad a \u00abun ambiente familiar primero; los resultados vendr\u00e1n despu\u00e9s\u00bb.<\/p>\n<p><img decoding=\"async\" width=\"500\" height=\"280\" loading=\"lazy\" src=\"https:\/\/www.europesays.com\/es\/wp-content\/uploads\/2025\/11\/leohayter-1103266919-689321720420c.jpg@webp.webp\" class=\"w-auto h-auto\" alt=\"Leo Hayter ficha por el equipo de George Hincapie\"\/><\/p>\n<p>Leo Hayter ficha por el equipo de George Hincapie<\/p>\n<p>Un regreso \u00abalejado\u00bb de los focos<\/p>\n<p>Para Hayter, de 24 a\u00f1os, este fichaje supone un cambio de rumbo tras un periodo turbulento desde su victoria en el Giro de Italia sub-23 en 2022. Su decisi\u00f3n de unirse a la escuadra estadounidense le ofrece una plataforma de baja presi\u00f3n para recuperar la confianza y la forma.<\/p>\n<p>El equipo celebrar\u00e1 su primera reuni\u00f3n en Greenville, Carolina del Sur, el pr\u00f3ximo mes de diciembre, antes de dirigirse a Girona para un campamento de invierno en enero. Con Alex Howes, Ty Magner y Joey Rosskopf como directores, el nuevo proyecto de los Hincapie pretende combinar la experiencia WorldTour con un esp\u00edritu educativo.<\/p>\n<p>Tras la franqueza de su anuncio para 2024, el regreso de Hayter representa algo m\u00e1s que otra historia de traspaso: es un s\u00edmbolo de perseverancia y de un deporte cada vez m\u00e1s dispuesto a hablar de salud mental.<\/p>\n","protected":false},"excerpt":{"rendered":"El nuevo proyecto de George Hincapie en el ciclismo se llama Modern Adventyre Pro Cycling. El equipo estadounidense&hellip;\n","protected":false},"author":2,"featured_media":226209,"comment_status":"","ping_status":"","sticky":false,"template":"","format":"standard","meta":{"footnotes":""},"categories":[273],"tags":[313,312,168,25,24,23,167],"class_list":{"0":"post-226208","1":"post","2":"type-post","3":"status-publish","4":"format-standard","5":"has-post-thumbnail","7":"category-ciclismo","8":"tag-ciclismo","9":"tag-cycling","10":"tag-deportes","11":"tag-es","12":"tag-espana","13":"tag-spain","14":"tag-sports"},"share_on_mastodon":{"url":"https:\/\/pubeurope.com\/@es\/115518009943137471","error":""},"_links":{"self":[{"href":"https:\/\/www.europesays.com\/es\/wp-json\/wp\/v2\/posts\/226208","targetHints":{"allow":["GET"]}}],"collection":[{"href":"https:\/\/www.europesays.com\/es\/wp-json\/wp\/v2\/posts"}],"about":[{"href":"https:\/\/www.europesays.com\/es\/wp-json\/wp\/v2\/types\/post"}],"author":[{"embeddable":true,"href":"https:\/\/www.europesays.com\/es\/wp-json\/wp\/v2\/users\/2"}],"replies":[{"embeddable":true,"href":"https:\/\/www.europesays.com\/es\/wp-json\/wp\/v2\/comments?post=226208"}],"version-history":[{"count":0,"href":"https:\/\/www.europesays.com\/es\/wp-json\/wp\/v2\/posts\/226208\/revisions"}],"wp:featuredmedia":[{"embeddable":true,"href":"https:\/\/www.europesays.com\/es\/wp-json\/wp\/v2\/media\/226209"}],"wp:attachment":[{"href":"https:\/\/www.europesays.com\/es\/wp-json\/wp\/v2\/media?parent=226208"}],"wp:term":[{"taxonomy":"category","embeddable":true,"href":"https:\/\/www.europesays.com\/es\/wp-json\/wp\/v2\/categories?post=226208"},{"taxonomy":"post_tag","embeddable":true,"href":"https:\/\/www.europesays.com\/es\/wp-json\/wp\/v2\/tags?post=226208"}],"curies":[{"name":"wp","href":"https:\/\/api.w.org\/{rel}","templated":true}]}}