{"id":226214,"date":"2025-11-09T05:11:13","date_gmt":"2025-11-09T05:11:13","guid":{"rendered":"https:\/\/www.europesays.com\/es\/226214\/"},"modified":"2025-11-09T05:11:13","modified_gmt":"2025-11-09T05:11:13","slug":"el-sorprendente-giro-financiero-de-najwa-nimri","status":"publish","type":"post","link":"https:\/\/www.europesays.com\/es\/226214\/","title":{"rendered":"el sorprendente giro financiero de Najwa Nimri"},"content":{"rendered":"<p data-start=\"398\" data-end=\"1071\"><strong>Najwa Nimri<\/strong> siempre ha jugado con el misterio. En la pantalla, en la m\u00fasica y en la vida real, la actriz y cantante ha hecho de la contradicci\u00f3n un arte propio. Su paso reciente por La Revuelta, el programa de <strong>David Broncano<\/strong> en Televisi\u00f3n Espa\u00f1ola, lo confirm\u00f3 una vez m\u00e1s: cuando el presentador le pregunt\u00f3 por su patrimonio, una de las preguntas m\u00e1s esperadas de cada entrevista, Nimri respondi\u00f3 con desarmante sinceridad: <strong>\u00abNo tengo nada. Estoy fatal. Cero todo\u00bb<\/strong>. La frase, pronunciada entre risas, dej\u00f3 al p\u00fablico entre la sorpresa y la incredulidad. Solo un a\u00f1o antes, la misma artista hab\u00eda asegurado que su fortuna rondaba los <a href=\"https:\/\/okdiario.com\/look\/actualidad\/confesion-mas-insolita-najwa-nimri-tengo-9mm-rifle-quiero-morir-2413733\" rel=\"nofollow noopener\" target=\"_blank\"><strong data-start=\"1034\" data-end=\"1068\">doce millones y medio de euros<\/strong>.<\/a><\/p>\n<p data-start=\"1073\" data-end=\"1615\">El aparente desplome financiero de una de las actrices m\u00e1s ic\u00f3nicas del panorama espa\u00f1ol ha despertado un inter\u00e9s inmediato. \u00bfRealmente Najwa Nimri ha perdido su patrimonio o se trata, como muchos sospechan, de una de sus provocaciones calculadas? Lo cierto es que la int\u00e9rprete de Vis a vis y La casa de papel no solo ha sabido reinventarse en cada etapa de su carrera, sino tambi\u00e9n <strong>gestionar una trayectoria de m\u00e1s de treinta a\u00f1os entre el cine, la televisi\u00f3n y la m\u00fasica<\/strong>, acompa\u00f1ada de un patrimonio tangible, diverso y muy singular.<\/p>\n<blockquote class=\"instagram-media\" style=\"background: #FFF; border: 0; border-radius: 3px; box-shadow: 0 0 1px 0 rgba(0,0,0,0.5),0 1px 10px 0 rgba(0,0,0,0.15); margin: 1px; max-width: 540px; min-width: 326px; padding: 0; width: calc(100% - 2px);\" data-instgrm-captioned=\"\" data-instgrm-permalink=\"https:\/\/www.instagram.com\/reel\/DQXmkdwiYCV\/?utm_source=ig_embed&amp;utm_campaign=loading\" data-instgrm-version=\"14\">\n<\/blockquote>\n<p data-start=\"1617\" data-end=\"2286\">Nacida en Pamplona en 1972, hija de padre jordano y madre navarra, Najwa creci\u00f3 en el barrio bilba\u00edno de Santutxu antes de mudarse a Madrid a los 17 a\u00f1os para perseguir su vocaci\u00f3n art\u00edstica. Su debut en Salto al vac\u00edo (1995), dirigida por<a href=\"https:\/\/okdiario.com\/look\/actualidad\/nuria-roca-particulares-consejos-relax-hormiguero-812152\" rel=\"nofollow noopener\" target=\"_blank\"> Daniel Calparsoro<\/a> -quien ser\u00eda su marido durante cinco a\u00f1os- marc\u00f3 el inicio de una filmograf\u00eda excepcional. Desde entonces, ha trabajado a las \u00f3rdenes de <strong data-start=\"2014\" data-end=\"2080\">Julio Medem, Alejandro Amen\u00e1bar, Ic\u00edar Bolla\u00edn o Carlos Vermut<\/strong>, protagonizando t\u00edtulos como Los amantes del c\u00edrculo polar, Luc\u00eda y el sexo o Qui\u00e9n te cantar\u00e1, y consolidando una carrera internacional con series como Vis a vis, La casa de papel o Respira.<\/p>\n<p data-start=\"2288\" data-end=\"2846\">Su \u00e9xito profesional se tradujo tambi\u00e9n en una importante <strong data-start=\"2346\" data-end=\"2377\">diversificaci\u00f3n patrimonial<\/strong>. Seg\u00fan los registros p\u00fablicos, Najwa Nimri figura como administradora \u00fanica de <strong data-start=\"2457\" data-end=\"2476\">Najwa 2001 S.L.<\/strong>, una productora destinada a sus proyectos audiovisuales, adem\u00e1s de <strong data-start=\"2544\" data-end=\"2564\">Samba Nimri S.L.<\/strong>, vinculada a su carrera musical, y <strong data-start=\"2600\" data-end=\"2619\">Royal Role S.L.<\/strong>, compartida con el productor Carlos Dorrego. Ninguna de ellas, sin embargo, ha declarado actividad oficial reciente, lo que alimenta la percepci\u00f3n de que la actriz mantiene su econom\u00eda bajo un perfil discreto y personalista.<\/p>\n<p>\n<img decoding=\"async\" loading=\"lazy\" class=\"size-full wp-image-2419778\" alt=\"Najwa Nimri en un evento en Madrid. (Foto: Gtres)\" width=\"1684\" height=\"2560\"  src=\"https:\/\/www.europesays.com\/es\/wp-content\/uploads\/2025\/10\/placeholder.jpg\"  bad-src=\"https:\/\/www.europesays.com\/es\/wp-content\/uploads\/2025\/10\/placeholder.jpg\"\/><\/p>\n<p><img decoding=\"async\" loading=\"lazy\" class=\"size-full wp-image-2419778\" src=\"https:\/\/www.europesays.com\/es\/wp-content\/uploads\/2025\/11\/u591554_061-1-scaled.jpg\" alt=\"Najwa Nimri en un evento en Madrid. (Foto: Gtres)\" width=\"1684\" height=\"2560\"  \/><\/p>\n<p> Najwa Nimri en un evento en Madrid. (Foto: Gtres)\n<\/p>\n<p data-start=\"2848\" data-end=\"3655\">En el \u00e1mbito inmobiliario, su gusto por los espacios con alma es tan evidente como su eclecticismo. En 2019 adquiri\u00f3 un <strong data-start=\"2968\" data-end=\"3026\">piso de 70 metros cuadrados en el barrio de Las Letras<\/strong>, uno de los enclaves m\u00e1s bohemios del centro de Madrid. Dos a\u00f1os despu\u00e9s, ampli\u00f3 su patrimonio con <strong data-start=\"3126\" data-end=\"3169\">una vivienda abuhardillada en La Latina<\/strong>, fiel a su esp\u00edritu urbano y cosmopolita. Pero su refugio real se encuentra lejos del bullicio: en <strong data-start=\"3269\" data-end=\"3278\">\u00c1vila<\/strong>, donde posee un <strong data-start=\"3295\" data-end=\"3335\">antiguo vag\u00f3n de tren de los a\u00f1os 40<\/strong> transformado en una casa de dise\u00f1o. <a href=\"https:\/\/okdiario.com\/look\/actualidad\/anabel-pantoja-najwa-nimri-fashion-week-1553729\" rel=\"nofollow noopener\" target=\"_blank\">\u00abPor dentro es como un sal\u00f3n de fumadores de los a\u00f1os 20; el jard\u00edn, lleno de bamb\u00fa, parece Miami\u00bb<\/a>, describ\u00eda en la revista AD. Ese rinc\u00f3n, adquirido sobre un terreno propio, simboliza mejor que cualquier cifra su particular concepto de lujo: el aislamiento, la calma, la rareza.<\/p>\n<p data-start=\"3657\" data-end=\"4007\">A estas propiedades se suma una <strong data-start=\"3689\" data-end=\"3720\">casa frente al mar en J\u00e1vea<\/strong>, Alicante, que alquila por m\u00e1s de 1.000 euros la noche. De l\u00edneas minimalistas y vistas infinitas, la vivienda se ha convertido en su espacio estival y una fuente adicional de ingresos. Un patrimonio arquitect\u00f3nico que refleja tanto su independencia econ\u00f3mica como su visi\u00f3n est\u00e9tica.<\/p>\n<p>\n<img decoding=\"async\" loading=\"lazy\" class=\"size-full wp-image-2419765\" alt=\"Jos\u00e9 Mendes Vieira y Najwa Nimri en el Open de Madrid. (Foto: Gtres)\" width=\"1800\" height=\"1200\"  src=\"https:\/\/www.europesays.com\/es\/wp-content\/uploads\/2025\/10\/placeholder.jpg\"  bad-src=\"https:\/\/www.europesays.com\/es\/wp-content\/uploads\/2025\/10\/placeholder.jpg\"\/><\/p>\n<p><img decoding=\"async\" loading=\"lazy\" class=\"size-full wp-image-2419765\" src=\"https:\/\/www.europesays.com\/es\/wp-content\/uploads\/2025\/11\/u581629_005-1.jpg\" alt=\"Jos\u00e9 Mendes Vieira y Najwa Nimri en el Open de Madrid. (Foto: Gtres)\" width=\"1800\" height=\"1200\"  \/><\/p>\n<p> Jos\u00e9 Mendes Vieira y Najwa Nimri en el Open de Madrid. (Foto: Gtres)\n<\/p>\n<p data-start=\"4009\" data-end=\"4355\">En lo personal, Najwa vive acompa\u00f1ada de su hijo Teo, de 21 a\u00f1os, y mantiene una relaci\u00f3n con <strong data-start=\"4103\" data-end=\"4125\">Jos\u00e9 Mendes Vieira<\/strong>, modelo y productor musical de 28 a\u00f1os. Su pareja, a quien conoci\u00f3 en 2024, la acompa\u00f1a con discreci\u00f3n en festivales y rodajes, aportando un toque de juventud y complicidad a una artista que parece reinventarse con cada d\u00e9cada.<\/p>\n<p>\t\t\t\t\t\t\t<script async src=\"\/\/www.instagram.com\/embed.js\"><\/script><\/p>\n","protected":false},"excerpt":{"rendered":"Najwa Nimri siempre ha jugado con el misterio. En la pantalla, en la m\u00fasica y en la vida&hellip;\n","protected":false},"author":2,"featured_media":226215,"comment_status":"","ping_status":"","sticky":false,"template":"","format":"standard","meta":{"footnotes":""},"categories":[174],"tags":[255,146,147,25,24,256,56883,23],"class_list":{"0":"post-226214","1":"post","2":"type-post","3":"status-publish","4":"format-standard","5":"has-post-thumbnail","7":"category-famosos","8":"tag-celebrities","9":"tag-entertainment","10":"tag-entretenimiento","11":"tag-es","12":"tag-espana","13":"tag-famosos","14":"tag-najwa-nimri","15":"tag-spain"},"share_on_mastodon":{"url":"https:\/\/pubeurope.com\/@es\/115518025705049920","error":""},"_links":{"self":[{"href":"https:\/\/www.europesays.com\/es\/wp-json\/wp\/v2\/posts\/226214","targetHints":{"allow":["GET"]}}],"collection":[{"href":"https:\/\/www.europesays.com\/es\/wp-json\/wp\/v2\/posts"}],"about":[{"href":"https:\/\/www.europesays.com\/es\/wp-json\/wp\/v2\/types\/post"}],"author":[{"embeddable":true,"href":"https:\/\/www.europesays.com\/es\/wp-json\/wp\/v2\/users\/2"}],"replies":[{"embeddable":true,"href":"https:\/\/www.europesays.com\/es\/wp-json\/wp\/v2\/comments?post=226214"}],"version-history":[{"count":0,"href":"https:\/\/www.europesays.com\/es\/wp-json\/wp\/v2\/posts\/226214\/revisions"}],"wp:featuredmedia":[{"embeddable":true,"href":"https:\/\/www.europesays.com\/es\/wp-json\/wp\/v2\/media\/226215"}],"wp:attachment":[{"href":"https:\/\/www.europesays.com\/es\/wp-json\/wp\/v2\/media?parent=226214"}],"wp:term":[{"taxonomy":"category","embeddable":true,"href":"https:\/\/www.europesays.com\/es\/wp-json\/wp\/v2\/categories?post=226214"},{"taxonomy":"post_tag","embeddable":true,"href":"https:\/\/www.europesays.com\/es\/wp-json\/wp\/v2\/tags?post=226214"}],"curies":[{"name":"wp","href":"https:\/\/api.w.org\/{rel}","templated":true}]}}