{"id":226220,"date":"2025-11-09T05:19:14","date_gmt":"2025-11-09T05:19:14","guid":{"rendered":"https:\/\/www.europesays.com\/es\/226220\/"},"modified":"2025-11-09T05:19:14","modified_gmt":"2025-11-09T05:19:14","slug":"jessica-bueno-desvela-los-celos-de-kiko-rivera-hacia-jota-peleteiro-por-su-hijo-le-decia-papa","status":"publish","type":"post","link":"https:\/\/www.europesays.com\/es\/226220\/","title":{"rendered":"Jessica Bueno desvela los celos de Kiko Rivera hacia Jota Peleteiro por su hijo: \u00abLe dec\u00eda pap\u00e1\u00bb"},"content":{"rendered":"<p class=\"v-mdl-ath__p v-mdl-ath__p--6\">\nS\u00e1bado, 8 de noviembre 2025, 11:19<\/p>\n<p class=\"v-p\">Jessica Bueno vuelve a estar en el foco de la prensa rosa tras su segundo puesto en &#8216;Supervivientes All Star&#8217;. Esta vez, ha acudido al plat\u00f3 de &#8216;De Viernes&#8217;, en el que ha hablado sobre sus exparejas, Kiko Rivera y Jota Peleteiro. <\/p>\n<p class=\"v-p\">El primero, tambi\u00e9n entrevistado en el programa, sorprendi\u00f3 al confesar los celos que sent\u00eda por la estrecha relaci\u00f3n del exfutbolista con su hijo. El hijo de Isabel Pantoja no soportaba ver c\u00f3mo su peque\u00f1o llamaba \u00abpap\u00e1\u00bb a Jota.. \u00abFue muy doloroso. Era la primera vez que me suced\u00eda eso lo pas\u00e9 muy mal, extremadamente mal\u00bb, explicaba. \u00abFran conviv\u00eda con Jota, pero no lo empez\u00f3 a llamar pap\u00e1 al principio sino cuando tuve mi segundo hijo. \u00bbMi hijo siempre ha sido consciente de qui\u00e9n es su padre\u00ab, aclaraba despu\u00e9s la modelo. <\/p>\n<p class=\"v-p\">De hecho, Bueno explic\u00f3 que a d\u00eda de hoy mantiene una relaci\u00f3n cordial con Rivera. \u00abLlevo notando ese cambio desde hace varios a\u00f1os, sobre todo, desde que inicio la relaci\u00f3n con Irene. Lo noto m\u00e1s maduro\u00bb, ensalzaba. Una buena sinton\u00eda que refrendaba Rivera. \u00abCon Jessica Bueno tengo una relaci\u00f3n maravillosa, hemos madurado los dos como personas y como padres&#8230; Para mi son las dos mujeres m\u00e1s importantes de mi vida, Jessica Bueno e Irene Rosales\u00bb.<\/p>\n<p class=\"v-p\">Precisamente, el hijo de la tonadillera fue pillado por varios paparazzis llegando a la casa de Sevilla de Bueno para la celebraci\u00f3n del cumplea\u00f1os de Fran, el hijo que tienen en com\u00fan. Algo ins\u00f3lito, ya que a ambos no se les ha vuelto a ver juntos desde que se separaron en 2013, cuando su peque\u00f1o eran tan solo un beb\u00e9. <\/p>\n<p>Reporta un error<\/p>\n","protected":false},"excerpt":{"rendered":"S\u00e1bado, 8 de noviembre 2025, 11:19 Jessica Bueno vuelve a estar en el foco de la prensa rosa&hellip;\n","protected":false},"author":2,"featured_media":226221,"comment_status":"","ping_status":"","sticky":false,"template":"","format":"standard","meta":{"footnotes":""},"categories":[91],"tags":[5133,58082,47284,146,147,25,24,30,5132,9174,3523,12629,59687,7197,5977,10787,23],"class_list":{"0":"post-226220","1":"post","2":"type-post","3":"status-publish","4":"format-standard","5":"has-post-thumbnail","7":"category-entretenimiento","8":"tag-bueno","9":"tag-celos","10":"tag-decia","11":"tag-entertainment","12":"tag-entretenimiento","13":"tag-es","14":"tag-espana","15":"tag-hijo","16":"tag-jessica","17":"tag-jota","18":"tag-kiko","19":"tag-papa","20":"tag-peletiro","21":"tag-recuerda","22":"tag-relacion","23":"tag-rivera","24":"tag-spain"},"share_on_mastodon":{"url":"https:\/\/pubeurope.com\/@es\/115518056924267587","error":""},"_links":{"self":[{"href":"https:\/\/www.europesays.com\/es\/wp-json\/wp\/v2\/posts\/226220","targetHints":{"allow":["GET"]}}],"collection":[{"href":"https:\/\/www.europesays.com\/es\/wp-json\/wp\/v2\/posts"}],"about":[{"href":"https:\/\/www.europesays.com\/es\/wp-json\/wp\/v2\/types\/post"}],"author":[{"embeddable":true,"href":"https:\/\/www.europesays.com\/es\/wp-json\/wp\/v2\/users\/2"}],"replies":[{"embeddable":true,"href":"https:\/\/www.europesays.com\/es\/wp-json\/wp\/v2\/comments?post=226220"}],"version-history":[{"count":0,"href":"https:\/\/www.europesays.com\/es\/wp-json\/wp\/v2\/posts\/226220\/revisions"}],"wp:featuredmedia":[{"embeddable":true,"href":"https:\/\/www.europesays.com\/es\/wp-json\/wp\/v2\/media\/226221"}],"wp:attachment":[{"href":"https:\/\/www.europesays.com\/es\/wp-json\/wp\/v2\/media?parent=226220"}],"wp:term":[{"taxonomy":"category","embeddable":true,"href":"https:\/\/www.europesays.com\/es\/wp-json\/wp\/v2\/categories?post=226220"},{"taxonomy":"post_tag","embeddable":true,"href":"https:\/\/www.europesays.com\/es\/wp-json\/wp\/v2\/tags?post=226220"}],"curies":[{"name":"wp","href":"https:\/\/api.w.org\/{rel}","templated":true}]}}