{"id":226222,"date":"2025-11-09T05:21:08","date_gmt":"2025-11-09T05:21:08","guid":{"rendered":"https:\/\/www.europesays.com\/es\/226222\/"},"modified":"2025-11-09T05:21:08","modified_gmt":"2025-11-09T05:21:08","slug":"la-factura-digital-trae-de-cabeza-a-las-profesiones-liberales-negocios","status":"publish","type":"post","link":"https:\/\/www.europesays.com\/es\/226222\/","title":{"rendered":"La factura digital trae de cabeza a las profesiones liberales | Negocios"},"content":{"rendered":"<p class=\"\">El 2026 ser\u00e1 un a\u00f1o de <a href=\"https:\/\/elpais.com\/economia\/2025-11-06\/espana-perdio-mas-de-30000-millones-en-impuestos-entre-2016-y-2021-por-la-ingenieria-fiscal-de-las-multinacionales.html\" target=\"_self\" rel=\"nofollow noopener\" title=\"https:\/\/elpais.com\/economia\/2025-11-06\/espana-perdio-mas-de-30000-millones-en-impuestos-entre-2016-y-2021-por-la-ingenieria-fiscal-de-las-multinacionales.html\">profunda transformaci\u00f3n<\/a> en la gesti\u00f3n de despachos y bufetes \u2014particularmente los de peque\u00f1o tama\u00f1o\u2014 con la implementaci\u00f3n general <a href=\"https:\/\/cincodias.elpais.com\/cincodias\/2024\/02\/23\/autonomos\/1708703553_573102.html\" target=\"_self\" rel=\"nofollow noopener\" title=\"https:\/\/cincodias.elpais.com\/cincodias\/2024\/02\/23\/autonomos\/1708703553_573102.html\">del sistema VeriFactu<\/a> de la Agencia Tributaria (AEAT), lo que supone un desaf\u00edo para un colectivo acostumbrado a gestionar sus facturas o minutas en muchos casos de forma artesanal. Esta medida, que responde al fortalecimiento de la lucha contra el fraude fiscal, est\u00e1 generando un impacto considerable en la adaptaci\u00f3n digital y organizativa de abogados, procuradores y otros profesionales liberales.<\/p>\n<p class=\"\">El sistema VeriFactu <a href=\"https:\/\/cincodias.elpais.com\/opinion\/2023-08-15\/factura-electronica-y-verifactu-que-deben-conocer-las-empresas.html\" target=\"_self\" rel=\"nofollow noopener\" title=\"https:\/\/cincodias.elpais.com\/opinion\/2023-08-15\/factura-electronica-y-verifactu-que-deben-conocer-las-empresas.html\">entrar\u00e1 en vigor el 1 de enero de 2026 <\/a>para sociedades (empresas y pymes sujetas al impuesto sobre sociedades) y el 1 de julio del mismo a\u00f1o para el resto de los aut\u00f3nomos y profesionales liberales. Este sistema exige que las facturas sean emitidas \u00fanicamente mediante software certificado \u2014desde el 1 de julio de 2025 no se admite ning\u00fan sistema que permita caja b\u2014 que garantice la autenticidad, integridad y trazabilidad de los pagos, adem\u00e1s de facilitar el control inmediato por parte de Hacienda. Las sanciones por incumplimiento pueden alcanzar hasta 50.000 euros, lo que subraya la importancia de cumplir con la <a href=\"https:\/\/elpais.com\/economia\/2025-10-20\/la-empresa-familiar-clama-contra-el-absentismo-laboral-y-el-bloqueo-legislativo.html\" target=\"_self\" rel=\"nofollow noopener\" title=\"https:\/\/elpais.com\/economia\/2025-10-20\/la-empresa-familiar-clama-contra-el-absentismo-laboral-y-el-bloqueo-legislativo.html\">nueva normativa.<\/a> Seg\u00fan el estudio Observatorio TeamSystem: Radiograf\u00eda y diagn\u00f3stico de pymes, aut\u00f3nomos y asesor\u00edas, elaborado por Ipsos, seis de cada diez pymes y aut\u00f3nomos (62%) desconocen c\u00f3mo proceder o no tienen un plan definido para adaptarse a VeriFactu. Solo un 8% ha logrado implementar ya los sistemas necesarios, un 15% est\u00e1 en fase piloto y un 16% tiene un plan con fechas concretas.<\/p>\n<p class=\"\">El reglamento que debe detallar los <a href=\"https:\/\/cincodias.elpais.com\/cincodias\/2024\/02\/23\/autonomos\/1708703553_573102.html\" target=\"_self\" rel=\"nofollow noopener\" title=\"https:\/\/cincodias.elpais.com\/cincodias\/2024\/02\/23\/autonomos\/1708703553_573102.html\">requisitos t\u00e9cnicos<\/a> de la factura electr\u00f3nica a\u00fan no se ha aprobado ni publicado en el BOE. Por lo tanto, los plazos para la obligatoriedad en transacciones B2B \u2014las se producen entre dos empresas, no entre una empresa y un consumidor final\u2014 todav\u00eda <a href=\"https:\/\/elpais.com\/economia\/2025-10-13\/mas-impuestos-para-las-pensiones.html\" target=\"_self\" rel=\"nofollow noopener\" title=\"https:\/\/elpais.com\/economia\/2025-10-13\/mas-impuestos-para-las-pensiones.html\">no han empezado a correr<\/a>. Pero la cuenta atr\u00e1s de VeriFactu s\u00ed est\u00e1 en marcha: la fecha l\u00edmite para que pymes y aut\u00f3nomos adapten su software es el 1 de enero de 2026 para las empresas sujetas al impuesto sobre sociedades y el 1 de julio para el resto de las empresas, pymes y aut\u00f3nomos. Esta fecha es firme. \u201cEl error m\u00e1s grave que una pyme o un aut\u00f3nomo puede cometer es minimizar las consecuencias de la Ley Antifraude (VeriFactu) s\u00f3lo porque la factura electr\u00f3nica de la Ley Crea y Crece a\u00fan no tenga fecha\u201d, indica Jos\u00e9 Manuel Fuentes, consejero delegado de la consultora tecnol\u00f3gica Cosmomedia.<\/p>\n<p class=\"\">El informe de Ipsos se\u00f1ala <a href=\"https:\/\/cincodias.elpais.com\/opinion\/2025-03-12\/hacia-la-digitalizacion-de-las-facturas.html\" target=\"_self\" rel=\"nofollow noopener\" title=\"https:\/\/cincodias.elpais.com\/opinion\/2025-03-12\/hacia-la-digitalizacion-de-las-facturas.html\">que s\u00f3lo un 35% de las pymes<\/a> y aut\u00f3nomos utilizan ya un software de facturaci\u00f3n, mientras otro 35% sigue facturando manualmente con papel o Excel, un reflejo de la escasa digitalizaci\u00f3n del sector, lo que dificulta el cumplimiento de VeriFactu. El impacto jur\u00eddico de esta transformaci\u00f3n es notable. La factura electr\u00f3nica adquiere una nueva dimensi\u00f3n probatoria ante la Agencia Tributaria y otros \u00f3rganos administrativos, incrementando la exigencia de cumplimiento formal y documental. Cualquier error t\u00e9cnico o de procedimiento puede derivar en sanciones, auditor\u00edas o complicaciones legales que afecten la viabilidad econ\u00f3mica del profesional liberal. La creciente digitalizaci\u00f3n de la econom\u00eda est\u00e1 dejando al descubierto una doble carencia: la brecha tecnol\u00f3gica y la falta de formaci\u00f3n adecuada.<\/p>\n<p>Mayor control de Hacienda<\/p>\n<p class=\"\">\u201cCon Verifactu lo \u00fanico que cambia es que Hacienda conocer\u00e1 todos los ingresos de los profesionales, no altera su fiscalidad actual\u201d, se\u00f1ala el abogado Gonzalo de Luis, que aclara que las vigentes normas de IVA siguen funcionando y nada cambia en este sentido. \u201cSi se usa el criterio de devengo, se ingresa en el momento de emitir la factura, aunque no se haya cobrado y si el cliente no paga, es posible recuperar el IVA mediante el procedimiento de impago; si se sigue el criterio de caja, el IVA se ingresa s\u00f3lo cuando se cobra la factura, pero debe declararse obligatoriamente antes de que pasen dos a\u00f1os desde la operaci\u00f3n\u201d. En definitiva, subraya, \u201clo que pasa con VeriFactu es que Hacienda va a tener mayor control\u201d<\/p>\n<p class=\"\">El consejero delegado de TeamSystem Espa\u00f1a, Emilio de la Fuente, le da la vuelta a la tortilla: \u201cPymes y aut\u00f3nomos no tienen que ver VeriFactu y la factura electr\u00f3nica como un tr\u00e1mite, sino como una oportunidad para su negocio. Si el mercado deja la adaptaci\u00f3n para el \u00faltimo momento, veremos cuellos de botella en 2026. Cumplir con Hacienda es insoslayable, pero el verdadero beneficio est\u00e1 en reducir la morosidad, acelerar cobros y profesionalizar toda la gesti\u00f3n del negocio\u201d, defiende.<\/p>\n<p class=\"\">En definitiva, la implantaci\u00f3n de VeriFactu sit\u00faa a las profesiones liberales en un reto que trasciende lo t\u00e9cnico para pasar a lo estructural. Y es que, seg\u00fan el Consejo General de la Abogac\u00eda Espa\u00f1ola (CGAE) los bufetes de menos de diez personas (incluidos los unipersonales) acapararon la mitad de la cifra de negocio del sector en 2023. El presidente del Consejo General de Colegios de Gestores Administrativos, Fernando Santiago, lanza un mensaje de tranquilidad : \u201cConviene distinguir entre el ruido y la realidad jur\u00eddica. A d\u00eda de hoy, la factura electr\u00f3nica s\u00f3lo es obligatoria en las relaciones con las Administraciones p\u00fablicas\u201d, apunta. El desarrollo reglamentario que activar\u00e1 su aplicaci\u00f3n general al conjunto de las empresas y profesionales a\u00fan no ha sido aprobado, \u201cpor lo que los plazos no han comenzado a correr. Por tanto, no hay una urgencia inmediata, pero s\u00ed una oportunidad para planificar con calma la transici\u00f3n digital y evitar improvisaciones\u201d. Para Fernando Santiago, \u201cla adaptaci\u00f3n a la factura electr\u00f3nica no debe afrontarse como una carrera contrarreloj, sino como un proceso ordenado de modernizaci\u00f3n que permitir\u00e1 mejorar la trazabilidad, la transparencia y la eficiencia en la gesti\u00f3n de los despachos y las empresas\u201d.<\/p>\n<p>Dos obligaciones diferentes<\/p>\n<p>Hay una confusi\u00f3n general entre la factura electr\u00f3nica y el sistema Verifactu, as\u00ed como cu\u00e1ndo se aplican. En realidad, son dos obligaciones diferentes, aunque complementarias, aclara el abogado Gonzalo de Luis: \u201cLa factura electr\u00f3nica es un sistema de facturaci\u00f3n en formato digital. No se est\u00e1 obligado, salvo que se emita factura a una Administraci\u00f3n P\u00fablica. VeriFactu es un sistema de verificaci\u00f3n y\/o env\u00edo de datos de facturas de ingreso (no de gastos) a la Agencia Tributaria\u201d. De Luis recuerda que \u201caunque todav\u00eda no sea siempre obligatoria la factura electr\u00f3nica, un PDF enviado por correo electr\u00f3nico no tendr\u00e1 esa consideraci\u00f3n\u201d.<\/p>\n","protected":false},"excerpt":{"rendered":"El 2026 ser\u00e1 un a\u00f1o de profunda transformaci\u00f3n en la gesti\u00f3n de despachos y bufetes \u2014particularmente los de&hellip;\n","protected":false},"author":2,"featured_media":226223,"comment_status":"","ping_status":"","sticky":false,"template":"","format":"standard","meta":{"footnotes":""},"categories":[80],"tags":[82,28060,41516,95,94,17505,25,24,13636,57658,766,27545,763,23],"class_list":{"0":"post-226222","1":"post","2":"type-post","3":"status-publish","4":"format-standard","5":"has-post-thumbnail","7":"category-economia","8":"tag-business","9":"tag-derechos-civiles","10":"tag-digitalizacion-empresarial","11":"tag-economia","12":"tag-economy","13":"tag-empresarios","14":"tag-es","15":"tag-espana","16":"tag-facturas","17":"tag-firma-electronica","18":"tag-impuestos","19":"tag-legislacion","20":"tag-ministerio-de-hacienda","21":"tag-spain"},"share_on_mastodon":{"url":"https:\/\/pubeurope.com\/@es\/115518064866328502","error":""},"_links":{"self":[{"href":"https:\/\/www.europesays.com\/es\/wp-json\/wp\/v2\/posts\/226222","targetHints":{"allow":["GET"]}}],"collection":[{"href":"https:\/\/www.europesays.com\/es\/wp-json\/wp\/v2\/posts"}],"about":[{"href":"https:\/\/www.europesays.com\/es\/wp-json\/wp\/v2\/types\/post"}],"author":[{"embeddable":true,"href":"https:\/\/www.europesays.com\/es\/wp-json\/wp\/v2\/users\/2"}],"replies":[{"embeddable":true,"href":"https:\/\/www.europesays.com\/es\/wp-json\/wp\/v2\/comments?post=226222"}],"version-history":[{"count":0,"href":"https:\/\/www.europesays.com\/es\/wp-json\/wp\/v2\/posts\/226222\/revisions"}],"wp:featuredmedia":[{"embeddable":true,"href":"https:\/\/www.europesays.com\/es\/wp-json\/wp\/v2\/media\/226223"}],"wp:attachment":[{"href":"https:\/\/www.europesays.com\/es\/wp-json\/wp\/v2\/media?parent=226222"}],"wp:term":[{"taxonomy":"category","embeddable":true,"href":"https:\/\/www.europesays.com\/es\/wp-json\/wp\/v2\/categories?post=226222"},{"taxonomy":"post_tag","embeddable":true,"href":"https:\/\/www.europesays.com\/es\/wp-json\/wp\/v2\/tags?post=226222"}],"curies":[{"name":"wp","href":"https:\/\/api.w.org\/{rel}","templated":true}]}}