{"id":226224,"date":"2025-11-09T05:22:11","date_gmt":"2025-11-09T05:22:11","guid":{"rendered":"https:\/\/www.europesays.com\/es\/226224\/"},"modified":"2025-11-09T05:22:11","modified_gmt":"2025-11-09T05:22:11","slug":"bataclan-diez-anos-del-trauma-que-cambio-francia-internacional","status":"publish","type":"post","link":"https:\/\/www.europesays.com\/es\/226224\/","title":{"rendered":"Bataclan, diez a\u00f1os del trauma que cambi\u00f3 Francia | Internacional"},"content":{"rendered":"<p class=\"\">Los primeros acordes de Kiss the Devil, de Eagles of Death Metal, sonaban sobre el escenario mientras su vocalista, Jesse Hughes, empu\u00f1aba el micro. Entonces irrumpi\u00f3 aquel ruido. Y un extra\u00f1o olor. Algunos pensaron que se trataba de alg\u00fan efecto sonoro, petardos. Otros no lo dudaron. \u201cEstaba seguro de que eran disparos. Me gustan mucho los videojuegos y conozco esos sonidos. Luego me acerqu\u00e9 al balc\u00f3n que daba al escenario y vi la matanza. Mi amigo entr\u00f3 en p\u00e1nico, corri\u00f3 hacia adentro y supe que morir\u00eda. Yo sal\u00ed por una ventana para intentar subir al tejado, pero no pude y me qued\u00e9 ah\u00ed colgado durante diez minutos\u201d, recuerda David Fritz Goeppinger, en un caf\u00e9 junto al Sena. <a href=\"https:\/\/elpais.com\/internacional\/2020-11-12\/cinco-anos-del-bataclan-la-amenaza-persistente.html\" target=\"_self\" rel=\"nofollow noopener\" title=\"https:\/\/elpais.com\/internacional\/2020-11-12\/cinco-anos-del-bataclan-la-amenaza-persistente.html\">Era viernes 13 de noviembre de 2015 en la sala Bataclan de Par\u00eds.<\/a><\/p>\n<p class=\"\">El sonido era el de tres fusiles AK-47 de los terroristas ametrallando a las 1.500 personas de la sala. Y los atentados de aquella noche acababan de comenzar. En una acci\u00f3n sincronizada entre las 21.20 del viernes y las 01.40 del s\u00e1bado, tres comandos de nueve hombres con armas autom\u00e1ticas y cinturones explosivos mataron a 130 personas y dejaron 350 heridos; 90 personas perdieron la vida en el Bataclan. En varias terrazas y restaurantes<b> <\/b>del distrito 10 y 11 de Par\u00eds, otras 39. En el Stade de France, una m\u00e1s.<b> <\/b>El grupo terrorista Estado Isl\u00e1mico (ISIS, por sus siglas en ingl\u00e9s), <a href=\"https:\/\/elpais.com\/internacional\/2017\/11\/09\/actualidad\/1510256904_681612.html\" target=\"_self\" rel=\"nofollow noopener\" title=\"https:\/\/elpais.com\/internacional\/2017\/11\/09\/actualidad\/1510256904_681612.html\">que controlaba todav\u00eda ciudades como Raqa, en Siria, o Mosul, en Irak, <\/a>reivindic\u00f3 los ataques horas despu\u00e9s. Una respuesta, anunciaron, a la participaci\u00f3n de Francia en la coalici\u00f3n internacional que bombardeaba sus posiciones en los dos pa\u00edses \u00e1rabes.<\/p>\n<p><img decoding=\"auto\" class=\"_re lazyload a_m-h\" height=\"311\"  width=\"414\"  src=\"https:\/\/www.europesays.com\/es\/wp-content\/uploads\/2025\/11\/E2UQZXA6UJBP7MHKCNEF4K7ROE.jpg\" loading=\"lazy\"\/>El bar La Bonne Bi\u00e8re, tiroteado el 13 de noviembre de 2015, donde murieron cinco personas.Samuel Aranda<\/p>\n<p class=\"\">Los objetivos elegidos \u2014un estadio, caf\u00e9s y una sala de conciertos\u2014 representaban \u201clugares de diversi\u00f3n y pecado\u201d. Pero si buscaron destruir el estilo de vida de una gran capital europea hedonista y diversa, fracasaron. El mi\u00e9rcoles pasado por la tarde la vida contin\u00faa frente a algunos de aquellos caf\u00e9s junto al canal Saint-Martin. \u201cTodos recordamos d\u00f3nde est\u00e1bamos esa noche, pero no nos tumbaron\u201d, explica Alain, cliente del <a href=\"https:\/\/elpais.com\/internacional\/2015\/12\/04\/actualidad\/1449246918_904597.html\" target=\"_self\" rel=\"nofollow noopener\" title=\"https:\/\/elpais.com\/internacional\/2015\/12\/04\/actualidad\/1449246918_904597.html\">caf\u00e9 de La Bonne Bi\u00e8re, donde murieron cinco personas. <\/a><\/p>\n<p class=\"\">Par\u00eds es hoy una isla en una Francia deprimida por sus crisis pol\u00edticas y sociales. La ciudad bulle en una efervescencia cultural y l\u00fadica desbordante. La mayor\u00eda de caf\u00e9s siguen abiertos. El Bataclan programa conciertos casi todos los d\u00edas, incluido antes y despu\u00e9s del 10\u00ba aniversario. \u00bfSecuelas? \u201cLos j\u00f3venes de hoy no son los de hace 10 a\u00f1os, y no tienen la misma relaci\u00f3n con esos acontecimientos. Eso no quiere decir que no haya pasado nada o que no haya dejado huella. La ha dejado, claramente, en todos los que lo vivieron en primera persona. Y tambi\u00e9n en el plano colectivo: la evoluci\u00f3n del derecho antiterrorista, la creaci\u00f3n de memoriales, de documentales, de libros&#8230; Pero, del mismo modo que en Madrid el 11-M no tuvo un impacto duradero sobre el uso de los trenes de Cercan\u00edas, el 13 de noviembre no cambi\u00f3 la manera de vivir de los parisienses\u201d, explica el soci\u00f3logo G\u00e9r\u00f4me Truc, que ha investigado las reacciones a los ataques yihadistas en las sociedades occidentales y es autor de Sid\u00e9rations. Une sociologie des attentats.<\/p>\n<p><img decoding=\"auto\" class=\"_re lazyload a_m-h\" height=\"311\"  width=\"414\"  src=\"https:\/\/www.europesays.com\/es\/wp-content\/uploads\/2025\/11\/AZBVI3FUK5GFRLGBCFQWRR7IUA.jpg\" loading=\"lazy\"\/>Placa en homenaje a las v\u00edctima en la esquina de la Rue de la Fontaine au Roi, donde est\u00e1 el bar La Bonne Bi\u00e8re.Samuel Aranda<\/p>\n<p class=\"\">David Fritz sobrevivi\u00f3 aquella noche. Tambi\u00e9n S\u00e9bastien y Charlotte, las otras dos personas que estuvieron colgadas de la cornisa del edificio y luego subieron al pasillo donde los terroristas les retuvieron durante dos horas y media con otros ocho rehenes. Diez a\u00f1os despu\u00e9s, y un sinf\u00edn de eventos como una pandemia, una guerra en Ucrania y, sobre todo, la ca\u00edda del califato del ISIS, una parte de Francia se adentr\u00f3 en una terapia postraum\u00e1tica de efectos dispares. <\/p>\n<p class=\"\">Fran\u00e7ois Hollande, entonces presidente de la Rep\u00fablica, se present\u00f3 en la sala de conciertos esa misma noche. Diez a\u00f1os despu\u00e9s, en su despacho de ex jefe del Estado, analiza para EL PA\u00cdS c\u00f3mo impact\u00f3 en Francia aquella secuencia. \u201cEl pa\u00eds aguant\u00f3, hizo grupo. No hubo manifestaciones de franceses contra otros franceses. Se control\u00f3 la situaci\u00f3n, aunque el choque fuera monstruoso. Y en las elecciones que siguieron, la extrema derecha no tuvo un beneficio claro. Ni siquiera en las presidenciales. Pero el terrorismo islamista es un veneno lento. Con el tiempo, surgi\u00f3 el miedo, aunque los atentados hayan bajado en intensidad, a que nuestra sociedad cambie, que no est\u00e9 guiada por los mismos valores, que estemos sobrepasados por la violencia, por una poblaci\u00f3n que no se parezca a la que lleva aqu\u00ed mucho tiempo. Ese es el juego de la extrema derecha\u201d, apunta. <\/p>\n<p class=\"\">Hollande opina que tras aquellos atentados \u201cel islam, m\u00e1s que los propios inmigrantes en general, se convirti\u00f3 en el objetivo de ese espectro ideol\u00f3gico\u201d. Y se acentuaron las divisiones. \u201cHoy no existe la cohesi\u00f3n de aquel momento, la unidad nacional de entonces. La divisi\u00f3n se ha instalado. La idea de vivir juntos, muy fuerte en el momento de los atentados, se ha resquebrajado. Siempre hubo confrontaci\u00f3n, pero nos un\u00edan una serie de valores. Hoy ya no es as\u00ed. Cada uno se ha aislado e instalado en sus certidumbres, en sus miedos. Y las redes sociales han hecho mucho da\u00f1o. Hoy los partidos son d\u00e9biles, los sindicatos ya no son poderosos, y eso permite a ciertas radicalidades instalarse\u201d, advierte. <\/p>\n<p><img decoding=\"auto\" class=\"_re lazyload a_m-h\" height=\"311\"  width=\"414\"  src=\"https:\/\/www.europesays.com\/es\/wp-content\/uploads\/2025\/11\/JF44C7DOZNCSTD3SLEGFAR7MVU.jpg\" loading=\"lazy\"\/>Asistentes al concierto de la banda Orbit Culture hacen cola para acceder a la sala Bataclan, el 6 de noviembre.Samuel Aranda<\/p>\n<p class=\"\">Fue un a\u00f1o horrible. Los atentados de 2015 en Par\u00eds, con 130 muertos y despu\u00e9s otros cuatro en un supermercado jud\u00edo, o el de Niza al a\u00f1o siguiente, donde <a href=\"https:\/\/elpais.com\/internacional\/2022-12-13\/condenados-con-penas-de-hasta-18-anos-los-colaboradores-del-terrorista-que-atropello-a-86-personas-en-niza-en-2016.html\" rel=\"nofollow noopener\" target=\"_blank\">86 v\u00edctimas mortales fueron atropelladas por un cami\u00f3n<\/a>, dejaron una herida en Francia por la que se desangran lentamente valores fundamentales de la Rep\u00fablica como la laicidad. Fue tambi\u00e9n la grieta por la que comenzar\u00eda a resquebrajarse parte de la izquierda francesa, formando dos universos \u201cirreconciliables\u201d, en palabras del entonces primer ministro, <a href=\"https:\/\/elpais.com\/internacional\/2024-12-25\/manuel-valls-el-eterno-renacer-de-un-politico-con-siete-vidas.html\" rel=\"nofollow noopener\" target=\"_blank\">Manuel Valls<\/a>.<\/p>\n<p class=\"\">En la olla del debate p\u00fablico llevaban a\u00f1os hirviendo <a href=\"https:\/\/elpais.com\/internacional\/2022-04-19\/el-velo-musulman-irrumpe-en-la-campana-electoral-de-francia.html\" rel=\"nofollow noopener\" target=\"_blank\">s\u00edmbolos religiosos como el velo<\/a>, algunos asuntos identitarios como la nacionalidad (la discusi\u00f3n sobre su revocaci\u00f3n por acto de terrorismo) y tambi\u00e9n una multitud de temas cotidianos, desde los men\u00fas sin cerdo en los comedores escolares, hasta el asiento que un conductor de autobuses p\u00fablicos pod\u00eda negarse a ocupar si una mujer se hab\u00eda sentado all\u00ed, pasando por el pa\u00f1uelo de una madre acompa\u00f1ante en las salidas escolares. A lomos de esa discusi\u00f3n crecieron exponencialmente partidos como La Francia Insumisa (LFI), que focaliz\u00f3 en las banlieue (suburbios) su estrategia electoral.<\/p>\n<p class=\"\">El \u00fanico hilo conductor era el islam. Y los atentados de 2015 endurecieron posturas, especialmente en algunos sectores de la izquierda. \u201cJusto despu\u00e9s de la matanza [12 muertos] de Charlie Hebdo, por ejemplo, hubo una reacci\u00f3n un\u00e1nime. Hab\u00eda que defender la libertad de expresi\u00f3n. Pero vemos que ahora hay gente que no estaba completamente de acuerdo, que consideraban que hab\u00edamos ofendido a Mahoma\u201d, cuyas vi\u00f1etas public\u00f3 la revista sat\u00edrica atacada, apunta el polit\u00f3logo Marc Lazar a prop\u00f3sito de la tormenta que se form\u00f3 tras la ola de ataques de 2015. \u201cLos atentados provocaron la asociaci\u00f3n hecha por la ultraderecha de musulm\u00e1n igual a terrorista islamista. Desde entonces, el rechazo al islam creci\u00f3 much\u00edsimo. El efecto fue terrible\u201d, insiste. <\/p>\n<p class=\"\">El juicio contra los terroristas en septiembre de 2021 funcion\u00f3 como terapia colectiva. Fueron 148 d\u00edas de audiencias,<a href=\"https:\/\/elpais.com\/internacional\/2021-10-20\/la-madre-de-un-espanol-asesinado-en-el-bataclan-testifica-en-el-macrojuicio-la-sentencia-no-va-a-reparar-el-dano.html\" rel=\"nofollow noopener\" target=\"_blank\"> m\u00e1s de 400 testimonios de supervivientes y familiares<\/a>, 330 abogados, cinco magistrados, medidas de seguridad y una sala de audiencias construida para la ocasi\u00f3n, 14 acusados presentes (y otros seis ausentes, quiz\u00e1 muertos en Siria o Irak), y todo grabado por ocho c\u00e1maras: im\u00e1genes y sonidos para la historia. Lo esencial era esclarecer, en lo posible, las responsabilidades de cada uno de los acusados y su culpabilidad. Solo quedaba un terrorista vivo de aquellos comandos: Salah Abdeslam. Pero para las v\u00edctimas fue una manera de cerrar un cap\u00edtulo de la historia. \u201cNos permiti\u00f3 ver que no eran monstruos. Entender el aspecto humano. Ellos no comprend\u00edan muy bien por qu\u00e9 lo hab\u00edan hecho\u2026 Adem\u00e1s, respondieron a preguntas. Tuvimos algunas respuestas. Todo lo que sabemos lo supimos ah\u00ed. Luego podremos seguir pregunt\u00e1ndonos cosas, pero todos salimos pensando que si hubiera un segundo juicio no aprender\u00edamos nada m\u00e1s\u201d, se\u00f1ala Arthur D\u00e9nouveaux, superviviente de la masacre del Bataclan y presidente de Life for Paris, una de las dos asociaciones que se crearon tras los atentados. <\/p>\n<p class=\"\">D\u00e9nouveaux cree que estos a\u00f1os se ha perdido la oportunidad de reflexionar en profundidad sobre lo que hab\u00eda ocurrido. \u201cHemos hecho muchos minutos de silencio, pero hemos debatido poco sobre por qu\u00e9 en Francia todav\u00eda tenemos a muchos j\u00f3venes que quieren atacar a otros franceses en nombre de la yihad [lucha o guerra santa]. Y para tener m\u00e1s seguridad hemos aceptado promulgar cada vez m\u00e1s leyes que se aplican a terroristas, pero no solo. Hemos entrado en una l\u00f3gica del miedo. No hemos intentado atacar el problema en su ra\u00edz, que son esos j\u00f3venes. Eso ha sido un fracaso. Lo bueno es que hemos organizado mejor los servicios secretos e inteligencia y hay menos atentados: lo intentan, pero se frenan\u201d. <\/p>\n<p class=\"\">El miedo real ha disminuido. Cinco a\u00f1os despu\u00e9s, el 93% de los franceses pensaba que pod\u00eda producirse un ataque parecido. Hoy esa inquietud ronda el 60%. Olivier Roy, uno de los mayores expertos en islamismo y la radicalizaci\u00f3n de Francia, cree que el juicio desempe\u00f1\u00f3 un papel muy importante para aclarar el origen de los ataques. \u201cArroj\u00f3 una visi\u00f3n m\u00e1s compleja de las cosas. El yihadismo no era una consecuencia del salafismo, de la islamizaci\u00f3n de los j\u00f3venes. Era un fen\u00f3meno muy violento, pero no enraizado en la poblaci\u00f3n musulmana en Francia. Aunque cre\u00f3 un clima de tensi\u00f3n evidente, con un aumento de la islamofobia. Pero pol\u00edticamente no hubo gran cosa. Porque esa ola terrorista despareci\u00f3 con el fin del califato. Despu\u00e9s de 2017 ya no existe una amenaza terrorista organizada, sino casos particulares en los que se mezcla la psiquiatr\u00eda y la ideolog\u00eda\u201d, apunta.<\/p>\n<p class=\"\">Los cambios han sido lentos. El eco del trauma persiste. Desde un punto de vista estrictamente cient\u00edfico, se sabe que una sociedad necesita aproximadamente nueve meses para volver a la normalidad despu\u00e9s de un atentado terrorista de gran magnitud. \u201cEs el tiempo que le hizo falta a EE UU tras el 11-S o a Espa\u00f1a despu\u00e9s del 11-M. Eso no significa que se vuelva exactamente a la vida anterior, como si nada hubiera ocurrido, sino que se sale de la zona de turbulencias sociales desencadenada por el ataque y que otros temas vuelven a ocupar la primera plana de la actualidad\u201d, explica el soci\u00f3logo Truc. Y, precisamente, no han sido diez a\u00f1os especialmente tranquilos.<\/p>\n<p class=\"\">Lo verdaderamente in\u00e9dito en lo que vivi\u00f3 Francia hace diez a\u00f1os es que fue golpeada en tres ocasiones por atentados masivos, en intervalos de nueve meses. Truc cree que eso hizo que Francia necesitara mucho tiempo para salir de esa larga secuencia terrorista: \u201cEl movimiento de los chalecos amarillos es el que marc\u00f3 el paso hacia otra etapa, a partir de noviembre de 2018. Pero desde entonces ha habido otros acontecimientos fuera de lo com\u00fan: la pandemia de la covid-19 y la crisis pol\u00edtica abierta por la disoluci\u00f3n de la Asamblea Nacional. El estado actual de la sociedad francesa es el resultado de todo ello\u00bb.<\/p>\n","protected":false},"excerpt":{"rendered":"Los primeros acordes de Kiss the Devil, de Eagles of Death Metal, sonaban sobre el escenario mientras su&hellip;\n","protected":false},"author":2,"featured_media":226225,"comment_status":"","ping_status":"","sticky":false,"template":"","format":"standard","meta":{"footnotes":""},"categories":[42],"tags":[59688,59689,17,18,13,14,11,61,62,63,64,387,19,20,9,10,15,16,32787,592,12,21,22,65,66,67,18553],"class_list":{"0":"post-226224","1":"post","2":"type-post","3":"status-publish","4":"format-standard","5":"has-post-thumbnail","7":"category-internacional","8":"tag-atentado-charlie-hebdo","9":"tag-atentado-paris-13-n","10":"tag-breaking-news","11":"tag-breakingnews","12":"tag-featured-news","13":"tag-featurednews","14":"tag-headlines","15":"tag-internacional","16":"tag-international","17":"tag-international-news","18":"tag-internationalnews","19":"tag-islam","20":"tag-latest-news","21":"tag-latestnews","22":"tag-news","23":"tag-noticias","24":"tag-noticias-destacadas","25":"tag-noticiasdestacadas","26":"tag-siria","27":"tag-terrorismo","28":"tag-titulares","29":"tag-ultimas-noticias","30":"tag-ultimasnoticias","31":"tag-world","32":"tag-world-news","33":"tag-worldnews","34":"tag-yihadismo"},"share_on_mastodon":{"url":"https:\/\/pubeurope.com\/@es\/115518069211271571","error":""},"_links":{"self":[{"href":"https:\/\/www.europesays.com\/es\/wp-json\/wp\/v2\/posts\/226224","targetHints":{"allow":["GET"]}}],"collection":[{"href":"https:\/\/www.europesays.com\/es\/wp-json\/wp\/v2\/posts"}],"about":[{"href":"https:\/\/www.europesays.com\/es\/wp-json\/wp\/v2\/types\/post"}],"author":[{"embeddable":true,"href":"https:\/\/www.europesays.com\/es\/wp-json\/wp\/v2\/users\/2"}],"replies":[{"embeddable":true,"href":"https:\/\/www.europesays.com\/es\/wp-json\/wp\/v2\/comments?post=226224"}],"version-history":[{"count":0,"href":"https:\/\/www.europesays.com\/es\/wp-json\/wp\/v2\/posts\/226224\/revisions"}],"wp:featuredmedia":[{"embeddable":true,"href":"https:\/\/www.europesays.com\/es\/wp-json\/wp\/v2\/media\/226225"}],"wp:attachment":[{"href":"https:\/\/www.europesays.com\/es\/wp-json\/wp\/v2\/media?parent=226224"}],"wp:term":[{"taxonomy":"category","embeddable":true,"href":"https:\/\/www.europesays.com\/es\/wp-json\/wp\/v2\/categories?post=226224"},{"taxonomy":"post_tag","embeddable":true,"href":"https:\/\/www.europesays.com\/es\/wp-json\/wp\/v2\/tags?post=226224"}],"curies":[{"name":"wp","href":"https:\/\/api.w.org\/{rel}","templated":true}]}}