{"id":226228,"date":"2025-11-09T05:24:31","date_gmt":"2025-11-09T05:24:31","guid":{"rendered":"https:\/\/www.europesays.com\/es\/226228\/"},"modified":"2025-11-09T05:24:31","modified_gmt":"2025-11-09T05:24:31","slug":"el-intimo-mensaje-de-guillermo-y-kate","status":"publish","type":"post","link":"https:\/\/www.europesays.com\/es\/226228\/","title":{"rendered":"el \u00edntimo mensaje de Guillermo y Kate"},"content":{"rendered":"<p id=\"eFqONfUidg\" data-wc=\"93\">La Casa Real brit\u00e1nica se ha te\u00f1ido de luto tras conocerse el triste fallecimiento de <strong>Manfred Goldberg<\/strong>, superviviente del Holocausto y una figura muy querida y respetada que dedic\u00f3 su vida a educar a las nuevas generaciones sobre los horrores que \u00e9l y muchos otros vivieron. La noticia ha afectado profundamente a los <strong>Pr\u00edncipes de Gales<\/strong>, quienes han mantenido una relaci\u00f3n cercana y conmovedora con Manfred durante a\u00f1os. A trav\u00e9s de sus redes sociales, la pareja comparti\u00f3 un mensaje personal y firmado que refleja la profunda impresi\u00f3n que el educador dej\u00f3 en ellos.<\/p>\n<p> <img src=\"https:\/\/www.europesays.com\/es\/wp-content\/uploads\/2025\/11\/d4732e8b9c18-captura-de-pantalla-1039.png\"   width=\"1024\" height=\"805\" loading=\"lazy\" decoding=\"async\" alt=\"Media Image\" fetchpriority=\"auto\" class=\"image ho-image\"\/>\u00a9 Getty Images<\/p>\n<p id=\"eIb8kySp6Wd\" data-wc=\"83\">\u201c<strong>Nos entristece profundamente el fallecimiento de Manfred Goldberg<\/strong>\u201d, comenzaba el comunicado. Guillermo y Kate tuvieron el privilegio de compartir con Manfred en varias ocasiones, pero fue una visita en particular la que dej\u00f3 una marca indeleble en su memoria. \u201cTras acompa\u00f1arlo en una visita a Stutthof, fuimos testigos directos de su extraordinaria fortaleza, entereza y dedicaci\u00f3n a compartir su historia\u201d, recuerdan los Pr\u00edncipes en su conmovedor tributo. Adem\u00e1s, a\u00f1adieron: \u201cSu incansable trabajo para educar a los j\u00f3venes sobre el Holocausto nunca ser\u00e1 olvidado\u201d.<\/p>\n<p> <img src=\"https:\/\/www.europesays.com\/es\/wp-content\/uploads\/2025\/11\/7275e04a43d8-gettyimages-2235867856.jpg\"   width=\"837\" height=\"1024\" loading=\"lazy\" decoding=\"async\" alt=\"Media Image\" fetchpriority=\"auto\" class=\"image ho-image\"\/>\u00a9 Getty Images<\/p>\n<p id=\"e9l4hjNtfhDv\" data-wc=\"66\">En 2017, durante su tour por Polonia, los entonces Duques de Cambridge visitaron el campo de concentraci\u00f3n de Stutthof, que fue uno de los \u00faltimos en ser liberado al final de la Segunda Guerra Mundial y donde se estima que perdieron la vida entre 63.000 y 65.000 prisioneros. All\u00ed coincidieron con Manfred y con Zigi Shipper (quien falleci\u00f3 en 2023), dos almas valientes que lograron sobrevivir.<\/p>\n<p> <img src=\"https:\/\/www.europesays.com\/es\/wp-content\/uploads\/2025\/11\/50ebf7d5f3c5-gettyimages-2240978552.jpg\"   width=\"696\" height=\"1024\" loading=\"lazy\" decoding=\"async\" alt=\"Kate Middleton\" fetchpriority=\"auto\" class=\"image ho-image\"\/>\u00a9 Getty Images<\/p>\n<p id=\"eSadQujNPumT\" data-wc=\"87\">La Princesa Kate se sinti\u00f3 especialmente conmovida por el relato de Manfred en un encuentro posterior, en 2021, con motivo del D\u00eda Internacional del Holocausto. De hecho, la propia Kate, junto a su marido, tambi\u00e9n despidi\u00f3 a Zigi Shipper en enero de 2023, con otro emotivo mensaje: \u201cEn 2017, tuvimos el honor de conocer al superviviente del Holocausto, Zigi Shipper en nuestra visita a Stutthof. Nos entristeci\u00f3 saber hoy de su fallecimiento.<strong>\u00a0Le echaremos mucho de menos. Nuestros pensamientos y oraciones est\u00e1n con su familia y amigos\u201d<\/strong>.<\/p>\n<p>El Rey Carlos III, un gran admirador<\/p>\n<p id=\"esm9O5qRNiNa\" data-wc=\"71\">El Rey Carlos III tambi\u00e9n ha manifestado su profunda tristeza por la p\u00e9rdida de Manfred Goldberg. El monarca se reuni\u00f3 con \u00e9l en enero, durante la conmemoraci\u00f3n del D\u00eda del Holocausto, y hablaron sobre el pr\u00f3ximo viaje del Rey a Polonia para el 80 aniversario de la liberaci\u00f3n de los campos. \u201cSiento que debo ir (al aniversario). Es muy importante\u201d, le dijo Carlos a Manfred en aquel momento, demostrando su compromiso.<\/p>\n<p> <img src=\"https:\/\/www.europesays.com\/es\/wp-content\/uploads\/2025\/11\/a4a62a3cf6ba-captura-de-pantalla-1040.png\"   width=\"1024\" height=\"669\" loading=\"lazy\" decoding=\"async\" alt=\"Media Image\" fetchpriority=\"auto\" class=\"image ho-image\"\/>\u00a9 Getty Images<\/p>\n<p id=\"eL0_9BL9Y05s\" data-wc=\"102\">El Rey ha rendido su propio homenaje a Goldberg con unas palabras que destilan admiraci\u00f3n y afecto: \u201cMi esposa y yo nos sentimos profundamente entristecidos al conocer la noticia de la reciente muerte de Manfred Goldberg y, junto con todos los presentes, lamentamos su gran p\u00e9rdida en nuestros corazones y almas\u201d. Carlos III destac\u00f3 el privilegio de su despedida reciente: <strong>\u201cSobre todo, signific\u00f3 para m\u00ed m\u00e1s de lo que puedo expresar haber podido desear el m\u00e1s sincero de los adioses, hace unas semanas, a un ser humano verdaderamente especial, en cuyos ojos brillaba la luz de la verdadera redenci\u00f3n y la humanidad\u201d<\/strong>.<\/p>\n<p> <img src=\"https:\/\/www.europesays.com\/es\/wp-content\/uploads\/2025\/11\/96c2e69e9cd1-dlu594002026.jpg\"   width=\"683\" height=\"1024\" loading=\"lazy\" decoding=\"async\" alt=\"&#10;&#10;World Rights, No United Kingdom Rights *** Local Caption *** .\" fetchpriority=\"auto\" class=\"image ho-image\"\/>\u00a9 GTRES<\/p>\n<p id=\"euR2W1pu1343\" data-wc=\"83\">El monarca honr\u00f3 su legado con frases poderosas: \u201cComo superviviente de los indecibles horrores del Holocausto, me siento muy orgulloso de que encontrara refugio en Gran Breta\u00f1a, donde luego contar\u00eda al mundo las atrocidades inimaginables que presenci\u00f3 cuando era un ni\u00f1o \u2014 un recordatorio perdurable para nuestra generaci\u00f3n, y para las generaciones a\u00fan no nacidas, de las profundidades de la depravaci\u00f3n y la maldad a las que puede caer la humanidad, cuando se abandona la raz\u00f3n, la compasi\u00f3n y la verdad son abandonados\u201d.<\/p>\n<p> <img src=\"https:\/\/www.europesays.com\/es\/wp-content\/uploads\/2025\/11\/4d7c18a50bbc-dlu5181852032.jpg\"   width=\"1024\" height=\"757\" loading=\"lazy\" decoding=\"async\" alt=\"El rey Carlos III de Gran Breta\u00f1a, la princesa Ana, el pr\u00edncipe Andr\u00e9s y el pr\u00edncipe Eduardo durante el funeral de Estado de la reina Isabel II.\" fetchpriority=\"auto\" class=\"image ho-image\"\/>\u00a9 GTRES<\/p>\n<p id=\"e0P3NZbZSnbB\" data-wc=\"123\">El Rey tambi\u00e9n destac\u00f3 c\u00f3mo Manfred, galardonado con el MBE el pasado septiembre por sus servicios a la educaci\u00f3n y la memoria del Holocausto, se convirti\u00f3 en una parte esencial de la sociedad brit\u00e1nica: \u201cDe hecho, me conmovi\u00f3 profundamente escuchar las narraciones de Manfred en la recepci\u00f3n de este a\u00f1o para conmemorar el D\u00eda del Recuerdo del Holocausto y, m\u00e1s recientemente, durante su ceremonia de investidura. Junto con otros supervivientes del Holocausto, se convirti\u00f3 en una parte integral del tejido de nuestra naci\u00f3n; su extraordinaria dignidad, resoluci\u00f3n y coraje son un ejemplo para todos nosotros, que ser\u00e1 recordado para siempre.<strong>\u00a0Fue el mayor privilegio y alegr\u00eda haberle conocido y mis oraciones est\u00e1n con su querida familia y con aquellos que lloran con ellos\u201d<\/strong>.<\/p>\n<p> <img src=\"https:\/\/www.europesays.com\/es\/wp-content\/uploads\/2025\/11\/406f805e1e4d-dlu594002008.jpg\"   width=\"851\" height=\"1024\" loading=\"lazy\" decoding=\"async\" alt=\"Media Image\" fetchpriority=\"auto\" class=\"image ho-image\"\/>\u00a9 GTRES<br \/>\nGuillermo y Kate, lejos en tiempos dif\u00edciles<\/p>\n<p id=\"ePPu5UArZLnd\" data-wc=\"89\">La triste noticia ha llegado mientras el <strong>Pr\u00edncipe Guillermo<\/strong> se encuentra finalizando su viaje a Brasil para presidir la gala de los premios Earthshot y asistir a la COP30. A pesar de la distancia, el Pr\u00edncipe no ha descuidado su agenda de apoyo al medioambiente, realizando una visita improvisada en el jard\u00edn bot\u00e1nico del Museo Emilio Goeldi, el m\u00e1s antiguo del Amazonas, donde se reuni\u00f3 con l\u00edderes ind\u00edgenas y representantes de Tenure Facility, una organizaci\u00f3n finalista del premio Earthshot 2025 que busca proteger los derechos ancestrales sobre la tierra.<\/p>\n<p> <img src=\"https:\/\/www.europesays.com\/es\/wp-content\/uploads\/2025\/11\/210a4e86f773-gettyimages-2244621362.jpg\"   width=\"1024\" height=\"682\" loading=\"lazy\" decoding=\"async\" alt=\"        \" fetchpriority=\"auto\" class=\"image ho-image\"\/>\u00a9 Getty Images        <\/p>\n<p id=\"e1qDZxwPwGwj\" data-wc=\"76\">La gran ausente de este evento en Brasil es la <strong>Princesa Kate<\/strong>, que lleva un tiempo alejada de la escena internacional tras una aparici\u00f3n p\u00fablica a mediados de octubre en Irlanda del Norte. Aunque no se ha dado una raz\u00f3n espec\u00edfica para su ausencia en R\u00edo de Janeiro, fuentes cercanas a la pareja han apuntado al complejo proceso de la mudanza a su nueva residencia, Forest Lodge, la que se perfila como su <strong>\u00abhogar para siempre\u00bb<\/strong>.\u00a0<\/p>\n<p> <img src=\"https:\/\/www.europesays.com\/es\/wp-content\/uploads\/2025\/11\/754c6e985dc7-gettyimages-2241370967.jpg\"   width=\"1024\" height=\"776\" loading=\"lazy\" decoding=\"async\" alt=\"Media Image\" fetchpriority=\"auto\" class=\"image ho-image\"\/>\u00a9 Getty Images<\/p>\n<p id=\"eo6t_o7htmn\" data-wc=\"72\">Una fuente explic\u00f3 a la BBC el pasado agosto que <strong>\u201cLos \u00faltimos a\u00f1os mientras han vivido en Adelaide Cottage han sido momentos realmente dif\u00edciles. La mudanza les brinda una oportunidad para un nuevo comienzo y un nuevo cap\u00edtulo. Es una oportunidad para dejar atr\u00e1s algunos de los recuerdos m\u00e1s infelices\u201d<\/strong>. La Princesa estar\u00eda completamente volcada en asentar a su familia en su nuevo hogar mientras su esposo cumple con sus compromisos oficiales.<\/p>\n","protected":false},"excerpt":{"rendered":"La Casa Real brit\u00e1nica se ha te\u00f1ido de luto tras conocerse el triste fallecimiento de Manfred Goldberg, superviviente&hellip;\n","protected":false},"author":2,"featured_media":226229,"comment_status":"","ping_status":"","sticky":false,"template":"","format":"standard","meta":{"footnotes":""},"categories":[5],"tags":[517,17,18,25,24,13,14,6585,11,18700,19,20,9,10,15,16,1027,6856,23,12,21,22],"class_list":{"0":"post-226228","1":"post","2":"type-post","3":"status-publish","4":"format-standard","5":"has-post-thumbnail","7":"category-titulares","8":"tag-actualidad","9":"tag-breaking-news","10":"tag-breakingnews","11":"tag-es","12":"tag-espana","13":"tag-featured-news","14":"tag-featurednews","15":"tag-guillermo-de-inglaterra","16":"tag-headlines","17":"tag-kate-middleton","18":"tag-latest-news","19":"tag-latestnews","20":"tag-news","21":"tag-noticias","22":"tag-noticias-destacadas","23":"tag-noticiasdestacadas","24":"tag-realeza","25":"tag-realeza-inglesa","26":"tag-spain","27":"tag-titulares","28":"tag-ultimas-noticias","29":"tag-ultimasnoticias"},"share_on_mastodon":{"url":"https:\/\/pubeurope.com\/@es\/115518076866154556","error":""},"_links":{"self":[{"href":"https:\/\/www.europesays.com\/es\/wp-json\/wp\/v2\/posts\/226228","targetHints":{"allow":["GET"]}}],"collection":[{"href":"https:\/\/www.europesays.com\/es\/wp-json\/wp\/v2\/posts"}],"about":[{"href":"https:\/\/www.europesays.com\/es\/wp-json\/wp\/v2\/types\/post"}],"author":[{"embeddable":true,"href":"https:\/\/www.europesays.com\/es\/wp-json\/wp\/v2\/users\/2"}],"replies":[{"embeddable":true,"href":"https:\/\/www.europesays.com\/es\/wp-json\/wp\/v2\/comments?post=226228"}],"version-history":[{"count":0,"href":"https:\/\/www.europesays.com\/es\/wp-json\/wp\/v2\/posts\/226228\/revisions"}],"wp:featuredmedia":[{"embeddable":true,"href":"https:\/\/www.europesays.com\/es\/wp-json\/wp\/v2\/media\/226229"}],"wp:attachment":[{"href":"https:\/\/www.europesays.com\/es\/wp-json\/wp\/v2\/media?parent=226228"}],"wp:term":[{"taxonomy":"category","embeddable":true,"href":"https:\/\/www.europesays.com\/es\/wp-json\/wp\/v2\/categories?post=226228"},{"taxonomy":"post_tag","embeddable":true,"href":"https:\/\/www.europesays.com\/es\/wp-json\/wp\/v2\/tags?post=226228"}],"curies":[{"name":"wp","href":"https:\/\/api.w.org\/{rel}","templated":true}]}}