{"id":226246,"date":"2025-11-09T05:46:07","date_gmt":"2025-11-09T05:46:07","guid":{"rendered":"https:\/\/www.europesays.com\/es\/226246\/"},"modified":"2025-11-09T05:46:07","modified_gmt":"2025-11-09T05:46:07","slug":"por-ahora-todo-es-contexto-espana","status":"publish","type":"post","link":"https:\/\/www.europesays.com\/es\/226246\/","title":{"rendered":"Por ahora, todo es contexto | Espa\u00f1a"},"content":{"rendered":"<p class=\"\">El interrogatorio a la ex alto cargo de La Moncloa y dirigente del PSOE madrile\u00f1o <a href=\"https:\/\/elpais.com\/espana\/2025-11-05\/dos-cargos-del-psoe-de-madrid-aseguran-que-no-fue-el-fiscal-general-quien-les-envio-el-texto-del-correo-de-la-pareja-de-ayuso.html\" target=\"_self\" rel=\"nofollow noopener\" title=\"https:\/\/elpais.com\/espana\/2025-11-05\/dos-cargos-del-psoe-de-madrid-aseguran-que-no-fue-el-fiscal-general-quien-les-envio-el-texto-del-correo-de-la-pareja-de-ayuso.html\">Pilar S\u00e1nchez Acera<\/a> hab\u00eda consumido ya un cuarto de hora. La acusaci\u00f3n particular en el juicio al fiscal general del Estado porfiaba en hurgar en el pantallazo con el famoso correo en que el abogado del novio de Isabel D\u00edaz Ayuso admit\u00eda sus delitos fiscales y que S\u00e1nchez Acera recibi\u00f3 el 14 de marzo de 2024 de un periodista de cuyo nombre, seg\u00fan ella, no puede acordarse. La pretendida implicaci\u00f3n de La Moncloa en la filtraci\u00f3n del correo hab\u00eda quedado hace tiempo fuera del caso, despu\u00e9s de que la Sala de Apelaciones del Supremo constatase que el juez instructor, \u00c1ngel Hurtado, la dio por hecha sin m\u00e1s. As\u00ed que el pasado mi\u00e9rcoles, en la vista oral del juicio, el presidente del tribunal, Andr\u00e9s Mart\u00ednez Arrieta, intervino para recordar al abogado de la acusaci\u00f3n que ese era asunto cerrado.<\/p>\n<p class=\"\">El letrado, Gabriel Rodr\u00edguez-Ramos, aleg\u00f3 que lo que pretend\u00eda con el interrogatorio a <a href=\"https:\/\/elpais.com\/espana\/2025-03-12\/la-numero-dos-del-psoe-de-madrid-afirma-que-recibio-el-correo-de-la-pareja-de-ayuso-de-periodistas-y-que-solo-lo-envio-a-juan-lobato.html\" target=\"_self\" rel=\"nofollow noopener\" title=\"https:\/\/elpais.com\/espana\/2025-03-12\/la-numero-dos-del-psoe-de-madrid-afirma-que-recibio-el-correo-de-la-pareja-de-ayuso-de-periodistas-y-que-solo-lo-envio-a-juan-lobato.html\">S\u00e1nchez Acera<\/a> era aportar \u201ccontexto\u201d. El presidente le permiti\u00f3 continuar otro cuarto de hora. Hasta que, viendo que aquello no avanzaba, intervino de nuevo: \u201c\u00bfVamos a seguir con el contexto?\u201d El abogado ya no pudo responder otra cosa que el cl\u00e1sico \u201cno hay m\u00e1s preguntas, se\u00f1or\u00eda\u201d.<\/p>\n<p class=\"\">El caso contra el fiscal \u00c1lvaro Garc\u00eda Ortiz ha llegado a juicio sin aportar nada parecido a una prueba de cargo y las tres primeras jornadas de la vista tampoco han progresado en ese camino. Casi todo ha sido \u201ccontexto\u201d. De ah\u00ed que un asunto desechado como el hipot\u00e9tico papel de La Moncloa ocupase casi una ma\u00f1ana entera de declaraciones.<\/p>\n<p class=\"\">El Supremo tambi\u00e9n descart\u00f3 en su d\u00eda que hubiese materia delictiva en la nota de prensa emitida por la Fiscal\u00eda que, para desmentir los bulos del jefe de gabinete de la presidenta madrile\u00f1a, Miguel \u00c1ngel Rodr\u00edguez, daba cuenta de la disposici\u00f3n del novio de Ayuso, Alberto Gonz\u00e1lez Amador, a asumir su fraude a Hacienda. Ese comunicado fue el motivo alegado en la denuncia de este \u00faltimo contra el fiscal, en la decisi\u00f3n del Tribunal Superior de Madrid de proponer que se le investigase y en las primeras estridencias de tertulianos, columnistas y pol\u00edticos de la oposici\u00f3n. En uno de los muchos exotismos de este caso, el Supremo les enmend\u00f3 la plana, no vio nada en la nota, pero abri\u00f3 otra v\u00eda: orden\u00f3 investigar la filtraci\u00f3n del correo. Y puso la diana en Garc\u00eda Ortiz, pese a que decenas de fiscales y funcionarios pod\u00edan haber tenido acceso a \u00e9l. Como el cuerpo del delito no ha aparecido y la acusaci\u00f3n est\u00e1 obligada a coser un traje con retales de aqu\u00ed y all\u00e1, la nota vuelve ahora a cobrar importancia en conexi\u00f3n con otros hechos. Y tambi\u00e9n ha acaparado varias horas del juicio. M\u00e1s \u201ccontexto\u201d.<\/p>\n<p class=\"\">La primera semana de la vista se ha parecido al guion de una pel\u00edcula sin ninguna trama principal y un sinf\u00edn de ramificaciones secundarias. La cuesti\u00f3n crucial, qui\u00e9n filtr\u00f3 el correo, apenas ha aparecido en breves momentos. Las acusaciones y algunos titulares de prensa han vibrado con la declaraci\u00f3n de la fiscal superior de Madrid, Almudena Lastra, que en marzo de 2024 se enfrent\u00f3 a Garc\u00eda Ortiz porque no consideraba urgente desmentir las falsedades de Rodr\u00edguez. En medio de una discusi\u00f3n sobre si hab\u00eda que publicar la nota, Lastra asegura que dijo al fiscal general \u201chab\u00e9is\u201d o \u201chas\u201d (no recuerda si en plural o singular) \u201cfiltrado el correo\u201d. Y que su interlocutor le contest\u00f3: \u201cEso ahora no importa\u201d. Es todo a lo que han llegado las acusaciones. En sentido contrario, <a href=\"https:\/\/elpais.com\/videos\/2025-11-05\/la-credibilidad-de-los-periodistas-que-desprecio-el-instructor.html?autoplay=1\" target=\"_blank\" rel=\"nofollow noopener\" title=\"https:\/\/elpais.com\/videos\/2025-11-05\/la-credibilidad-de-los-periodistas-que-desprecio-el-instructor.html?autoplay=1\">dos periodistas<\/a> han declarado que ya conoc\u00edan el secreto supuestamente revelado antes de que llegase a manos de Garc\u00eda Ortiz. Uno de ellos testific\u00f3 con rotundidad que su fuente no era el acusado.<\/p>\n<p class=\"\">Queda una semana m\u00e1s, otras tres sesiones del juicio. Veremos si se logra salir del \u201ccontexto\u201d.<\/p>\n","protected":false},"excerpt":{"rendered":"El interrogatorio a la ex alto cargo de La Moncloa y dirigente del PSOE madrile\u00f1o Pilar S\u00e1nchez Acera&hellip;\n","protected":false},"author":2,"featured_media":226247,"comment_status":"","ping_status":"","sticky":false,"template":"","format":"standard","meta":{"footnotes":""},"categories":[8],"tags":[8577,38504,17,18,25,24,13,14,34675,2153,11,2128,19,20,9,10,15,16,59693,8578,23,12,4874,21,22],"class_list":{"0":"post-226246","1":"post","2":"type-post","3":"status-publish","4":"format-standard","5":"has-post-thumbnail","7":"category-espana","8":"tag-alvaro-garcia-ortiz","9":"tag-angel-hurtado","10":"tag-breaking-news","11":"tag-breakingnews","12":"tag-es","13":"tag-espana","14":"tag-featured-news","15":"tag-featurednews","16":"tag-filtracion-documentos","17":"tag-fiscalia-general-estado","18":"tag-headlines","19":"tag-juicios","20":"tag-latest-news","21":"tag-latestnews","22":"tag-news","23":"tag-noticias","24":"tag-noticias-destacadas","25":"tag-noticiasdestacadas","26":"tag-pilar-sanchez-acera","27":"tag-revelacion-secretos","28":"tag-spain","29":"tag-titulares","30":"tag-tribunal-supremo","31":"tag-ultimas-noticias","32":"tag-ultimasnoticias"},"share_on_mastodon":{"url":"https:\/\/pubeurope.com\/@es\/115518163454837555","error":""},"_links":{"self":[{"href":"https:\/\/www.europesays.com\/es\/wp-json\/wp\/v2\/posts\/226246","targetHints":{"allow":["GET"]}}],"collection":[{"href":"https:\/\/www.europesays.com\/es\/wp-json\/wp\/v2\/posts"}],"about":[{"href":"https:\/\/www.europesays.com\/es\/wp-json\/wp\/v2\/types\/post"}],"author":[{"embeddable":true,"href":"https:\/\/www.europesays.com\/es\/wp-json\/wp\/v2\/users\/2"}],"replies":[{"embeddable":true,"href":"https:\/\/www.europesays.com\/es\/wp-json\/wp\/v2\/comments?post=226246"}],"version-history":[{"count":0,"href":"https:\/\/www.europesays.com\/es\/wp-json\/wp\/v2\/posts\/226246\/revisions"}],"wp:featuredmedia":[{"embeddable":true,"href":"https:\/\/www.europesays.com\/es\/wp-json\/wp\/v2\/media\/226247"}],"wp:attachment":[{"href":"https:\/\/www.europesays.com\/es\/wp-json\/wp\/v2\/media?parent=226246"}],"wp:term":[{"taxonomy":"category","embeddable":true,"href":"https:\/\/www.europesays.com\/es\/wp-json\/wp\/v2\/categories?post=226246"},{"taxonomy":"post_tag","embeddable":true,"href":"https:\/\/www.europesays.com\/es\/wp-json\/wp\/v2\/tags?post=226246"}],"curies":[{"name":"wp","href":"https:\/\/api.w.org\/{rel}","templated":true}]}}