{"id":226261,"date":"2025-11-09T06:04:24","date_gmt":"2025-11-09T06:04:24","guid":{"rendered":"https:\/\/www.europesays.com\/es\/226261\/"},"modified":"2025-11-09T06:04:24","modified_gmt":"2025-11-09T06:04:24","slug":"la-edad-no-deberia-ser-una-limitacion-para-hacer-un-diagnostico-precoz-de-alzheimer","status":"publish","type":"post","link":"https:\/\/www.europesays.com\/es\/226261\/","title":{"rendered":"\u00abLa edad no deber\u00eda ser una limitaci\u00f3n para hacer un diagn\u00f3stico precoz de alzh\u00e9imer\u00bb"},"content":{"rendered":"<p class=\"ft-text ft-helper-closenews\">Llegar a ser<strong> inmortales<\/strong> es el sue\u00f1o de muchos y si no, que se lo pregunten a<strong> <\/strong><a class=\"ft-link ft-link--decoration\" href=\"https:\/\/www.diariodeibiza.es\/videos\/internacional\/2025\/09\/04\/momento-pillan-putin-xi-jinping-inmortalidad-121235021.html\" rel=\"nofollow noopener\" target=\"_blank\">Putin y a Xi Jinping<\/a>, a los que un micr\u00f3fono abierto les pill\u00f3 hace un par de meses en Pek\u00edn conversando sobre <strong>los trasplantes de \u00f3rganos como medio para prolongar la vida<\/strong>. Esa an\u00e9cdota entre los presidentes de Rusia y China y ese anhelo, cada vez m\u00e1s extendido, de vivir para siempre y eternamente j\u00f3venes sali\u00f3 a colaci\u00f3n en la did\u00e1ctica y amena conferencia que ofreci\u00f3 ayer en el <a class=\"ft-link ft-link--decoration\" href=\"https:\/\/www.diariodeibiza.es\/tags\/recinto-ferial-de-ibiza\/\" rel=\"nofollow noopener\" target=\"_blank\">Recinto Ferial de Ibiza <\/a><strong>Pedro Abizanda Soler<\/strong>, <strong>jefe de Geriatr\u00eda del Complejo Hospitalario Universitario de Albacete<\/strong>. Pero no se lleven a enga\u00f1o, aunque el m\u00e9dico geriatra dio m\u00e1s de una receta para vivir m\u00e1s y mejor, la inmortalidad no era el tema de la ponencia con la que arranc\u00f3 la \u00faltima jornada del<a class=\"ft-link ft-link--decoration\" href=\"https:\/\/www.diariodeibiza.es\/ibiza\/2025\/10\/27\/ibiza-sede-congreso-internacional-alzheimer-123066248.html\" rel=\"nofollow noopener\" target=\"_blank\"> XI Congreso Nacional de Alzheimer Ceafa y el XV Congreso Iberoamericano de Alzheimer<\/a>. Como apunt\u00f3 nada m\u00e1s empezar la <strong>secretaria t\u00e9cnica de Ceafa, Paula Gonz\u00e1lez<\/strong>, encargada de presentarlo, de lo que vino a hablar este<strong> profesor e investigador de la Universidad de Castilla-La Mancha (UCLM)<\/strong> es de \u00abc\u00f3mo entendemos y vivimos el envejecimiento, c\u00f3mo los prejuicios de la edad afectan a las personas mayores y a la sociedad y c\u00f3mo todo ello influye en la detecci\u00f3n temprana del azh\u00e9imer\u00bb.<\/p>\n<p class=\"ft-text\">Generalmente <strong>envejecimiento, edadismo y diagn\u00f3stico precoz <\/strong>se abordan de forma separada, pero analizarlos conjuntamente, como hizo este s\u00e1bado Abizanda, conduce a abrir \u00abnuevas oportunidades en la prevenci\u00f3n y en la atenci\u00f3n\u00bb de las personas que conviven con esta enfermedad. Es lo que \u00e9l llam\u00f3<strong> \u00abla tr\u00edada posibilista\u00bb<\/strong>.<\/p>\n<p class=\"ft-text\">Antes de conectar los tres conceptos y de llegar a las conclusiones, alguna entre interrogantes, el tambi\u00e9n <strong>director cient\u00edfico de Ciberfes<\/strong> (Centro de Investigaci\u00f3n Biom\u00e9dica en Red Fragilidad y Envejecimiento Saludable) se aproxim\u00f3 a ellos por separado, apoy\u00e1ndose en ejemplos y gr\u00e1ficos muy ilustrativos.<\/p>\n<p>De la superabuela catalana a la medusa inmortal<\/p>\n<p class=\"ft-text\">Del envejecimiento, como experto en la materia, habl\u00f3 largo y tendido. El ejemplo de<a class=\"ft-link ft-link--decoration\" href=\"https:\/\/www.diariodeibiza.es\/opinion\/2024\/09\/01\/secret-morir-vell-content-107594412.html\" rel=\"nofollow noopener\" target=\"_blank\"> Mar\u00eda Branyas<\/a>,<strong> la mujer m\u00e1s longeva de Espa\u00f1a y, durante un tiempo, tambi\u00e9n del mundo<\/strong>, que<strong> falleci\u00f3 en 2024 a los 117 a\u00f1os<\/strong>, le dio pie a la primera reflexi\u00f3n: <strong>\u00abLa edad es el principal factor de riesgo de todas las enfermedades cr\u00f3nicas de los pr\u00f3ximos a\u00f1os\u00bb<\/strong>.<\/p>\n<p class=\"ft-text\">La <strong>superabuela gerundense <\/strong>no fue la \u00fanica centenaria que mencion\u00f3, tambi\u00e9n cit\u00f3 a <strong>Jeanne Calment<\/strong>, que vivi\u00f3 de 1875 a 1997, es decir, la friolera de <strong>122 a\u00f1os<\/strong>. Esa ser\u00eda, apunt\u00f3, <strong>\u00abla m\u00e1xima expectativa de vida de la raza humana\u00bb<\/strong> porque, que se sepa, nadie ha llegado a superar la edad de esta mujer francesa.<\/p>\n<p class=\"ft-text\">Eso s\u00ed, hay unos cuantos<strong> seres vivos en el planeta que nos superan de largo<\/strong> y Abizanda puso algunos ejemplos: <strong>el tibur\u00f3n de Groenlandia,<\/strong> que puede llegar a los 400 a\u00f1os; <strong>la esponja de mar Monorhaphis chuni<\/strong>, que puede alcanzar los 11.000 a\u00f1os; y la<strong> medusa Turritopsis<\/strong>, de la que se dice que es inmortal.<\/p>\n<p><img decoding=\"async\" src=\"https:\/\/www.europesays.com\/es\/wp-content\/uploads\/2025\/11\/07630186-50a6-4f23-bea5-168e16a3f716_alta-libre-aspect-ratio_default_0.jpg\" width=\"1200\" height=\"800\" alt=\"El ponente Pedro Abizanda Soler.\" class=\"ft-helper-img-rd\" loading=\"lazy\"\/><\/p>\n<p class=\"ft-helper-fontColor-quaternary ft-helper-fontSize-body-S ft-helper-spacer-t-xxs\">El ponente Pedro Abizanda Soler.  \/ JA RIERA<\/p>\n<p class=\"ft-text\">Como apunt\u00f3 Abizanda, cada vez hay m\u00e1s cient\u00edficos que no ven descabellada la posibilidad de superar con creces el siglo de vida y llegar, por ejemplo, hasta los 140 a\u00f1os, la edad que apuntan<strong> el bi\u00f3logo Aubrey de Grey y \u00abla cient\u00edfica de los tel\u00f3meros, Mar\u00eda Blasco\u00bb<\/strong>.<\/p>\n<p class=\"ft-text\">Persiguiendo ese sue\u00f1o, qui\u00e9n sabe si inalcanzable o posible, hay unos cuantos<strong> empresarios multimillonarios, como <\/strong><a class=\"ft-link ft-link--decoration\" href=\"https:\/\/www.diariodeibiza.es\/tags\/jeff-bezos\/\" rel=\"nofollow noopener\" target=\"_blank\"><strong>Jeff Bezos<\/strong><\/a><strong> y Larry Ellison<\/strong>, que han empezado a invertir mucho dinero para investigar sobre envejecimiento con los mejores cient\u00edficos. \u00bfQue quiz\u00e1s dentro de unos a\u00f1os se hace un descubrimiento que nos permite llegar a los 140 a\u00f1os? Eso est\u00e1 por ver, como dijo el investigador.<\/p>\n<p class=\"ft-text\">La clave para alargar la expectativa de vida podr\u00eda estar, apunt\u00f3, \u00aben buscar tratamientos que modulen o retrasen la manera que tenemos de envejecer\u00bb, que es lo que persigue la gerociencia.<strong> \u00abLos expertos en esta disciplina sostienen que si consigui\u00e9ramos retrasar o modular la forma que tenemos de envejecer , la expectativa humana de vida se podr\u00eda alargar hasta los 30 a\u00f1os\u00bb<\/strong>, se\u00f1al\u00f3.<\/p>\n<p class=\"ft-text\">Pero a d\u00eda de hoy, explic\u00f3 Abizanda, solo ha<strong>y cuatro v\u00edas para conseguir vivir m\u00e1s: \u00abTratar la enfermedad cr\u00f3nica, manejar la biolog\u00eda del envejecimiento, luchar contra la fragilidad y modular el exposoma\u00bb<\/strong>, que son todos aquellos factores no gen\u00e9ticos a los que un individuo est\u00e1 expuesto a lo largo de su vida, desde el aire hasta las radiaciones.<\/p>\n<p>La detecci\u00f3n precoz, el edadismo y el covid<\/p>\n<p class=\"ft-text\">La cuesti\u00f3n, a\u00f1adi\u00f3, no es tanto alargar la vida como tener una vejez saludable y para descubrir c\u00f3mo conseguirlo es esencial \u00abla investigaci\u00f3n\u00bb. En Espa\u00f1a hay \u00abgrandes\u00bb cient\u00edficos, entre los que cit\u00f3 a <strong>\u00abRafael de Cabo, Ana Mar\u00eda Cuervo o Carlos L\u00f3pez Ot\u00edn\u00bb<\/strong>, gracias a los que se sabe que h\u00e1bitos como hacer ejercicio regularmente o evitar comer mucho son esenciales, no para vivir m\u00e1s, pero s\u00ed mejor.<\/p>\n<p class=\"ft-text\">Como hizo notar el profesor e investigador, llama la atenci\u00f3n que <strong>los consejos que se dan para lograr un envejecimiento saludable valen tambi\u00e9n para conseguir una buena salud cerebral y prevenir demencias como el alzh\u00e9imer<\/strong>: \u00abHacer una dieta saludable, practicar ejercicio, controlar los factores de riesgo cardiovascular, mantener la mente activa y hacer vida social\u00bb. Tambi\u00e9n es significativo que \u00abtodos los factores de riesgo de la enfermedad de Alzheimer de inicio tard\u00edo est\u00e9n compartidos con el envejecimiento\u00bb. Estas y otras evidencias expuestas han llevado a Abizanda a pensar que, \u00aba lo mejor, las enfermedades neurodegenerativas de inicio a edades avanzadas son envejecimiento\u00bb. Esa reflexi\u00f3n, en forma de interrogante fue una de las conclusiones de su ponencia.<\/p>\n<p><img decoding=\"async\" src=\"https:\/\/www.europesays.com\/es\/wp-content\/uploads\/2025\/11\/54c0718b-368d-4d6b-8d7f-ef68e47c8d97_alta-libre-aspect-ratio_default_0.jpg\" width=\"1200\" height=\"898\" alt=\"El ponente muestra en la pantalla los consejos para prevenir el alzh\u00e9imer.\" class=\"ft-helper-img-rd\" loading=\"lazy\"\/><\/p>\n<p class=\"ft-helper-fontColor-quaternary ft-helper-fontSize-body-S ft-helper-spacer-t-xxs\">El ponente muestra en la pantalla los consejos para prevenir el alzh\u00e9imer.  \/ J.A. Riera<\/p>\n<p class=\"ft-text\">El segundo apartado de su disertaci\u00f3n lo abri\u00f3 tambi\u00e9n con una pregunta: <strong>\u00ab\u00bfMerece la pena hacer detecci\u00f3n precoz de alzh\u00e9imer en personas de edad avanzada?\u00bb<\/strong>. La respuesta la dio al final, despu\u00e9s de hablar de edadismo, es decir, de \u00abla discriminaci\u00f3n a causa de la edad\u00bb, que se traduce en \u00abestereotipos, prejuicios y actos discriminatorios hacia la gente mayor\u00bb. <strong>\u00abHubo edadismo durante el <\/strong><a class=\"ft-link ft-link--decoration\" href=\"https:\/\/www.diariodeibiza.es\/tags\/coronavirus\/\" rel=\"nofollow noopener\" target=\"_blank\"><strong>covid <\/strong><\/a><strong>en los tratamientos y en el manejo<\/strong>, es el ejemplo claro y fehaciente de que ante una persona mayor no tomamos las mismas decisiones que ante una joven\u00bb, afirm\u00f3 con rotundidad. Tambi\u00e9n denunci\u00f3 \u00abel doble estigma\u00bb que sufren los ancianos con alzh\u00e9imer y asegur\u00f3 que \u00abel 80% de la poblaci\u00f3n es edadista\u00bb. <strong>\u00abEl envejecimiento, el edadismo y la no detecci\u00f3n precoz del alzh\u00e9imer van de la mano demasiadas veces\u00bb<\/strong>, lament\u00f3.<\/p>\n<p class=\"ft-text\">Tras estas observaciones, el experto abog\u00f3 por<strong> \u00abaumentar la concienciaci\u00f3n y el reconocimiento de la discriminaci\u00f3n por la edad en entornos relacionados con la salud <\/strong>junto a una <strong>adecuada valoraci\u00f3n geri\u00e1trica<\/strong>, que es fundamental para que los mayores puedan acceder a un sistema de atenci\u00f3n m\u00e9dica \u00f3ptimo que mejore su salud en lugar de perjudicarla\u00bb. Asimismo, respondiendo a la pregunta que hab\u00eda hecho previamente, dej\u00f3 muy claro que \u00abla edad no deber\u00eda ser una limitaci\u00f3n para hacer un <a class=\"ft-link ft-link--decoration\" href=\"https:\/\/www.diariodeibiza.es\/videos\/sociedad\/2025\/04\/09\/analisis-sangre-detectar-alzheimer-personas-sintomas-116219971.html\" rel=\"nofollow noopener\" target=\"_blank\">diagn\u00f3stico precoz<\/a>, iniciar un tratamiento o participar en ensayos cl\u00ednicos si<strong> la valoraci\u00f3n geri\u00e1trica<\/strong> encuentra beneficios\u00bb. Esta fue una de las \u00faltimas conclusiones de la ponencia de Abizanda, que dej\u00f3 al p\u00fablico con ganas de saber m\u00e1s y de apuntarse corriendo al gimnasio.<\/p>\n<p data-close=\"closedContent\" class=\"subscribeHideForDisplay\">Suscr\u00edbete para seguir leyendo<\/p>\n","protected":false},"excerpt":{"rendered":"Llegar a ser inmortales es el sue\u00f1o de muchos y si no, que se lo pregunten a Putin&hellip;\n","protected":false},"author":2,"featured_media":226262,"comment_status":"","ping_status":"","sticky":false,"template":"","format":"standard","meta":{"footnotes":""},"categories":[92],"tags":[59695,3350,1387,7993,25,24,4921,13170,165,1822,59696,166,23],"class_list":{"0":"post-226261","1":"post","2":"type-post","3":"status-publish","4":"format-standard","5":"has-post-thumbnail","7":"category-salud","8":"tag-abizanda","9":"tag-alzheimer","10":"tag-edad","11":"tag-envejecimiento","12":"tag-es","13":"tag-espana","14":"tag-experto","15":"tag-geriatria","16":"tag-health","17":"tag-pedro","18":"tag-recinto-ferial-de-ibiza","19":"tag-salud","20":"tag-spain"},"share_on_mastodon":{"url":"https:\/\/pubeurope.com\/@es\/115518234633216363","error":""},"_links":{"self":[{"href":"https:\/\/www.europesays.com\/es\/wp-json\/wp\/v2\/posts\/226261","targetHints":{"allow":["GET"]}}],"collection":[{"href":"https:\/\/www.europesays.com\/es\/wp-json\/wp\/v2\/posts"}],"about":[{"href":"https:\/\/www.europesays.com\/es\/wp-json\/wp\/v2\/types\/post"}],"author":[{"embeddable":true,"href":"https:\/\/www.europesays.com\/es\/wp-json\/wp\/v2\/users\/2"}],"replies":[{"embeddable":true,"href":"https:\/\/www.europesays.com\/es\/wp-json\/wp\/v2\/comments?post=226261"}],"version-history":[{"count":0,"href":"https:\/\/www.europesays.com\/es\/wp-json\/wp\/v2\/posts\/226261\/revisions"}],"wp:featuredmedia":[{"embeddable":true,"href":"https:\/\/www.europesays.com\/es\/wp-json\/wp\/v2\/media\/226262"}],"wp:attachment":[{"href":"https:\/\/www.europesays.com\/es\/wp-json\/wp\/v2\/media?parent=226261"}],"wp:term":[{"taxonomy":"category","embeddable":true,"href":"https:\/\/www.europesays.com\/es\/wp-json\/wp\/v2\/categories?post=226261"},{"taxonomy":"post_tag","embeddable":true,"href":"https:\/\/www.europesays.com\/es\/wp-json\/wp\/v2\/tags?post=226261"}],"curies":[{"name":"wp","href":"https:\/\/api.w.org\/{rel}","templated":true}]}}