{"id":226267,"date":"2025-11-09T06:11:42","date_gmt":"2025-11-09T06:11:42","guid":{"rendered":"https:\/\/www.europesays.com\/es\/226267\/"},"modified":"2025-11-09T06:11:42","modified_gmt":"2025-11-09T06:11:42","slug":"espana-ya-supera-el-millon-de-afiliados-latinoamericanos-donde-estan-y-en-que-trabajan-economia","status":"publish","type":"post","link":"https:\/\/www.europesays.com\/es\/226267\/","title":{"rendered":"Espa\u00f1a ya supera el mill\u00f3n de afiliados latinoamericanos: \u00bfd\u00f3nde est\u00e1n y en qu\u00e9 trabajan? | Econom\u00eda"},"content":{"rendered":"<p class=\"\">Azucena Carhuajulca naci\u00f3 hace 31 a\u00f1os en Chiclayo (Per\u00fa) y trabaja a 9.500 kil\u00f3metros de all\u00ed, en el centro de Bilbao. \u201cCuido a tres personas mayores, una pareja y una hermana que viven juntos. Las ayudo, les doy la medicaci\u00f3n, salimos a pasear, hago los recados, las comidas\u201d. Trabaja <a href=\"https:\/\/elpais.com\/economia\/2025-11-02\/menos-empleadas-de-hogar-en-un-mercado-laboral-en-expansion-es-un-trabajo-durisimo.html\" target=\"_self\" rel=\"nofollow noopener\" title=\"https:\/\/elpais.com\/economia\/2025-11-02\/menos-empleadas-de-hogar-en-un-mercado-laboral-en-expansion-es-un-trabajo-durisimo.html\">como interna<\/a> a cambio del salario m\u00ednimo profesional (16.576 euros brutos al a\u00f1o). Jessica Klejman naci\u00f3 hace 37 a\u00f1os en Caracas (Venezuela) y trabaja a 7.000 kil\u00f3metros, en Madrid. \u201cMe dedico al marketing y la comunicaci\u00f3n. Trabajo en una internacional tecnol\u00f3gica, con un salario de rango internacional y buenas condiciones. Estoy muy contenta\u201d.<\/p>\n<p class=\"\">Estas dos mujeres forman parte una comunidad laboral creciente, la de los latinoamericanos en Espa\u00f1a. Este a\u00f1o han superado la ic\u00f3nica cifra del mill\u00f3n de <a href=\"https:\/\/w6.seg-social.es\/PXWeb\/pxweb\/es\/Afiliados%20en%20alta%20laboral\/\" target=\"_self\" rel=\"nofollow noopener\" title=\"https:\/\/w6.seg-social.es\/PXWeb\/pxweb\/es\/Afiliados%20en%20alta%20laboral\/\">afiliados a la Seguridad Social<\/a>, lo que les convierte en el segundo gran grupo de trabajadores extranjeros. Por pa\u00edses, Marruecos (<a href=\"https:\/\/elpais.com\/economia\/2025-03-16\/los-marroquies-ya-son-la-principal-fuerza-laboral-extranjera-de-espana-queremos-trabajar.html\" target=\"_self\" rel=\"nofollow noopener\" title=\"https:\/\/elpais.com\/economia\/2025-03-16\/los-marroquies-ya-son-la-principal-fuerza-laboral-extranjera-de-espana-queremos-trabajar.html\">351.600 afiliados<\/a>) supera a cualquiera de las nacionalidades americanas, pero en conjunto adelantan ampliamente tanto a africanos (en torno a medio mill\u00f3n) como a asi\u00e1ticos (unos 300.000). Los europeos a\u00fan superan a los latinoamericanos por unas pocas decenas de miles, pero dadas las tendencias de cada comunidad el sorpasso est\u00e1 a la vuelta de la esquina.<\/p>\n<p class=\"\">La <a href=\"https:\/\/elpais.com\/economia\/2023-07-09\/asi-se-derrite-un-salario-minimo-interprofesional-en-un-mes.html\" target=\"_self\" rel=\"nofollow noopener\" title=\"https:\/\/elpais.com\/economia\/2023-07-09\/asi-se-derrite-un-salario-minimo-interprofesional-en-un-mes.html\">precaria historia<\/a> de Azucena es mucho m\u00e1s frecuente que la de Jessica. Pero, tan diferentes, son un peque\u00f1o reflejo de la heterogeneidad laboral de los latinoamericanos en Espa\u00f1a. Aunque tienen una mayor presencia que los empleados espa\u00f1oles en las actividades <a href=\"https:\/\/elpais.com\/economia\/2023-12-17\/un-record-de-empleo-imposible-sin-trabajadores-extranjeros.html\" target=\"_self\" rel=\"nofollow noopener\" title=\"https:\/\/elpais.com\/economia\/2023-12-17\/un-record-de-empleo-imposible-sin-trabajadores-extranjeros.html\">peor pagadas<\/a> y sufren <a href=\"https:\/\/elpais.com\/economia\/2024-04-18\/espana-desperdicia-el-talento-extranjero-uno-de-cada-dos-inmigrantes-trabaja-por-debajo-de-su-cualificacion.html\" target=\"_self\" rel=\"nofollow noopener\" title=\"https:\/\/elpais.com\/economia\/2024-04-18\/espana-desperdicia-el-talento-extranjero-uno-de-cada-dos-inmigrantes-trabaja-por-debajo-de-su-cualificacion.html\">m\u00e1s sobrecualificaci\u00f3n<\/a>, a la vez gozan de un protagonismo al alza en sectores avanzados y superan en los mismos a otras comunidades migrantes. Estas conclusiones se desprenden de los datos proporcionados por la Seguridad Social a EL PA\u00cdS, que tambi\u00e9n permiten conocer el detalle por comunidades aut\u00f3nomas y edad para las nacionalidades m\u00e1s numerosas: Colombia (253.000), Venezuela (207.000), Per\u00fa (99.000), Ecuador (76.000) y Argentina (69.000). <\/p>\n<p class=\"\">A ellos se suman 61.000 de Honduras, 50.000 de Paraguay, 42.000 de Brasil, 41.000 de Cuba y 39.000 de Bolivia para completar los diez pa\u00edses con mayor presencia en Espa\u00f1a. Con la suma de otros diez pa\u00edses latinoamericanos la cifra total en septiembre (\u00faltimo disponible) es de 1.062.000 afiliados. La barrera del mill\u00f3n se super\u00f3 en mayo, justo el mes al que corresponden los datos desagregados que componen este reportaje. <\/p>\n<p class=\"\">M\u00f3nica Mongu\u00ed, colombiana, doctora en Sociolog\u00eda e investigadora de la Universidad Complutense de Madrid especialista en migraciones, subraya que antes de rebasar esa cifra del mill\u00f3n, los latinoamericanos \u201cya eran una parte esencial del tejido laboral espa\u00f1ol, sobre todo en los sectores de cuidados, hosteler\u00eda, limpieza, construcci\u00f3n y servicios\u201d. \u201cLo que ha cambiado\u201d, contin\u00faa, \u201ces su visibilidad estad\u00edstica, pues muchas han podido afiliarse a trav\u00e9s <a href=\"https:\/\/elpais.com\/espana\/2024-11-24\/elma-saiz-en-espana-ya-no-basta-con-no-ser-racista-hay-que-ser-antiracista.html\" target=\"_self\" rel=\"nofollow noopener\" title=\"https:\/\/elpais.com\/espana\/2024-11-24\/elma-saiz-en-espana-ya-no-basta-con-no-ser-racista-hay-que-ser-antiracista.html\">de v\u00edas de regularizaci\u00f3n<\/a>, y gracias a la necesidad estructural <a href=\"https:\/\/elpais.com\/economia\/2025-08-21\/las-vacantes-de-empleo-retroceden-en-espana-por-primera-vez-en-mas-de-un-ano.html\" target=\"_self\" rel=\"nofollow noopener\" title=\"https:\/\/elpais.com\/economia\/2025-08-21\/las-vacantes-de-empleo-retroceden-en-espana-por-primera-vez-en-mas-de-un-ano.html\">de mano de obra<\/a> en sectores donde la poblaci\u00f3n espa\u00f1ola no cubre la demanda, as\u00ed como la estabilizaci\u00f3n de comunidades que llevan m\u00e1s de una d\u00e9cada asentadas en Espa\u00f1a\u201d.<\/p>\n<p class=\"\">Desde 2019 el n\u00famero de afiliados latinoamericanos se ha duplicado, con medio mill\u00f3n m\u00e1s. Las nacionalidades que m\u00e1s aportan son Colombia (+176.000), Venezuela (+146.000) y Per\u00fa (+60.000). Alvaro Zuleta, colombiano y presidente de la asociaci\u00f3n Aculco, cree que estos impulsos, adem\u00e1s de a la estabilizaci\u00f3n de comunidades a la que alude Mongu\u00ed, obedecen a las crisis econ\u00f3micas que han enfrentado estos pa\u00edses en los \u00faltimos a\u00f1os. \u201cLa consolidaci\u00f3n del bloque andino refleja un patr\u00f3n de asentamiento estable, urbano y familiar. Ya no se trata solo de flujos econ\u00f3micos, sino de proyectos de vida\u201d, reflexiona Mongu\u00ed, que tambi\u00e9n identifica un fuerte incremento de \u201clos flujos procedentes de Centroam\u00e9rica y el Caribe, especialmente de Honduras y Nicaragua\u201d. En el \u00faltimo lustro, estos pa\u00edses aportan, respectivamente, 32.100 afiliados y 14.000.<\/p>\n<p>Hosteler\u00eda, el sector m\u00e1s importante<\/p>\n<p class=\"\">La comunidad m\u00e1s numerosa, los colombianos, se dedica principalmente a la hosteler\u00eda. Este sector, <a href=\"https:\/\/elpais.com\/economia\/2024-07-23\/precariedad-en-bandeja-lo-peor-de-trabajar-en-la-hosteleria.html\" target=\"_self\" rel=\"nofollow noopener\" title=\"https:\/\/elpais.com\/economia\/2024-07-23\/precariedad-en-bandeja-lo-peor-de-trabajar-en-la-hosteleria.html\">de salarios bajos y jornadas pactadas largas<\/a>, emplea a uno de cada cinco colombianos afiliados a la Seguridad Social (21%), cuando en el promedio del conjunto de trabajadores se limita al 10%. Hay a\u00fan m\u00e1s camareros y cocineros entre los venezolanos (24%) y los argentinos (23%). <\/p>\n<p class=\"\">Pilar Li\u00f1\u00e1n es una de los 15.900 argentinos dedicados a los bares y restaurantes en Espa\u00f1a. \u201cCada vez somos m\u00e1s argentinos, y se ve en la hosteler\u00eda, un sector que te permite entrar al mercado laboral. Te explota mucho, a veces trabajas diez d\u00edas seguidos. De los 15 que somos en mi restaurante solo hay un espa\u00f1ol, el resto son dominicanos, ecuatorianos, peruanos&#8230;\u201d, explica esta argentina de 37 a\u00f1os. Vive en Madrid, donde sus compatriotas, junto a peruanos, colombianos, ecuatoriano y venezolanos, representan el 5% de todos los trabajadores. En ninguna otra autonom\u00eda la suma de estas cinco nacionalidades supone una porci\u00f3n tan grande de la tarta laboral.<\/p>\n<p class=\"\">Es m\u00e1s, aunque la Comunidad de Madrid es la tercera en poblaci\u00f3n, es la autonom\u00eda que m\u00e1s empleados peruanos, colombianos, venezolanos y ecuatorianos concentra. Los argentinos, m\u00e1s numerosos en Catalu\u00f1a, son la \u00fanica excepci\u00f3n al liderazgo de Madrid. En el otro lado de la balanza, con la menor proporci\u00f3n de afiliados latinoamericanos, hay autonom\u00edas con un desarrollo econ\u00f3mico gripado. El caso m\u00e1s evidente es el de Extremadura, con solo 3.600 afiliados de estos cinco pa\u00edses, as\u00ed que no llegan ni al 1% de los afiliados de la regi\u00f3n. Si todos fundasen un municipio (sin sus familias) ni llegar\u00edan a la consideraci\u00f3n <a href=\"https:\/\/educativo.ign.es\/atlas-didactico\/ciudades-eso\/criterios_para_definir_una_ciudad.html\" target=\"_self\" rel=\"nofollow noopener\" title=\"https:\/\/educativo.ign.es\/atlas-didactico\/ciudades-eso\/criterios_para_definir_una_ciudad.html\">de ciudad<\/a>, mientras que la suma de los afiliados en la Comunidad de Madrid en un solo n\u00facleo poblacional casi empatar\u00eda con Alcal\u00e1 de Henares o Fuenlabrada.<\/p>\n<p>\n  N\u00famero de afiliados de cada pa\u00eds por comunidad aut\u00f3noma\n<\/p>\n<p>Colombia<\/p>\n<p>    <img decoding=\"async\" src=\"https:\/\/www.europesays.com\/es\/wp-content\/uploads\/2025\/11\/mapa_COLOMBIA.png\" alt=\"Mapa Colombia\" class=\"mapa-img\"\/><\/p>\n<p>Venezuela<\/p>\n<p>    <img decoding=\"async\" src=\"https:\/\/www.europesays.com\/es\/wp-content\/uploads\/2025\/11\/mapa_VENEZUELA.png\" alt=\"Mapa Venezuela\" class=\"mapa-img\"\/><\/p>\n<p>Per\u00fa<\/p>\n<p>    <img decoding=\"async\" src=\"https:\/\/www.europesays.com\/es\/wp-content\/uploads\/2025\/11\/mapa_PERU.png\" alt=\"Mapa Per\u00fa\" class=\"mapa-img\"\/><\/p>\n<p>Ecuador<\/p>\n<p>      <img decoding=\"async\" src=\"https:\/\/www.europesays.com\/es\/wp-content\/uploads\/2025\/11\/mapa_ECUADOR.png\" alt=\"Mapa Ecuador\" class=\"mapa-img\"\/><\/p>\n<p>Argentina<\/p>\n<p>      <img decoding=\"async\" src=\"https:\/\/www.europesays.com\/es\/wp-content\/uploads\/2025\/11\/mapa_ARGENTINA.png\" alt=\"Mapa Argentina\" class=\"mapa-img\"\/><\/p>\n<p class=\"\">M\u00e1s all\u00e1 de las diferencias regionales, la desagregaci\u00f3n por edad tambi\u00e9n ayuda a entender la migraci\u00f3n latinoamericana a Espa\u00f1a. Las comunidades que m\u00e1s crecen en los \u00faltimos a\u00f1os (Venezuela, un 237% m\u00e1s desde 2019; Colombia, +228%; Per\u00fa, +154%; y Argentina, +85%) son las que cuentan con afiliados m\u00e1s j\u00f3venes a la Seguridad Social. En torno a la mitad tienen 34 a\u00f1os o menos. Sin embargo, en la comunidad que menos nuevos afiliados aporta (Ecuador, que solo crece un 0,2%) ese grupo de j\u00f3venes representa en torno a un tercio del total. Por ello, como se observa en el siguiente gr\u00e1fico, la l\u00ednea de edad ecuatoriana es la que m\u00e1s se parece a la del promedio de la econom\u00eda, <a href=\"https:\/\/elpais.com\/economia\/2024-03-03\/viaje-a-las-comarcas-mineras-con-las-pensiones-mas-altas-de-espana.html\" target=\"_self\" rel=\"nofollow noopener\" title=\"https:\/\/elpais.com\/economia\/2024-03-03\/viaje-a-las-comarcas-mineras-con-las-pensiones-mas-altas-de-espana.html\">envejecida principalmente por los espa\u00f1oles<\/a>.<\/p>\n<p>\n  Porcentaje de afiliados en cada tramo de edad\n<\/p>\n<p>    Mujeres<\/p>\n<p>    Hombres<\/p>\n<p>    Total afiliadas<\/p>\n<p>    Total afiliados<\/p>\n<p class=\"\">\u201cLa mayor\u00eda de ecuatorianos vinimos hace tiempo, a principios de siglo. Yo llegu\u00e9 en 1999\u2033, rememora Vladimir Paspuel, de 64 a\u00f1os. \u201cHoy llegan en mayor volumen otras comunidades, como la colombiana o la venezolana\u201d, dice el presidente de la asociaci\u00f3n Rumi\u00f1ahui. \u201cMuchos ecuatorianos se dedicaban a la construcci\u00f3n y lo siguen haciendo\u201d, agrega, apuntando a otra clave sectorial: los afiliados de Ecuador son los \u00fanicos que no se dedican principalmente a la hosteler\u00eda, est\u00e1n volcados en la obra (un 17% se dedica a ello, mientras que la media de la econom\u00eda es del 7%), <a href=\"https:\/\/elpais.com\/economia\/2025-09-21\/el-trabajo-acelera-en-el-ladrillo-mas-empleados-de-inmobiliaria-que-nunca-y-tantos-obreros-como-hace-15-anos.html\" target=\"_self\" rel=\"nofollow noopener\" title=\"https:\/\/elpais.com\/economia\/2025-09-21\/el-trabajo-acelera-en-el-ladrillo-mas-empleados-de-inmobiliaria-que-nunca-y-tantos-obreros-como-hace-15-anos.html\">el sector pujante<\/a> cuando lleg\u00f3 la mayor\u00eda de ellos. <\/p>\n<p class=\"\">Sergio trabaja en la construcci\u00f3n, pero este paraguayo de 28 a\u00f1os no forma parte de la estad\u00edstica de la Seguridad Social porque no tiene papeles. \u201cLlegu\u00e9 hace un a\u00f1o y me dedico <a href=\"https:\/\/elpais.com\/economia\/2025-10-12\/el-miedo-a-un-accidente-fatal-en-la-obra-hay-dias-que-temo-no-volver-a-casa.html\" target=\"_self\" rel=\"nofollow noopener\" title=\"https:\/\/elpais.com\/economia\/2025-10-12\/el-miedo-a-un-accidente-fatal-en-la-obra-hay-dias-que-temo-no-volver-a-casa.html\">a la demolici\u00f3n de edificios<\/a>, la parte m\u00e1s riesgosa de este sector. El resto de mis compa\u00f1eros, todos extranjeros, tampoco tiene papeles\u201d, explica, antes de criticar a sus jefes porque ni le pagan las horas extra (su jornada a veces se alarga hasta 14 horas diarias), ni le proveen material de seguridad, ni respetan los descansos. <\/p>\n<p class=\"\">\u201cTengo una gran sensaci\u00f3n de impotencia. Muchos compa\u00f1eros est\u00e1n muy deprimidos, pero siguen trabajando porque es lo \u00fanico que tienen, por miedo a ser despedidos\u201d, agrega Sergio. Gana unos 800 euros al mes, siempre pendiente de no lesionarse \u201cporque dicen que <a href=\"https:\/\/elpais.com\/economia\/2025-10-15\/espana-sufre-mucha-mas-mortalidad-en-el-trabajo-que-los-paises-mas-seguros-de-europa.html\" target=\"_self\" rel=\"nofollow noopener\" title=\"https:\/\/elpais.com\/economia\/2025-10-15\/espana-sufre-mucha-mas-mortalidad-en-el-trabajo-que-los-paises-mas-seguros-de-europa.html\">un posible accidente es tu culpa<\/a>, que si te pasa te despiden\u201d. Cuando llega a casa descansa en una habitaci\u00f3n diminuta de Madrid por la que paga 400 euros al mes m\u00e1s gastos. En su casa hay otras tres habitaciones: en otra vive una pareja, en la tercera una familia de cinco miembros y en la \u00faltima, dos compa\u00f1eros.<\/p>\n<p>M\u00e1s latinoamericanos, seg\u00fan el INE<\/p>\n<p class=\"\">Es muy dif\u00edcil saber cu\u00e1ntos latinoamericanos viven en Espa\u00f1a en la situaci\u00f3n irregular de Sergio, ya que la afiliaci\u00f3n a la Seguridad Social (al tratarse de un registro administrativo) no capta el fen\u00f3meno. S\u00ed lo hace la <a href=\"https:\/\/elpais.com\/economia\/2025-10-24\/la-tasa-de-paro-sube-al-104-en-el-tercer-trimestre-pese-a-registrarse-un-record-en-el-numero-de-ocupados.html\" target=\"_self\" rel=\"nofollow noopener\" title=\"https:\/\/elpais.com\/economia\/2025-10-24\/la-tasa-de-paro-sube-al-104-en-el-tercer-trimestre-pese-a-registrarse-un-record-en-el-numero-de-ocupados.html\">Encuesta de Poblaci\u00f3n Activa<\/a> del INE, que no desagrega por pa\u00edses, pero s\u00ed por grandes grupos territoriales: indica que hay 1,52 millones de ocupados extranjeros procedentes de Am\u00e9rica Latina. Esto no quiere decir que haya medio mill\u00f3n de trabajadores irregulares latinoamericanos en Espa\u00f1a (la diferencia entre los registrados en la Seguridad Social y los que figuran como ocupados en la encuesta), pero s\u00ed da una aproximaci\u00f3n a la dimensi\u00f3n del fen\u00f3meno. Con esta desagregaci\u00f3n, Latinoam\u00e9rica (que acaba de superar el m\u00e1ximo que lleg\u00f3 a alcanzar en 2008) s\u00ed adelanta a Europa.<\/p>\n<p class=\"\">Tambi\u00e9n trabaja en la construcci\u00f3n \u00c1ngela Villegas, colombiana de 37 a\u00f1os, pero en una situaci\u00f3n radicalmente distinta a la Sergio. \u201cSoy ingeniera civil. Estudi\u00e9 en Colombia e hice un m\u00e1ster en edici\u00f3n de proyectos. Trabajo en el mundo de la construcci\u00f3n e inmobiliario, antes en la obra y desde hace dos a\u00f1os y medio en una promotora\u201d, explica. Uno de los aspectos que le llama la atenci\u00f3n de Espa\u00f1a es \u201clo dif\u00edcil que resulta llegar a ganar salarios altos\u201d y se\u00f1ala una dificultad a la que tambi\u00e9n alude Klejman: \u201cEst\u00e1s solo, no tienes red, y eso complica todo. Tienes menos contactos para encontrar trabajo, a lo mejor tus compa\u00f1eros viven al principio con sus pap\u00e1s, pero t\u00fa tienes que pagar un alquiler&#8230;\u201d. Esto puede afectar a los empleados de altos y bajos ingresos, pero a los segundos les deja <a href=\"https:\/\/elpais.com\/economia\/2025-11-04\/un-11-de-los-trabajadores-en-espana-esta-en-riesgo-de-pobreza-el-tercer-peor-dato-de-la-ue.html\" target=\"_self\" rel=\"nofollow noopener\" title=\"https:\/\/elpais.com\/economia\/2025-11-04\/un-11-de-los-trabajadores-en-espana-esta-en-riesgo-de-pobreza-el-tercer-peor-dato-de-la-ue.html\">en una mayor vulnerabilidad<\/a> si pierden su empleo.<\/p>\n<p class=\"\">Otra empleada en una actividad de alta cualificaci\u00f3n es Nathalie Burbano, colombiana de 37 a\u00f1os. Esta m\u00e9dica radi\u00f3loga intervencionista pensaba volver a Colombia tras realizar una parte de sus estudios en Espa\u00f1a, pero cambi\u00f3 de parecer porque homologaron su t\u00edtulo en menos de un a\u00f1o y consigui\u00f3 un trabajo enseguida, dada <a href=\"https:\/\/elpais.com\/sociedad\/2024-06-26\/ante-la-falta-de-medicos-los-hospitales-apenas-pueden-contratar-a-inmigrantes-son-un-lujo.html\" target=\"_self\" rel=\"nofollow noopener\" title=\"https:\/\/elpais.com\/sociedad\/2024-06-26\/ante-la-falta-de-medicos-los-hospitales-apenas-pueden-contratar-a-inmigrantes-son-un-lujo.html\">la escasez de personal sanitario<\/a> \u2014por lo general, los extranjeros tienen <a href=\"https:\/\/elpais.com\/educacion\/2023-10-23\/el-atasco-de-la-homologacion-de-titulos-universitarios-extranjeros-no-hay-manos-para-3500-expedientes-al-mes.html\" target=\"_self\" rel=\"nofollow noopener\" title=\"https:\/\/elpais.com\/educacion\/2023-10-23\/el-atasco-de-la-homologacion-de-titulos-universitarios-extranjeros-no-hay-manos-para-3500-expedientes-al-mes.html\">muchos problemas<\/a> para homologar sus t\u00edtulos por el atasco burocr\u00e1tico y, en algunas ocasiones, por las reticencias de los colectivos profesionales\u2014. \u201cTrabajo en el Hospital de Toledo, donde puedo entrar en lo p\u00fablico sin la nacionalidad. La he pedido para poder trabajar en Madrid, donde <a href=\"https:\/\/www.comunidad.madrid\/noticias\/2022\/11\/16\/comunidad-madrid-contratara-profesionales-sanitarios-extracomunitarios-aprobacion-ley-omnibus\" target=\"_self\" rel=\"nofollow noopener\" title=\"https:\/\/www.comunidad.madrid\/noticias\/2022\/11\/16\/comunidad-madrid-contratara-profesionales-sanitarios-extracomunitarios-aprobacion-ley-omnibus\">s\u00ed me lo piden<\/a>, porque vivo ah\u00ed y hago el trayecto en tren todos los d\u00edas\u201d. El 6% de los colombianos trabaja en sanidad y servicios sociales, solo superados por el 8% de los peruanos. Ambas proporciones est\u00e1n por debajo del 10% del promedio nacional, pero superan la media del total de extranjeros (4,8%).<\/p>\n<p><img decoding=\"auto\" class=\"_re lazyload a_m-h\" height=\"276\"  width=\"414\"  src=\"https:\/\/www.europesays.com\/es\/wp-content\/uploads\/2025\/11\/2YRMH633FNHKNPNRLVPC7EDDBA.jpg\" loading=\"lazy\"\/>Jessica Klejman, trabajadora venezolana en su casa de Madrid.Santi Burgos<\/p>\n<p class=\"\">Pilar, la camarera argentina, tambi\u00e9n quiere la nacionalidad para poder entrar en uno de los sectores que menos colombianos, venezolanos, peruanos, ecuatorianos y argentinos emplea en Espa\u00f1a, <a href=\"https:\/\/elpais.com\/economia\/2025-06-22\/la-economia-se-extranjeriza-pero-no-la-administracion-publica-el-muro-de-los-foraneos-para-ser-funcionarios.html#?rel=mas\" target=\"_self\" rel=\"nofollow noopener\" title=\"https:\/\/elpais.com\/economia\/2025-06-22\/la-economia-se-extranjeriza-pero-no-la-administracion-publica-el-muro-de-los-foraneos-para-ser-funcionarios.html#?rel=mas\">la Administraci\u00f3n p\u00fablica<\/a>. Ninguna de estas nacionalidades supera el 1% en esa actividad, cuando ocupa al 6% del total de afiliados a la Seguridad Social, dada la exigencia de la nacionalidad espa\u00f1ola o comunitaria para muchas oposiciones. A la espera de homologar su carrera universitaria y sin la nacionalidad espa\u00f1ola, Pilar no puede presentarse a las de trabajadora social. \u201cA finales de noviembre tengo el examen\u201d, dice, en referencia a la prueba para obtener la nacionalidad.<\/p>\n<p class=\"\">Si aprueba se convertir\u00e1 en uno m\u00e1s de los 1,3 millones de ocupados con doble nacionalidad que hay en Espa\u00f1a (y que en la Seguridad Social cuentan como espa\u00f1oles), que ya representan el 6% del mercado laboral, m\u00e1s del doble que hace una d\u00e9cada. El INE no desagrega este apartado ni por pa\u00edses ni por grupos continentales, as\u00ed que no es posible saber cu\u00e1ntos de ellos son de cada naci\u00f3n latinoamericana. Sin embargo, los expertos subrayan que la mayor\u00eda comparte pasaporte espa\u00f1ol e hispanoamericano, dado que casi todos los pa\u00edses con los que Espa\u00f1a tiene convenio de doble nacionalidad son de <a href=\"https:\/\/www.mjusticia.gob.es\/eu\/ciudadania\/nacionalidad\/que-es-nacionalidad\/tener-doble-nacionalidad\" target=\"_self\" rel=\"nofollow noopener\" title=\"https:\/\/www.mjusticia.gob.es\/eu\/ciudadania\/nacionalidad\/que-es-nacionalidad\/tener-doble-nacionalidad\">esta parte del mundo<\/a>. Los latinoamericanos pueden conseguir este estatus tras dos a\u00f1os con permiso de residencia. Para lograr un pasaporte espa\u00f1ol, los marroqu\u00edes o los chinos deben esperar una d\u00e9cada y renunciar al de su pa\u00eds de origen. <\/p>\n<p class=\"\">Estas comunidades, seg\u00fan datos provistos <a href=\"https:\/\/elpais.com\/economia\/2024-08-25\/en-que-trabajan-los-extranjeros-en-espana-la-mitad-de-los-chinos-en-comercio-y-un-tercio-de-los-marroquis-en-el-campo.html\" target=\"_self\" rel=\"nofollow noopener\" title=\"https:\/\/elpais.com\/economia\/2024-08-25\/en-que-trabajan-los-extranjeros-en-espana-la-mitad-de-los-chinos-en-comercio-y-un-tercio-de-los-marroquis-en-el-campo.html\">a este peri\u00f3dico el a\u00f1o pasado<\/a> por la Seguridad Social, son las que sufren una mayor concentraci\u00f3n en sectores espec\u00edficos: el 84% de los chinos trabajan en comercios, restaurantes y bares, cuando en el promedio de la econom\u00eda espa\u00f1ola estos sectores emplean al 26%; y un tercio de los marroqu\u00edes trabajan en el campo, tambi\u00e9n muy por encima del promedio de la econom\u00eda.<\/p>\n<p class=\"\">Los latinoamericanos, sin embargo, se reparten de forma algo m\u00e1s parecida a la media: el 8% de los colombianos se dedican a la industria manufacturera, cuando la media es el 11%; el 12% de los venezolanos a las actividades administrativas, ante un promedio del 8%; el 7% de los argentinos a las cient\u00edficas y t\u00e9cnicas, frente a una media del 6%; el 9% de los peruanos al transporte y el promedio tambi\u00e9n es el 6%; y el 2% de los ecuatorianos a otros servicios, ante una media del 3%.<\/p>\n<p><img decoding=\"auto\" class=\"_re lazyload a_m-h\" height=\"276\"  width=\"414\"  src=\"https:\/\/www.europesays.com\/es\/wp-content\/uploads\/2025\/11\/5JNLJJ7HGZGU5EEM5RL6DSCVPA.jpg\" loading=\"lazy\"\/>M\u00f3nica Mongu\u00ed, investigadora de la Universidad Complutense de origen colombiano.Pablo Monge<\/p>\n<p class=\"\">Mongu\u00ed advierte de que \u201cel parecido sectorial es solo superficial, pues trabajan en los mismos sectores, pero no en los mismos puestos, ni con la misma estabilidad, ni con la misma remuneraci\u00f3n\u201d. Paspuel puntualiza que la situaci\u00f3n de los latinoamericanos en Espa\u00f1a depende mucho de la condici\u00f3n de clase que traen de sus pa\u00edses: a m\u00e1s privilegio, m\u00e1s probabilidad de mejor colocaci\u00f3n a este lado del Atl\u00e1ntico. \u201cEl mercado laboral espa\u00f1ol sigue funcionando sobre una l\u00f3gica de <a href=\"https:\/\/revistas.ucm.es\/index.php\/STRA\/article\/download\/70686\/4564456554352\/4564456595604\" target=\"_self\" rel=\"nofollow noopener\" title=\"https:\/\/revistas.ucm.es\/index.php\/STRA\/article\/download\/70686\/4564456554352\/4564456595604\">etnoestratificaci\u00f3n<\/a>, en la que el origen y nacionalidad determinan las posiciones y condiciones de trabajo. Las personas latinoamericanas y, en especial las mujeres, siguen concentr\u00e1ndose en el segmento secundario del mercado\u201d, a\u00f1ade esta especialista de la Universidad Complutense.<\/p>\n<p class=\"\">El \u00e1rea que mejor ilustra ese fen\u00f3meno <a href=\"https:\/\/elpais.com\/economia\/2025-11-02\/menos-empleadas-de-hogar-en-un-mercado-laboral-en-expansion-es-un-trabajo-durisimo.html\" target=\"_self\" rel=\"nofollow noopener\" title=\"https:\/\/elpais.com\/economia\/2025-11-02\/menos-empleadas-de-hogar-en-un-mercado-laboral-en-expansion-es-un-trabajo-durisimo.html\">es el empleo en el hogar<\/a>, entremezclado a menudo con los cuidados profesionales. Ese es el sector de Lexbia Patricia D\u00edaz, hondure\u00f1a de 50 a\u00f1os que vive en Mallorca: \u201cPor las ma\u00f1anas soy empleada de hogar y por la tarde me dedico a la limpieza en supermercados. Lo que me gusta de mi trabajo es ayudar a la gente, pero s\u00ed que es cansado\u201d. Ren\u00e9 Bellido, boliviano de 54 a\u00f1os y tambi\u00e9n residente en la isla balear, ha desarrollado tareas parecidas: \u201cHe vivido situaciones de racismo con personas que no saben comportarse, pero no es lo m\u00e1s com\u00fan. Creo que cada vez entienden mejor lo mucho que podemos aportar\u201d. Ahora es jefe de cocina.<\/p>\n<p><img decoding=\"auto\" class=\"_re lazyload a_m-h\" height=\"277\"  width=\"414\"  src=\"https:\/\/www.europesays.com\/es\/wp-content\/uploads\/2025\/11\/ZA63R5YT7BHDXBXK5CEC2U7MKE.jpg\" loading=\"lazy\"\/>Azucena, empleada interna en Bilbao.FERNANDO DOMINGO-ALDAMA<\/p>\n<p class=\"\">Azucena, la interna peruana que abr\u00eda este reportaje, aspira a cambiar pronto de sector: \u201cVine porque la situaci\u00f3n de mi pa\u00eds estaba muy mal, tanto a nivel econ\u00f3mico como de seguridad. Pero en mi pa\u00eds trabajaba en un banco, he estudiado administraci\u00f3n de empresas. Espero poder homologar y que me vaya bien. Una amiga lo ha hecho y trabaja en una agencia de seguros. A veces aqu\u00ed sientes que no eres nada, empiezas de cero, pero tengo esperanza\u201c.<\/p>\n<p class=\"\">Y a futuro, \u00bfse mantendr\u00e1 este flujo de llegada de trabajadores latinoamericanos? El presidente de la asociaci\u00f3n Aculco cree que ello depender\u00e1 de dos factores. En primer lugar, del desempe\u00f1o del mercado laboral espa\u00f1ol, \u201cde que siga en este nivel de crecimiento y solidez, dado que siempre ser\u00e1 un destino preferido por la comunidad que ya se ha asentado y tambi\u00e9n por la lengua compartida\u201d. Pero, opina, tambi\u00e9n de la situaci\u00f3n de cada pa\u00eds de Latinoam\u00e9rica: \u201cLas llegadas ser\u00e1n mayores o menores en funci\u00f3n de la estabilidad de los pa\u00edses de origen. Si mejora respecto a lo actual puede bajar\u201d. La tendencia en la afiliaci\u00f3n parece atenuarse a\u00f1o a a\u00f1o, tras el subid\u00f3n postpand\u00e9mico: de 2022 a 2023 Espa\u00f1a gan\u00f3 131.000 afiliados latinoamericanos (+17,8%); de 2023 a 2024, 109.000 (+12,6%); y en el \u00faltimo ejercicio, 88.000 (+9%).<\/p>\n","protected":false},"excerpt":{"rendered":"Azucena Carhuajulca naci\u00f3 hace 31 a\u00f1os en Chiclayo (Per\u00fa) y trabaja a 9.500 kil\u00f3metros de all\u00ed, en el&hellip;\n","protected":false},"author":2,"featured_media":226268,"comment_status":"","ping_status":"","sticky":false,"template":"","format":"standard","meta":{"footnotes":""},"categories":[42],"tags":[58343,283,8997,17,18,1803,95,2622,5509,2308,13,14,11,25559,61,62,63,64,19,20,1804,25860,9,10,15,16,18249,705,43514,11755,12,2752,21,22,1192,65,66,67],"class_list":{"0":"post-226267","1":"post","2":"type-post","3":"status-publish","4":"format-standard","5":"has-post-thumbnail","7":"category-internacional","8":"tag-afiliacion-seguridad-social","9":"tag-argentina","10":"tag-bolivia","11":"tag-breaking-news","12":"tag-breakingnews","13":"tag-colombia","14":"tag-economia","15":"tag-ecuador","16":"tag-empleo","17":"tag-empresas","18":"tag-featured-news","19":"tag-featurednews","20":"tag-headlines","21":"tag-honduras","22":"tag-internacional","23":"tag-international","24":"tag-international-news","25":"tag-internationalnews","26":"tag-latest-news","27":"tag-latestnews","28":"tag-latinoamerica","29":"tag-latinos","30":"tag-news","31":"tag-noticias","32":"tag-noticias-destacadas","33":"tag-noticiasdestacadas","34":"tag-paraguay","35":"tag-peru","36":"tag-precariedad-laboral","37":"tag-seguridad-social","38":"tag-titulares","39":"tag-trabajo","40":"tag-ultimas-noticias","41":"tag-ultimasnoticias","42":"tag-venezuela","43":"tag-world","44":"tag-world-news","45":"tag-worldnews"},"share_on_mastodon":{"url":"","error":"Validation failed: Text character limit of 500 exceeded"},"_links":{"self":[{"href":"https:\/\/www.europesays.com\/es\/wp-json\/wp\/v2\/posts\/226267","targetHints":{"allow":["GET"]}}],"collection":[{"href":"https:\/\/www.europesays.com\/es\/wp-json\/wp\/v2\/posts"}],"about":[{"href":"https:\/\/www.europesays.com\/es\/wp-json\/wp\/v2\/types\/post"}],"author":[{"embeddable":true,"href":"https:\/\/www.europesays.com\/es\/wp-json\/wp\/v2\/users\/2"}],"replies":[{"embeddable":true,"href":"https:\/\/www.europesays.com\/es\/wp-json\/wp\/v2\/comments?post=226267"}],"version-history":[{"count":0,"href":"https:\/\/www.europesays.com\/es\/wp-json\/wp\/v2\/posts\/226267\/revisions"}],"wp:featuredmedia":[{"embeddable":true,"href":"https:\/\/www.europesays.com\/es\/wp-json\/wp\/v2\/media\/226268"}],"wp:attachment":[{"href":"https:\/\/www.europesays.com\/es\/wp-json\/wp\/v2\/media?parent=226267"}],"wp:term":[{"taxonomy":"category","embeddable":true,"href":"https:\/\/www.europesays.com\/es\/wp-json\/wp\/v2\/categories?post=226267"},{"taxonomy":"post_tag","embeddable":true,"href":"https:\/\/www.europesays.com\/es\/wp-json\/wp\/v2\/tags?post=226267"}],"curies":[{"name":"wp","href":"https:\/\/api.w.org\/{rel}","templated":true}]}}