{"id":226269,"date":"2025-11-09T06:12:10","date_gmt":"2025-11-09T06:12:10","guid":{"rendered":"https:\/\/www.europesays.com\/es\/226269\/"},"modified":"2025-11-09T06:12:10","modified_gmt":"2025-11-09T06:12:10","slug":"la-negociacion-con-vox-en-valencia-trastoca-los-planes-de-un-pp-que-teme-que-impacte-en-las-urnas-el-pais-expres","status":"publish","type":"post","link":"https:\/\/www.europesays.com\/es\/226269\/","title":{"rendered":"La negociaci\u00f3n con Vox en Valencia trastoca los planes de un PP que teme que impacte en las urnas | El PA\u00cdS Expr\u00e9s"},"content":{"rendered":"<p><img fetchpriority=\"high\" alt=\"PP\" decoding=\"auto\" class=\"_re  a_m-h\" height=\"414\"  width=\"414\"  src=\"https:\/\/www.europesays.com\/es\/wp-content\/uploads\/2025\/11\/LD3UADL3ZZG3LNHDREUHVEE2HE.jpg\" loading=\"eager\"\/>Alberto N\u00fa\u00f1ez Feij\u00f3o habla con Carlos Maz\u00f3n durante el acto del PP en Alicante, este martes, en proceso de reconstrucci\u00f3n por la dana.FOTO: JOAQU\u00cdN DE HARO<\/p>\n<p class=\"\">La dimisi\u00f3n de Carlos Maz\u00f3n ha abierto un nuevo frente para el PP. Los grupos parlamentarios tienen hasta el pr\u00f3ximo 19 de noviembre para presentar candidato a la investidura.<\/p>\n<p class=\"\"><b>El reloj corre en su contra.<\/b> Los populares necesitar\u00e1n el apoyo de Vox para investir a un nuevo \u2018president\u2019.<\/p>\n<p class=\"\"><b>Y eso inquieta a los barones:<\/b> los presidentes auton\u00f3micos reconocen en privado su preocupaci\u00f3n por el impacto que pueda tener este acuerdo en sus citas electorales.<\/p>\n<ul>\n<li>G\u00e9nova hab\u00eda previsto \u201cgolpes sucesivos al PSOE\u201d: primero en Extremadura, luego en Castilla y Le\u00f3n y m\u00e1s tarde en Andaluc\u00eda.<\/li>\n<li>Pero la renuncia del president valenciano y la necesidad de llegar a un acuerdo con Vox podr\u00eda estorbar estos planes.<\/li>\n<\/ul>\n<p class=\"\"><b>El objetivo es una negociaci\u00f3n r\u00e1pida y silenciosa.<\/b> \u201cVox intentar\u00e1 bajarnos ahora los pantalones otra vez, pero el riesgo es que nos intenten arrastrar, y luego, pese a todo, vayamos a elecciones tambi\u00e9n en la Comunidad Valenciana\u201d, advierte un bar\u00f3n a EL PA\u00cdS.<\/p>\n<ul>\n<li>La negociaci\u00f3n ya ha comenzado, con los menores migrantes como principal escollo.<\/li>\n<\/ul>\n<p class=\"\">La presidenta extreme\u00f1a Mar\u00eda Guardiola ser\u00e1 la primera que teste sus posibles consecuencias en las elecciones del pr\u00f3ximo 21 de diciembre.<\/p>\n<p class=\"\">\u00a9Foto: Joaqu\u00edn de Haro<\/p>\n<p class=\"\"><a href=\"https:\/\/elpais.com\/espana\/2025-11-09\/el-pp-revive-sus-fantasmas-con-vox-alarma-entre-los-barones-por-el-pacto-valenciano.html\" target=\"_self\" rel=\"nofollow noopener\" title=\"https:\/\/elpais.com\/espana\/2025-11-09\/el-pp-revive-sus-fantasmas-con-vox-alarma-entre-los-barones-por-el-pacto-valenciano.html\">Si quieres saber m\u00e1s, puedes leer aqu\u00ed<\/a>.<\/p>\n","protected":false},"excerpt":{"rendered":"Alberto N\u00fa\u00f1ez Feij\u00f3o habla con Carlos Maz\u00f3n durante el acto del PP en Alicante, este martes, en proceso&hellip;\n","protected":false},"author":2,"featured_media":226270,"comment_status":"","ping_status":"","sticky":false,"template":"","format":"standard","meta":{"footnotes":""},"categories":[8],"tags":[17,18,2007,242,25,24,13,14,11,19,20,9,10,15,16,952,956,59697,23,12,21,22,624],"class_list":{"0":"post-226269","1":"post","2":"type-post","3":"status-publish","4":"format-standard","5":"has-post-thumbnail","7":"category-espana","8":"tag-breaking-news","9":"tag-breakingnews","10":"tag-carlos-mazon","11":"tag-comunidad-valenciana","12":"tag-es","13":"tag-espana","14":"tag-featured-news","15":"tag-featurednews","16":"tag-headlines","17":"tag-latest-news","18":"tag-latestnews","19":"tag-news","20":"tag-noticias","21":"tag-noticias-destacadas","22":"tag-noticiasdestacadas","23":"tag-politica","24":"tag-pp","25":"tag-presidencia-autonomica","26":"tag-spain","27":"tag-titulares","28":"tag-ultimas-noticias","29":"tag-ultimasnoticias","30":"tag-vox"},"share_on_mastodon":{"url":"","error":""},"_links":{"self":[{"href":"https:\/\/www.europesays.com\/es\/wp-json\/wp\/v2\/posts\/226269","targetHints":{"allow":["GET"]}}],"collection":[{"href":"https:\/\/www.europesays.com\/es\/wp-json\/wp\/v2\/posts"}],"about":[{"href":"https:\/\/www.europesays.com\/es\/wp-json\/wp\/v2\/types\/post"}],"author":[{"embeddable":true,"href":"https:\/\/www.europesays.com\/es\/wp-json\/wp\/v2\/users\/2"}],"replies":[{"embeddable":true,"href":"https:\/\/www.europesays.com\/es\/wp-json\/wp\/v2\/comments?post=226269"}],"version-history":[{"count":0,"href":"https:\/\/www.europesays.com\/es\/wp-json\/wp\/v2\/posts\/226269\/revisions"}],"wp:featuredmedia":[{"embeddable":true,"href":"https:\/\/www.europesays.com\/es\/wp-json\/wp\/v2\/media\/226270"}],"wp:attachment":[{"href":"https:\/\/www.europesays.com\/es\/wp-json\/wp\/v2\/media?parent=226269"}],"wp:term":[{"taxonomy":"category","embeddable":true,"href":"https:\/\/www.europesays.com\/es\/wp-json\/wp\/v2\/categories?post=226269"},{"taxonomy":"post_tag","embeddable":true,"href":"https:\/\/www.europesays.com\/es\/wp-json\/wp\/v2\/tags?post=226269"}],"curies":[{"name":"wp","href":"https:\/\/api.w.org\/{rel}","templated":true}]}}