{"id":226275,"date":"2025-11-09T06:24:18","date_gmt":"2025-11-09T06:24:18","guid":{"rendered":"https:\/\/www.europesays.com\/es\/226275\/"},"modified":"2025-11-09T06:24:18","modified_gmt":"2025-11-09T06:24:18","slug":"un-partido-en-que-fallar-no-es-una-opcion","status":"publish","type":"post","link":"https:\/\/www.europesays.com\/es\/226275\/","title":{"rendered":"Un partido en que fallar no es una opci\u00f3n"},"content":{"rendered":"<p>Con solo cinco puntos conseguidos de los \u00faltimos 24 en juego, fruto de una victoria -Mallorca- y un par de empates -Elche y Girona-, el  &#8230; Athletic necesita imponerse esta tarde al Oviedo para irse al par\u00f3n con buen sabor de boca y cuadros de ansiedad bajo control. Todo lo que no sea ganar a los asturianos, \u00faltimos en la clasificaci\u00f3n y sin vencer desde septiembre, constituir\u00eda una sorpresa may\u00fascula y un mayor dolor de cabeza para los rojiblancos, que batallan contra los malos resultados y las lesiones, un potro de tortura desde que echaron a andar all\u00e1 por el mes de julio. Ernesto Valverde anunci\u00f3 ayer en Lezama que dar\u00e1 la convocatoria hoy mismo -\u00aba ver c\u00f3mo estamos\u00bb- y no descart\u00f3 la presencia de Nico Williams, aquejado de una pubalgia, aunque se cuid\u00f3 de asegurar el concurso del extremo. \u00abTenemos que valorar c\u00f3mo est\u00e1\u00bb, acot\u00f3. El entrenador de los bilba\u00ednos confirm\u00f3 que volver\u00e1 a contar con los j\u00f3venes Selton Sued S\u00e1nchez y Asier Hierro, quienes se estrenaron como leones en Newcastle y repetir\u00e1n a sus \u00f3rdenes tras ausentarse de la din\u00e1mica del filial.<\/p>\n<p><a href=\"http:\/\/www.elcorreo.com\/athletic\/historico-estrena-nuevo-san-mames-primera-20251108235200-nt.html#vtm_modulosEngag=mod-rel:athletic:noticia:1:cmp:2-not\" class=\"v-a-link\" title=\"Un hist\u00f3rico que se estrena en el nuevo San Mam\u00e9s en Primera\" rel=\"nofollow noopener\" target=\"_blank\"><br \/>\n<img decoding=\"async\" loading=\"lazy\" class=\"v-a-img\" src=\"https:\/\/www.europesays.com\/es\/wp-content\/uploads\/2025\/11\/Imagen 1502628277-kESC--366x256@El Correo.jpg\" alt=\"Un hist\u00f3rico que se estrena en el nuevo San Mam\u00e9s en Primera\"\/><br \/>\n<\/a><\/p>\n<p><a href=\"http:\/\/www.elcorreo.com\/athletic\/escandell-sostiene-oviedo-20251108195843-nt.html#vtm_modulosEngag=mod-rel:athletic:noticia:2:cmp:2-not\" class=\"v-a-link\" title=\"Escandell sostiene al Oviedo\" rel=\"nofollow noopener\" target=\"_blank\"><br \/>\n<img decoding=\"async\" loading=\"lazy\" class=\"v-a-img\" src=\"https:\/\/www.europesays.com\/es\/wp-content\/uploads\/2025\/11\/escandell-kBwC-U240167586807FvG-366x256@El Correo.jpg\" alt=\"Escandell sostiene al Oviedo\"\/><br \/>\n<\/a><\/p>\n<p class=\"v-p\">\u00abNo tenemos buenos resultados en la Liga\u00bb, admiti\u00f3 con naturalidad Valverde, entero y de buen humor, quien record\u00f3 las \u00faltimas dos derrotas ante Getafe y Real Sociedad y subray\u00f3 la \u00abnecesidad\u00bb de imponerse a los ovetenses. \u00abEs un partido muy importante, queremos que sea un punto de inflexi\u00f3n\u00bb, dijo sobre un choque que debe devolver a los rojiblancos a la senda de la victoria. Solo llevan una en el campeonato de la regularidad en casi dos meses, demasiado poco para armonizar los objetivos nobles en una competici\u00f3n calificada de fundamental por Txingurri. \u00abSe trata de cambiar la din\u00e1mica negativa. Hay que ir a por ello. No queremos seguir en esta racha de resultados negativos\u00bb. Para ello quiere aguantar y ver si puede recuperar a gente como Nico Williams, Guruzeta, Yuri y Sancet, entre otros, piezas que soportan la gran parte del peso del equipo. Ninguno jug\u00f3 en Newcastle, pero se espera la vuelta de al menos un par de ellos.<\/p>\n<p class=\"v-p\">Preguntado qu\u00e9 le preocupa m\u00e1s, el f\u00fatbol del Athletic o los marcadores adversos, Valverde record\u00f3 que los \u00abresultados siempre son la consecuencia del juego. Hacemos bastantes cosas bien como para poder mantener&#8230; No creo que estemos completando partidos en los que nos desnaturalicemos mucho. En este sentido -subray\u00f3-, somos un equipo reconocible. Quiz\u00e1s el encuentro ante el Getafe fue en el que el contrario estuvo m\u00e1s por encima de nosotros, pero de lo que se trata es de llevar el bal\u00f3n a situaciones de peligro y luego terminar bien\u00bb, coment\u00f3 en clara referencia a la escasez de goles que penaliza a los rojiblancos. \u00abQueremos ser certeros. Si tenemos tres, meter las tres\u00bb, exigi\u00f3 Txingurri. De ah\u00ed que trasladara su intenci\u00f3n de \u00abdominar los partidos e intentar prevalecer en el juego\u00bb. La mejor manera de llegar y hacer da\u00f1o al rival, en este caso al Oviedo, el colista que se viene abajo con el primer zarandeo.<\/p>\n<p class=\"v-p\"><strong>Equilibrio liguero y europeo<\/strong><\/p>\n<p class=\"v-p\">El Oviedo, un reci\u00e9n ascendido que despidi\u00f3 al hombre que les subi\u00f3 a Primera -Paunovic- hace un mes y sent\u00f3 en el banquillo a Luis Carri\u00f3n, regresa a San Mam\u00e9s en la Liga un cuarto de siglo despu\u00e9s. Viene de ser eliminado en la Copa contra el Ourense, de Primera Federaci\u00f3n, mientras que sus \u00faltimos dos compromisos ligueros los ha solventado con sendos empates ante Osasuna y Girona. \u00abLlevan un par de partidos sin perder. Intentan llevar el peso del juego, no est\u00e1n recogidos atr\u00e1s\u00bb, manifest\u00f3 sobre los asturianos Valverde, quien puso la lupa en los futbolistas como \u00abRond\u00f3n, Vi\u00f1as y Chaira. Debemos estar atentos\u00bb, advirti\u00f3. <\/p>\n<p class=\"v-p\">Debido a las numerosas bajas y la falta de recursos en ataque, Txingurri fue preguntado por la ubicaci\u00f3n id\u00f3nea de Unai G\u00f3mez, quien sali\u00f3 en el St. James&#8217; Park como nueve. El t\u00e9cnico rojiblanco precis\u00f3 que donde mejor ve al bermeano es \u00abpor dentro y tambi\u00e9n como delantero. Tiene gol, tiro, remata de cabeza y es rapid\u00edsimo. Nos puede ayudar\u00bb, dijo en alusi\u00f3n a los posibles retoques ofensivos de cara a un compromiso de obligada resoluci\u00f3n positiva. De todos modos, hay que esperar para saber si recupera a gente como Guruzeta y Nico, porque I\u00f1aki Williams y Maroan son bajas seguras, al igual que Lekue, Yeray y los lesionados de larga duraci\u00f3n como Prados y Egiluz.<\/p>\n<p class=\"v-p\">Valverde no ha dejado de insistir en que la Liga es un asunto nuclear para el Athletic y que Europa, en este caso la Champions, es un torneo paralelo que hay que pelear pero sin desviar la mirada del torneo de la regularidad. Preguntado por c\u00f3mo se logra este equilibrio -priorizar el campeonato nacional con el objetivo de entrar en Europa y luego atender las obligaciones continentales por detr\u00e1s de las dom\u00e9sticas-, Txingurri intent\u00f3 explicarlo en t\u00e9rminos de compatibilidad e influencia mutua. \u00abEs un reconocimiento de la competici\u00f3n, sin m\u00e1s. El a\u00f1o pasado \u00edbamos progresando en la Europa League y tambi\u00e9n en la Liga. Los impulsos que tienes en una competici\u00f3n te ayudan en la otra. Se trata de ir buscando equilibrio en los resultados. Pero no nos vamos a enga\u00f1ar: la regularidad liguera te dice d\u00f3nde est\u00e1s. Lo otro lo puedes competir, pero sabes que son competiciones que dependen de una chispa\u00bb.<\/p>\n<p class=\"v-p\">En este punto se acord\u00f3 de la expulsi\u00f3n de Vivi\u00e1n ante el Manchester United que dej\u00f3 al Athletic tocado y luego hundido, castigado con un 0-3 en el \u00faltimo cuarto de hora en San Mam\u00e9s. \u00abNos quedamos con diez y eliminados. El a\u00f1o pasado, la propia din\u00e1mica de la Europa League nos ayud\u00f3 en la Liga y ahora nos pasa al rev\u00e9s, entre otras cosas porque los rivales son m\u00e1s fuertes\u00bb. De lo que se trata es de superar al Oviedo y encarar el par\u00f3n con tranquilidad, con una victoria que refuerce al equipo en la clasificaci\u00f3n y tambi\u00e9n en el aspecto an\u00edmico.<\/p>\n","protected":false},"excerpt":{"rendered":"Con solo cinco puntos conseguidos de los \u00faltimos 24 en juego, fruto de una victoria -Mallorca- y un&hellip;\n","protected":false},"author":2,"featured_media":226276,"comment_status":"","ping_status":"","sticky":false,"template":"","format":"standard","meta":{"footnotes":""},"categories":[268],"tags":[168,25,24,280,282,59699,1796,1045,2320,59698,281,23,167],"class_list":{"0":"post-226275","1":"post","2":"type-post","3":"status-publish","4":"format-standard","5":"has-post-thumbnail","7":"category-futbol","8":"tag-deportes","9":"tag-es","10":"tag-espana","11":"tag-football","12":"tag-futbol","13":"tag-inflexion","14":"tag-oviedo","15":"tag-partido","16":"tag-punto","17":"tag-qeremos","18":"tag-soccer","19":"tag-spain","20":"tag-sports"},"share_on_mastodon":{"url":"https:\/\/pubeurope.com\/@es\/115518312819874703","error":""},"_links":{"self":[{"href":"https:\/\/www.europesays.com\/es\/wp-json\/wp\/v2\/posts\/226275","targetHints":{"allow":["GET"]}}],"collection":[{"href":"https:\/\/www.europesays.com\/es\/wp-json\/wp\/v2\/posts"}],"about":[{"href":"https:\/\/www.europesays.com\/es\/wp-json\/wp\/v2\/types\/post"}],"author":[{"embeddable":true,"href":"https:\/\/www.europesays.com\/es\/wp-json\/wp\/v2\/users\/2"}],"replies":[{"embeddable":true,"href":"https:\/\/www.europesays.com\/es\/wp-json\/wp\/v2\/comments?post=226275"}],"version-history":[{"count":0,"href":"https:\/\/www.europesays.com\/es\/wp-json\/wp\/v2\/posts\/226275\/revisions"}],"wp:featuredmedia":[{"embeddable":true,"href":"https:\/\/www.europesays.com\/es\/wp-json\/wp\/v2\/media\/226276"}],"wp:attachment":[{"href":"https:\/\/www.europesays.com\/es\/wp-json\/wp\/v2\/media?parent=226275"}],"wp:term":[{"taxonomy":"category","embeddable":true,"href":"https:\/\/www.europesays.com\/es\/wp-json\/wp\/v2\/categories?post=226275"},{"taxonomy":"post_tag","embeddable":true,"href":"https:\/\/www.europesays.com\/es\/wp-json\/wp\/v2\/tags?post=226275"}],"curies":[{"name":"wp","href":"https:\/\/api.w.org\/{rel}","templated":true}]}}