{"id":226277,"date":"2025-11-09T06:25:13","date_gmt":"2025-11-09T06:25:13","guid":{"rendered":"https:\/\/www.europesays.com\/es\/226277\/"},"modified":"2025-11-09T06:25:13","modified_gmt":"2025-11-09T06:25:13","slug":"juan-avellaneda-muy-afectado-tras-el-ingreso-de-su-marido-en-la-uci-pido-paciencia-y-comprension","status":"publish","type":"post","link":"https:\/\/www.europesays.com\/es\/226277\/","title":{"rendered":"Juan Avellaneda, muy afectado tras el ingreso de su marido en la UCI: \u00abPido paciencia y comprensi\u00f3n\u00bb"},"content":{"rendered":"<p><strong>Juan Avellaneda<\/strong> salt\u00f3 a la fama por su participaci\u00f3n en C\u00e1mbiame, un programa de moda que presentaron Marta Torn\u00e9 y Carlota Corredera en <strong>Telecinco<\/strong>. La televisi\u00f3n le convirti\u00f3 en un rostro muy popular y actualmente tiene<strong> 854.000 seguidores<\/strong> en su cuenta de Instagram. Es decir, es uno de los influencers m\u00e1s importantes del momento. Por ese motivo, se ha notado tanto que en los \u00faltimos d\u00edas estaba triste, sin la energ\u00eda que siempre le ha caracterizado. Y lo peor de todo es que, detr\u00e1s de este cambio de comportamiento, hay un triste motivo: su marido ha estado ingresado en la <strong>Unidad de Cuidados Intensivos (UCI)<\/strong>.<\/p>\n<p>Para evitar especulaciones, Avellaneda ha emitido un comunicado donde explica en qu\u00e9 estado se encuentra su pareja, el discreto <strong>Sergio Corbera<\/strong>. Seg\u00fan dice, la situaci\u00f3n ya est\u00e1 controlada, pero se han llevado un buen susto y esa es la raz\u00f3n por la que se ha visto obligado a desaparecer de Internet. Promete que <strong>poco a poco ir\u00e1 retomando la normalida<\/strong>d, pero es un proceso lento y ha evitado dar una fecha exacta.<\/p>\n<p>\n<img decoding=\"async\" loading=\"lazy\" class=\"size-medium wp-image-2421606\" alt=\"\" width=\"377\" height=\"620\"  src=\"https:\/\/www.europesays.com\/es\/wp-content\/uploads\/2025\/10\/placeholder.jpg\"  bad-src=\"https:\/\/www.europesays.com\/es\/wp-content\/uploads\/2025\/10\/placeholder.jpg\"\/><\/p>\n<p><img decoding=\"async\" loading=\"lazy\" class=\"size-medium wp-image-2421606\" src=\"https:\/\/www.europesays.com\/es\/wp-content\/uploads\/2025\/11\/el-comunicado-de-juan-avellaneda-377x620.jpg\" alt=\"\" width=\"377\" height=\"620\"  \/><\/p>\n<p> El comunicado de Juan Avellaneda. (Foto: Instagram)\n<\/p>\n<p>\u00abEstos d\u00edas muchos me hab\u00e9is escrito dici\u00e9ndome que comparto menos de lo habitual o que me not\u00e1is m\u00e1s serio\u2026 y s\u00ed, <strong>es verdad<\/strong>\u00bb, ha empezado diciendo. \u00abEl martes pasado tuvimos <strong>un susto muy fuerte<\/strong> con mi marido\u00bb. Estas palabras han sorprendido mucho porque, a pesar de su fama, el dise\u00f1ador intenta no hablar de su vida privada para proteger a su familia.<\/p>\n<p>El susto de Juan Avellaneda<\/p>\n<p><a href=\"https:\/\/okdiario.com\/look\/actualidad\/feo-tamara-falco-juan-avellaneda-gran-dia-872672\" rel=\"nofollow noopener\" target=\"_blank\">Juan Avellaneda tiene su propia firma de ropa<\/a> y cada vez son m\u00e1s los famosos que apuestan por \u00e9l, algo que le ha dado mucha visibilidad. No obstante, ha tenido que pisar el freno porque<strong> su marido ha necesitado su apoyo<\/strong>. Cuando tuvieron que trasladarse al hospital se dieron cuenta de que ten\u00edan por delante una etapa complicada. \u00ab<strong>Desde entonces ha sido una semana muy intensa<\/strong>, de monta\u00f1a rusa emocional, con momentos dif\u00edciles y otros en los que por fin parece que todo empieza a mejorar\u00bb.<\/p>\n<p>Como siempre, el artista ha conseguido aprender algo de este problema y ha querido compartirlo con sus fans: \u00ab<strong>Vivir algo as\u00ed te hace darte cuenta de lo fr\u00e1gil que puede ser todo<\/strong>, y de lo importante que es parar, cuidar y valorar lo que realmente importa\u00bb. Tambi\u00e9n ha recalcado que su pareja est\u00e1 evolucionando, aunque les espera un proceso lento y deben armarse de templanza.<\/p>\n<p>\n<img decoding=\"async\" loading=\"lazy\" class=\"size-medium wp-image-1374996\" alt=\"juan avellaneda, marido juan avellaneda, \" width=\"620\" height=\"414\"  src=\"https:\/\/www.europesays.com\/es\/wp-content\/uploads\/2025\/10\/placeholder.jpg\"  bad-src=\"https:\/\/www.europesays.com\/es\/wp-content\/uploads\/2025\/10\/placeholder.jpg\"\/><\/p>\n<p><img decoding=\"async\" loading=\"lazy\" class=\"size-medium wp-image-1374996\" src=\"https:\/\/www.europesays.com\/es\/wp-content\/uploads\/2025\/11\/juan-avellaneda-galeria-620x414.jpg\" alt=\"juan avellaneda, marido juan avellaneda, \" width=\"620\" height=\"414\"  \/><\/p>\n<p> Juan Avellaneda en un evento. (Foto: Gtres)\n<\/p>\n<p>\u00abPor suerte, poco a poco va mejorando, aunque todav\u00eda queda camino por hacer\u00bb, ha comentado. Despu\u00e9s ha dicho: \u00abAs\u00ed que <strong>s\u00f3lo puedo pediros paciencia, comprensi\u00f3n\u2026 y que nos envi\u00e9is toda la energ\u00eda positiva posible<\/strong>\u00bb. Esto quiere decir que tardar\u00e1 un poco en retomar la normalidad al 100%, pero se ha quedado m\u00e1s tranquilo al explicar el motivo de su repentina desaparici\u00f3n.<\/p>\n<p>Juan Avellaneda manda un mensaje<\/p>\n<p>Antes de concluir su comunicado, <strong>Juan Avellaneda<\/strong> ha querido agradecer el trato que ha recibido por parte del personal sanitario. Seg\u00fan dice, todo el mundo se ha portado muy bien con \u00e9l, aunque se ha molestado en mencionar a dos personas que, siguiendo su relato, han sido profundamente generosas.<\/p>\n<p>\u00abQuiero dar las grac<strong>ias de coraz\u00f3n<\/strong> a Sonia, Ana, a todo el equipo m\u00e9dico y de enfermer\u00eda de planta y <strong>UCI<\/strong> que est\u00e1 cuidando con tanta profesionalidad, cari\u00f1o y humanidad\u00bb. Para concluir, dice: \u00abNo hay palabras suficientes para agradecer lo que hacen cada d\u00eda. Gracias por estar ah\u00ed, de verdad\u00bb.<\/p>\n","protected":false},"excerpt":{"rendered":"Juan Avellaneda salt\u00f3 a la fama por su participaci\u00f3n en C\u00e1mbiame, un programa de moda que presentaron Marta&hellip;\n","protected":false},"author":2,"featured_media":226278,"comment_status":"","ping_status":"","sticky":false,"template":"","format":"standard","meta":{"footnotes":""},"categories":[174],"tags":[255,146,147,25,24,256,59648,23],"class_list":{"0":"post-226277","1":"post","2":"type-post","3":"status-publish","4":"format-standard","5":"has-post-thumbnail","7":"category-famosos","8":"tag-celebrities","9":"tag-entertainment","10":"tag-entretenimiento","11":"tag-es","12":"tag-espana","13":"tag-famosos","14":"tag-juan-avellaneda","15":"tag-spain"},"share_on_mastodon":{"url":"https:\/\/pubeurope.com\/@es\/115518316501766880","error":""},"_links":{"self":[{"href":"https:\/\/www.europesays.com\/es\/wp-json\/wp\/v2\/posts\/226277","targetHints":{"allow":["GET"]}}],"collection":[{"href":"https:\/\/www.europesays.com\/es\/wp-json\/wp\/v2\/posts"}],"about":[{"href":"https:\/\/www.europesays.com\/es\/wp-json\/wp\/v2\/types\/post"}],"author":[{"embeddable":true,"href":"https:\/\/www.europesays.com\/es\/wp-json\/wp\/v2\/users\/2"}],"replies":[{"embeddable":true,"href":"https:\/\/www.europesays.com\/es\/wp-json\/wp\/v2\/comments?post=226277"}],"version-history":[{"count":0,"href":"https:\/\/www.europesays.com\/es\/wp-json\/wp\/v2\/posts\/226277\/revisions"}],"wp:featuredmedia":[{"embeddable":true,"href":"https:\/\/www.europesays.com\/es\/wp-json\/wp\/v2\/media\/226278"}],"wp:attachment":[{"href":"https:\/\/www.europesays.com\/es\/wp-json\/wp\/v2\/media?parent=226277"}],"wp:term":[{"taxonomy":"category","embeddable":true,"href":"https:\/\/www.europesays.com\/es\/wp-json\/wp\/v2\/categories?post=226277"},{"taxonomy":"post_tag","embeddable":true,"href":"https:\/\/www.europesays.com\/es\/wp-json\/wp\/v2\/tags?post=226277"}],"curies":[{"name":"wp","href":"https:\/\/api.w.org\/{rel}","templated":true}]}}