{"id":226287,"date":"2025-11-09T06:35:08","date_gmt":"2025-11-09T06:35:08","guid":{"rendered":"https:\/\/www.europesays.com\/es\/226287\/"},"modified":"2025-11-09T06:35:08","modified_gmt":"2025-11-09T06:35:08","slug":"la-pasion-turca-de-la-moncloa-con-air-europa","status":"publish","type":"post","link":"https:\/\/www.europesays.com\/es\/226287\/","title":{"rendered":"La pasi\u00f3n turca de La Moncloa con Air Europa"},"content":{"rendered":"<p style=\"\"><strong>Los derviches gir\u00f3vagos<\/strong> deleitan cada d\u00eda con su hipnotizante ceremonia de baile m\u00edstico a miles de turistas que se dan cita en Estambul. Provistos de enormes faldas blancas, los &#8216;mevlev\u00ed&#8217;, acompa\u00f1ados por flautas, la\u00fades y tambores, alcanzan el \u00e9xtasis haciendo ver a su grabada  &#8230; audiencia que no est\u00e1n ante una danza religiosa sino frente a una ex\u00f3tica atracci\u00f3n tur\u00edstica. Los derviches (\u00abvisitadores de puertas\u00bb, del persa) giran y giran y nunca se marean porque logran inclinar la cabeza 25 grados alineando los tres canales del o\u00eddo. <\/p>\n<p class=\"voc-p\" style=\"\"><strong>Manuel de la Rocha<\/strong>, a la saz\u00f3n jefe de la Oficina Econ\u00f3mica de La Moncloa, ha hecho un remolino con sus faldones <a href=\"https:\/\/www.abc.es\/economia\/globalia-cierra-turkish-airlines-venta-air-europa-20251106080413-nt.html\" target=\"_self\" data-voc-vtm-id=\"in-text-traffic\" title=\"para meter a Turkish Airlines\" data-mrf-link=\"www.abc.es\" rel=\"nofollow noopener\">para meter a Turkish Airlines<\/a> en el accionariado de Air Europa, inclinando su cabeza hacia uno y otro lado para evitar el vah\u00eddo que puede ocasionar servir al mismo tiempo al amo S\u00e1nchez, a los Hidalgo y al presidente turco Recep Tayyip Erdogan, que es el due\u00f1o de la aerol\u00ednea a\u00e9rea que se hace con el 26% de la espa\u00f1ola por 300 millones de euros. <\/p>\n<p class=\"voc-p\" style=\"\">De la Rocha, se lo ha guisado y se lo ha comido con padre e hijo de <strong>la saga de aviones<\/strong> para alcanzar un equilibrio inestable a medio plazo por el choque con el otro socio, IAG \u2013matriz brit\u00e1nica de la espa\u00f1ola Iberia\u2013, y dise\u00f1ado para pasar bajo el radar de las autoridades europeas de Competencia. \u00a1Menudo es este Gobierno de progreso, que<a href=\"https:\/\/www.abc.es\/economia\/magyar-vagon-retira-opa-talgo-deja-via-20240829210856-nt.html\" target=\"_self\" data-voc-vtm-id=\"in-text-traffic\" title=\" lo mismo bloquea a los h\u00fangaros de Ganz Mavag\" data-mrf-link=\"www.abc.es\" rel=\"nofollow noopener\"> lo mismo bloquea a los h\u00fangaros de Ganz Mavag<\/a> que quer\u00edan entrar en el negocio de los trenes de Talgo que ahora les abre las puertas al, como todo el mundo sabe, muy tolerante ejecutivo turco y su fondo estatal TWF!<\/p>\n<p class=\"voc-p\" style=\"\">Nuestro \u00abvisitador de puertas\u00bb ha danzado entre unas y otras partes para <strong>sofocar un fuego<\/strong> que amenazaba con alcanzar la cabina de control, como era la imposible situaci\u00f3n financiera de Air Europa, con la Globalia de los Hidalgo en riesgo de colapsar. Un cable pelado y suelto m\u00e1s que peligroso para el Gobierno en unos momentos en los que la UCO \u2013Unidad Central Operativa de la Guardia Civil\u2013 sigue investigando las posibles relaciones de la mujer del presidente S\u00e1nchez,<a href=\"https:\/\/www.abc.es\/espana\/juez-begona-gomez-insiste-investigar-rescate-air-20250507114028-nt.html\" target=\"_self\" data-voc-vtm-id=\"in-text-traffic\" title=\" Bego\u00f1a G\u00f3mez, con la compa\u00f1\u00eda aeron\u00e1utica espa\u00f1ola\" data-mrf-link=\"www.abc.es\" rel=\"nofollow noopener\"> Bego\u00f1a G\u00f3mez, con la compa\u00f1\u00eda aeron\u00e1utica espa\u00f1ola<\/a> y su supuesta implicaci\u00f3n con un rescate pagado con dinero publico que, adem\u00e1s, ahora quedar\u00eda saldado.<\/p>\n<p class=\"voc-p\" style=\"\">Tres vueltas m\u00e1s, un redoble de tambor, y el relato est\u00e1 hecho ante los at\u00f3nitos ojos de la seducida opini\u00f3n p\u00fablica y los mercados. Es un &#8216;win-win&#8217; de esos que dicen los cursis: gana el Gobierno de Erdog\u00e1n, que pone un pie en las <strong>rutas de radio largo con Am\u00e9rica Latina<\/strong>; gana el Gobierno de S\u00e1nchez, que fortalece un puente con Asia y Oriente Medio ampliando su relaci\u00f3n con Erdogan, aliado del presidente de EE.UU., Donald Trump; gana la familia Hidalgo, que recibe dinero contante y sonante en su maltrechas finanzas; gana el Estado \u2013a trav\u00e9s de la Sociedad Estatal de Participaciones Industriales (SEPI), que presume de <a href=\"https:\/\/www.abc.es\/economia\/gobierno-estudio-rescate-950-millones-globalia-semana-20240807040725-nt.html\" target=\"_self\" data-voc-vtm-id=\"in-text-traffic\" title=\"haber recuperado los cuartos del pol\u00e9mico rescate\" data-mrf-link=\"www.abc.es\" rel=\"nofollow noopener\">haber recuperado los cuartos del pol\u00e9mico rescate<\/a> (rescate, s\u00ed; no solo pr\u00e9stamo) y, sobre todo, ganan los que advert\u00edan de que mientras diluvia sobre el futuro de un Ejecutivo abandonado por sus socios no es buen negocio mantener en el alambre una compa\u00f1\u00eda sobre la eje est\u00e1n depositados muchos intereses de La Moncloa.<\/p>\n<p class=\"voc-p\" style=\"\">De la Rocha se ha calado el &#8216;sikke&#8217; (sombrero t\u00edpico de los gerviches de pelo de camello) y gira que te gira le ha puesto un trozo de cinta aislante a uno de los muchos hilos que amenazan con<strong> electrocutar al habitante de La Moncloa<\/strong>, para desesperaci\u00f3n de los brit\u00e1nicos de IAG, a los que no les queda m\u00e1s que aguantar para no ver diluida su participaci\u00f3n en su turbulento viaje con los Hidalgo para repartirse los puertos de Suram\u00e9rica.<\/p>\n<p class=\"voc-p\" style=\"\">De hecho, desde IAG ya han manifestado que acudir\u00e1n a la <strong>ampliaci\u00f3n de capital<\/strong> de Air Europa con el objetivo de <a href=\"https:\/\/www.abc.es\/economia\/matriz-iberia-decide-mantener-air-europa-tras-20250912134624-nt.html\" target=\"_self\" data-voc-vtm-id=\"in-text-traffic\" title=\"mantener su 20% que adquiri\u00f3 como participaci\u00f3n en Globalia\" data-mrf-link=\"www.abc.es\" rel=\"nofollow noopener\">mantener su 20% que adquiri\u00f3 como participaci\u00f3n en Globalia<\/a>. El resto de la tarta de la aerol\u00ednea espa\u00f1ola estar\u00e1 repartida entre el referido 26% de Turkish Airlines y el 54% que queda en manos de la familia Hidalgo, a trav\u00e9s de la propia Globalia.<\/p>\n<p class=\"voc-p\" style=\"\">Y es que saben que tras la aprobaci\u00f3n de la participaci\u00f3n de Turkish Airlines en Air Europa por parte de los<strong> entes reguladores europeos y espa\u00f1oles<\/strong> \u2013todav\u00eda pendiente, pero que se considera poco m\u00e1s que un tr\u00e1mite legal\u2013, esta operaci\u00f3n supone valorar en 1.175 millones de euros a la aerol\u00ednea propiedad de Juan Jos\u00e9 Hidalgo y &#8216;dirigida&#8217; por su hijo, Javier. Una vez que se de este visto bueno, Air Europa realizar\u00e1 una operaci\u00f3n de ampliaci\u00f3n de capital social, momento en que esos 300 millones ya pagados se convertir\u00e1n en la aportaci\u00f3n de Turkish Airlines al mismo.<\/p>\n<p class=\"voc-p\" style=\"\">La buena noticia para Air Europa es que el dinero ya est\u00e1 como pr\u00e9stamo, de modo que no depende del canje para desplegar <strong>su plan inmediato de flota y red<\/strong>. Mientras, los equipos jur\u00eddicos preparan respuestas a potenciales requerimientos, simulaciones de mercado y, si hace falta, compromisos (capacidad, slots, acuerdos transparentes) que despejen dudas del regulador.<\/p>\n<p class=\"voc-p\" style=\"\">La SEPI, pues, recuperados <a href=\"https:\/\/www.abc.es\/economia\/sepi-aprobo-rescate-air-europa-dias-frente-20241002042333-nt.html\" target=\"_self\" data-voc-vtm-id=\"in-text-traffic\" title=\"los 475 millones que prest\u00f3 a Air Europa\" data-mrf-link=\"www.abc.es\" rel=\"nofollow noopener\">los 475 millones que prest\u00f3 a Air Europa<\/a>, se apresura a repetir los coros y danzas progubernamentales para que los espectadores se fijaran en el dedo y no en la Luna, que ya est\u00e1 llena a reventar.<\/p>\n<p class=\"voc-p\" style=\"\">Eso s\u00ed, mientras la operaci\u00f3n coge velocidad de crucero y se estabiliza su consejo de administraci\u00f3n, De la Rocha, quien lo mismo<a href=\"https:\/\/www.abc.es\/economia\/gobierno-prepara-salida-alvarezpallete-telefonica-consejo-extraordinario-20250118102038-nt.html\" target=\"_self\" data-voc-vtm-id=\"in-text-traffic\" title=\" despide al presidente de Telef\u00f3nica\" data-mrf-link=\"www.abc.es\" rel=\"nofollow noopener\"> despide al presidente de Telef\u00f3nica<\/a> \u2013me refiero al despido expr\u00e9s de Jos\u00e9 Mar\u00eda \u00c1lvarez-Pallete el pasado mes de enero\u2013 desde su sof\u00e1 monclovita que mete a los Hidalgo en la cocina de las <strong>operaciones estrat\u00e9gicas<\/strong>, va a tener que dar alguna vuelta m\u00e1s para convencernos de la buena gesti\u00f3n de la SEPI en su principal participada, Telef\u00f3nica \u2013en la que el Estado cuenta con un 10% del capital\u2013, donde solo esta semana acumula una p\u00e9rdida latente de 200 millones de euros tras presentar su esperado plan estrat\u00e9gico. Lo de hipnotizar a los buenos de los saud\u00edes de STC, que ya ven\u00edan torcidos tras el verano, tambi\u00e9n le va a costar algo m\u00e1s que su pasi\u00f3n turca.<\/p>\n","protected":false},"excerpt":{"rendered":"Los derviches gir\u00f3vagos deleitan cada d\u00eda con su hipnotizante ceremonia de baile m\u00edstico a miles de turistas que&hellip;\n","protected":false},"author":2,"featured_media":226288,"comment_status":"","ping_status":"","sticky":false,"template":"","format":"standard","meta":{"footnotes":""},"categories":[80],"tags":[14564,82,95,94,25,24,700,10277,13511,23,52883],"class_list":{"0":"post-226287","1":"post","2":"type-post","3":"status-publish","4":"format-standard","5":"has-post-thumbnail","7":"category-economia","8":"tag-air","9":"tag-business","10":"tag-economia","11":"tag-economy","12":"tag-es","13":"tag-espana","14":"tag-europa","15":"tag-moncloa","16":"tag-pasion","17":"tag-spain","18":"tag-turca"},"share_on_mastodon":{"url":"https:\/\/pubeurope.com\/@es\/115518355883941553","error":""},"_links":{"self":[{"href":"https:\/\/www.europesays.com\/es\/wp-json\/wp\/v2\/posts\/226287","targetHints":{"allow":["GET"]}}],"collection":[{"href":"https:\/\/www.europesays.com\/es\/wp-json\/wp\/v2\/posts"}],"about":[{"href":"https:\/\/www.europesays.com\/es\/wp-json\/wp\/v2\/types\/post"}],"author":[{"embeddable":true,"href":"https:\/\/www.europesays.com\/es\/wp-json\/wp\/v2\/users\/2"}],"replies":[{"embeddable":true,"href":"https:\/\/www.europesays.com\/es\/wp-json\/wp\/v2\/comments?post=226287"}],"version-history":[{"count":0,"href":"https:\/\/www.europesays.com\/es\/wp-json\/wp\/v2\/posts\/226287\/revisions"}],"wp:featuredmedia":[{"embeddable":true,"href":"https:\/\/www.europesays.com\/es\/wp-json\/wp\/v2\/media\/226288"}],"wp:attachment":[{"href":"https:\/\/www.europesays.com\/es\/wp-json\/wp\/v2\/media?parent=226287"}],"wp:term":[{"taxonomy":"category","embeddable":true,"href":"https:\/\/www.europesays.com\/es\/wp-json\/wp\/v2\/categories?post=226287"},{"taxonomy":"post_tag","embeddable":true,"href":"https:\/\/www.europesays.com\/es\/wp-json\/wp\/v2\/tags?post=226287"}],"curies":[{"name":"wp","href":"https:\/\/api.w.org\/{rel}","templated":true}]}}