{"id":226291,"date":"2025-11-09T06:37:09","date_gmt":"2025-11-09T06:37:09","guid":{"rendered":"https:\/\/www.europesays.com\/es\/226291\/"},"modified":"2025-11-09T06:37:09","modified_gmt":"2025-11-09T06:37:09","slug":"mazon-se-refugia-en-alicante-mientras-pp-y-vox-negocian-su-sustituto-espana","status":"publish","type":"post","link":"https:\/\/www.europesays.com\/es\/226291\/","title":{"rendered":"Maz\u00f3n se refugia en Alicante mientras PP y Vox negocian su sustituto | Espa\u00f1a"},"content":{"rendered":"<p class=\"\">Carlos Maz\u00f3n se acomoda en una silla negra de la tercera fila del <a href=\"https:\/\/elpais.com\/espana\/comunidad-valenciana\/2025-10-29\/el-dolor-y-la-indignacion-marcan-el-funeral-de-estado-por-las-victimas-de-la-dana-que-reciben-a-mazon-a-gritos.html\" target=\"_self\" rel=\"nofollow noopener\" title=\"https:\/\/elpais.com\/espana\/comunidad-valenciana\/2025-10-29\/el-dolor-y-la-indignacion-marcan-el-funeral-de-estado-por-las-victimas-de-la-dana-que-reciben-a-mazon-a-gritos.html\">funeral de Estado de la tragedia de la dana<\/a> junto al presidente de Castilla-La Mancha, Emiliano Garc\u00eda-Page, y la directora de relaciones institucionales de la Generalitat Valenciana, Mar\u00eda Jes\u00fas Garc\u00eda. Esperan la llegada de los Reyes y de Pedro S\u00e1nchez, que est\u00e1n reunidos con un grupo de v\u00edctimas que hab\u00edan vetado la asistencia del presidente valenciano. De pronto, numerosos familiares que perdieron a sus seres queridos en aquella tarde del 29 de octubre del pasado a\u00f1o comienzan a levantarse y a gritar en voz alta: <\/p>\n<p class=\"\">\u2013\u00a1Sinverg\u00fcenza!, \u00a1asesino!<\/p>\n<p class=\"\"><a href=\"https:\/\/elpais.com\/espana\/comunidad-valenciana\/2025-10-29\/el-dolor-y-la-indignacion-marcan-el-funeral-de-estado-por-las-victimas-de-la-dana-que-reciben-a-mazon-a-gritos.html\" target=\"_self\" rel=\"nofollow noopener\" title=\"https:\/\/elpais.com\/espana\/comunidad-valenciana\/2025-10-29\/el-dolor-y-la-indignacion-marcan-el-funeral-de-estado-por-las-victimas-de-la-dana-que-reciben-a-mazon-a-gritos.html\">La ceremonia fue retransmitida para toda Espa\u00f1a<\/a>. Una imagen dur\u00edsima para cualquier pol\u00edtico. Si el funeral supuso un antes y despu\u00e9s para las filas populares, sobre todo para Alberto N\u00fa\u00f1ez Feij\u00f3o, que estuvo tambi\u00e9n presente en el acto, lo fue de igual manera para el c\u00edrculo m\u00e1s pr\u00f3ximo de Maz\u00f3n, pese a las diferentes versiones sobre qu\u00e9 hizo aquella fat\u00eddica tarde del 29 de octubre. <\/p>\n<p class=\"\"><a href=\"\" rel=\"\" title=\"\">La familia de Maz\u00f3n no ha querido aconsejarle<\/a> ni presionarle sobre su futuro desde el d\u00eda de la tragedia, pero la realidad les estall\u00f3 en la cara durante el recuerdo a las v\u00edctimas en el primer aniversario de la dana, seg\u00fan explican fuentes de la Generalitat valenciana. El PP y Vox ya negocian de hecho para elegir a su sustituto. G\u00e9nova se ha desvinculado de las conversaciones, aunque Feij\u00f3o supervisar\u00e1 el resultado. El mayor escollo es la pol\u00edtica sobre los menores migrantes.<\/p>\n<p class=\"\">Sin embargo, antes del verano, recuerda un miembro del equipo del president en funciones, la sensaci\u00f3n de resistir y de aguantar hasta 2027 era un hecho. Y m\u00e1s a\u00fan tras el espaldarazo del Congreso Nacional del PP en Madrid en julio: lejos de ser un se\u00f1alamiento, fue un apoyo para el propio Maz\u00f3n, que obtuvo el respaldo p\u00fablico de Feij\u00f3o y del resto de l\u00edderes auton\u00f3micos. Maz\u00f3n pensaba que el nuevo curso amainar\u00eda la presi\u00f3n sobre su devenir pol\u00edtico. <\/p>\n<p class=\"\">Pero septiembre comenz\u00f3 con nuevos interrogantes. Con nuevas versiones sobre aquella tarde del 29 de octubre. <a href=\"https:\/\/elpais.com\/espana\/2025-11-04\/72-horas-encerrado-en-la-casa-de-las-brujas-o-como-se-gesto-la-dimision-de-mazon-me-quiero-ir.html\" target=\"_blank\" rel=\"noreferrer nofollow noopener\" title=\"https:\/\/elpais.com\/espana\/2025-11-04\/72-horas-encerrado-en-la-casa-de-las-brujas-o-como-se-gesto-la-dimision-de-mazon-me-quiero-ir.html\">Maribel Vilaplana, la periodista con la que comi\u00f3 Maz\u00f3n en la tarde de la dana<\/a>, cambia su versi\u00f3n de los hechos en una carta a los medios. A\u00f1ade una hora m\u00e1s de duraci\u00f3n a la comida, que ya pasa a ser de casi cuatro horas. Semanas m\u00e1s tarde, <a href=\"https:\/\/elpais.com\/espana\/2025-11-04\/72-horas-encerrado-en-la-casa-de-las-brujas-o-como-se-gesto-la-dimision-de-mazon-me-quiero-ir.html\" target=\"_self\" rel=\"nofollow noopener\" title=\"https:\/\/elpais.com\/espana\/2025-11-04\/72-horas-encerrado-en-la-casa-de-las-brujas-o-como-se-gesto-la-dimision-de-mazon-me-quiero-ir.html\">EL PA\u00cdS p\u00fablica que el president en funciones<\/a>, al contrario de lo que hab\u00eda dicho en un primer momento, tampoco lleg\u00f3 al Palau hasta minutos antes de las ocho de la tarde. El plan de septiembre de Maz\u00f3n y su equipo vuela por los aires. Y llega octubre. Y todo cambia.<\/p>\n<p><img decoding=\"auto\" class=\"_re lazyload a_m-h\" height=\"277\"  width=\"414\"  src=\"https:\/\/www.europesays.com\/es\/wp-content\/uploads\/2025\/11\/GOPDHIFXENC5HCL22K77CHIOHI.JPG\" loading=\"lazy\"\/>El presidente del Gobierno, Pedro S\u00e1nchez, saluda al presidente de la Generalitat valenciana, Carlos Maz\u00f3n, a la entrada del funeral de Estado.M\u00f2nica Torres<\/p>\n<p class=\"\">Maz\u00f3n decide no dormir en Valencia la noche del funeral de Estado. Emprende un rumbo de dos horas hasta a Alicante para estar cerca de su familia. Noqueado, recibe numerosas llamadas del partido. La imagen de un l\u00edder popular aturdido es vista por todo el PP. La preocupaci\u00f3n se expande entre todos los territorios. Alfonso Fern\u00e1ndez Ma\u00f1ueco, presidente de Castilla y Le\u00f3n, decide llamarle. Horas despu\u00e9s, se abre tambi\u00e9n la veda en el grupo de WhatsApp privado que tienen los presidentes auton\u00f3micos del PP. De las primeras en escribir es Isabel D\u00edaz Ayuso, que guarda muy buena relaci\u00f3n con Maz\u00f3n. Ambos dirigentes se sienten v\u00edctimas de supuestas campa\u00f1as orquestadas por el Gobierno de Pedro S\u00e1nchez para desprestigiarles. <\/p>\n<p class=\"\">Tras Ayuso, el chat es una muestra de apoyo evidente hacia el presidente valenciano. Habla la extreme\u00f1a Mar\u00eda Guardiola, el murciano Fernando L\u00f3pez-Miras, el castellano-manchego Paco N\u00fa\u00f1ez. Tambi\u00e9n la c\u00fapula del PP. La sensaci\u00f3n de que Maz\u00f3n ha llegado a un fin de ciclo en Valencia es un hecho entre todos los barones auton\u00f3micos. <a href=\"https:\/\/elpais.com\/espana\/2025-11-04\/72-horas-encerrado-en-la-casa-de-las-brujas-o-como-se-gesto-la-dimision-de-mazon-me-quiero-ir.html\" target=\"_self\" rel=\"nofollow noopener\" title=\"https:\/\/elpais.com\/espana\/2025-11-04\/72-horas-encerrado-en-la-casa-de-las-brujas-o-como-se-gesto-la-dimision-de-mazon-me-quiero-ir.html\">Y todo se precipita<\/a>.<\/p>\n<p class=\"\">Maz\u00f3n se recluye el jueves en la Casa de las Brujas de Alicante <a href=\"https:\/\/elpais.com\/espana\/2025-11-04\/72-horas-encerrado-en-la-casa-de-las-brujas-o-como-se-gesto-la-dimision-de-mazon-me-quiero-ir.html\" target=\"_self\" rel=\"nofollow noopener\" title=\"https:\/\/elpais.com\/espana\/2025-11-04\/72-horas-encerrado-en-la-casa-de-las-brujas-o-como-se-gesto-la-dimision-de-mazon-me-quiero-ir.html\">durante 72 horas<\/a>. Aqu\u00ed estuvo rodeado de un min\u00fasculo grupo de trabajo. Los m\u00e1s fieles. El lunes, tras su periodo de reflexi\u00f3n, anuncia su dimisi\u00f3n. Maz\u00f3n no se ha movido de Alicante desde entonces. El martes tuvo una reuni\u00f3n del Consell. Hizo desplazarse hasta all\u00ed a todos los consejeros. Seg\u00fan cuenta uno de ellos, este encuentro fue una despedida al militar Francisco Jos\u00e9 Gan Pampols, que dejaba la vicepresidencia de la reconstrucci\u00f3n de la dana. Era la tercera crisis de Gobierno de Maz\u00f3n desde que lleg\u00f3 a la Generalitat, tras la salida de Vox de su Gobierno y el ajuste despu\u00e9s de la dana.<\/p>\n<p class=\"\">Ahora, el presidente en funciones valenciano ha llevado asuntos ordinarios de gesti\u00f3n durante toda la semana desde Alicante. La burocracia pol\u00edtica necesita de firmas o de supervisiones para cualquier tr\u00e1mite. <a href=\"https:\/\/elpais.com\/espana\/2025-11-04\/72-horas-encerrado-en-la-casa-de-las-brujas-o-como-se-gesto-la-dimision-de-mazon-me-quiero-ir.html\" target=\"_self\" rel=\"nofollow noopener\" title=\"https:\/\/elpais.com\/espana\/2025-11-04\/72-horas-encerrado-en-la-casa-de-las-brujas-o-como-se-gesto-la-dimision-de-mazon-me-quiero-ir.html\">Realiza funciones ordinarias de gesti\u00f3n del d\u00eda a d\u00eda<\/a>. <\/p>\n<p class=\"\">Maz\u00f3n tambi\u00e9n ha pedido comparecer en la comisi\u00f3n de las v\u00edctimas de la dana de las Cortes Valencianas el 11 de noviembre. Desde entonces y durante estos d\u00edas no ha parado de recibir llamadas de cargos del partido. En el PP existe la preocupaci\u00f3n interna de que puede suceder algo parecido a lo ocurrido con Rita Barber\u00e1. La referencia a la exalcaldesa de Valencia no es un asunto menor entre los populares valencianos. <a href=\"https:\/\/elpais.com\/espana\/2025-11-01\/mazon-descarta-ser-candidato-y-piensa-en-mompo-como-cartel-electoral-del-pp-valenciano.html\" rel=\"nofollow noopener\" target=\"_blank\">Barber\u00e1 fue presionada por G\u00e9nova en 2016<\/a> para que dejara el acta de senadora. Barber\u00e1 se neg\u00f3 a este movimiento, pero s\u00ed se dio de baja del partido. <\/p>\n<p class=\"\">La exalcaldesa estaba siendo investigada por una presunta trama de corrupci\u00f3n. <a href=\"http:\/\/elpais.com\/politica\/2016\/11\/23\/actualidad\/1479892037_157864.html\" rel=\"nofollow noopener\" target=\"_blank\">El PP de entonces le hizo el vac\u00edo en su esca\u00f1o<\/a> del Grupo Mixto en el Senado porque se neg\u00f3 a dejar el acta. El 16 de noviembre de 2016 muri\u00f3 a causa de un infarto en un hotel de Madrid. A\u00f1os despu\u00e9s, los populares han intentado rehabilitar su figura.<\/p>\n<p class=\"\">Jos\u00e9 Ram\u00f3n Bauz\u00e1, expresidente de las Islas Baleares entre 2011 y 2015 y senador del PP durante la \u00e9poca de Barber\u00e1 en el Senado, recuerda ahora por tel\u00e9fono una escena que define muy bien ese desprecio en p\u00fablico, a la vista de todos, justo lo que el partido pretende evitar ahora con Maz\u00f3n. Dice que una ma\u00f1ana, en la cafeter\u00eda del Senado, la exalcaldesa de Valencia se acerc\u00f3 a varios de sus excompa\u00f1eros de partido con un yogur de lim\u00f3n en la mano. Los senadores populares no estaban muy c\u00f3modos al ver que se dirig\u00eda a su mesa.<\/p>\n<p class=\"\">Barber\u00e1 se dio cuenta de los gestos contrariados. La exalcaldesa se gir\u00f3 y se fue a otro lugar de la cafeter\u00eda, sola. \u201cCuando vi esa situaci\u00f3n\u201d, dice Bauz\u00e1, \u201cme pareci\u00f3 tan humillante, que me fui a sentarme con ella\u201d. Nueve a\u00f1os despu\u00e9s, el PP vuelve a mirar a Valencia. Maz\u00f3n, mientras tanto, se refugia en Alicante. <\/p>\n","protected":false},"excerpt":{"rendered":"Carlos Maz\u00f3n se acomoda en una silla negra de la tercera fila del funeral de Estado de la&hellip;\n","protected":false},"author":2,"featured_media":226292,"comment_status":"","ping_status":"","sticky":false,"template":"","format":"standard","meta":{"footnotes":""},"categories":[8],"tags":[17,18,2007,242,1681,25,24,13,14,238,11,4274,19,20,55219,9,10,15,16,956,23,12,21,22,624],"class_list":{"0":"post-226291","1":"post","2":"type-post","3":"status-publish","4":"format-standard","5":"has-post-thumbnail","7":"category-espana","8":"tag-breaking-news","9":"tag-breakingnews","10":"tag-carlos-mazon","11":"tag-comunidad-valenciana","12":"tag-dana","13":"tag-es","14":"tag-espana","15":"tag-featured-news","16":"tag-featurednews","17":"tag-generalitat-valenciana","18":"tag-headlines","19":"tag-inundaciones-dana-octubre-2024","20":"tag-latest-news","21":"tag-latestnews","22":"tag-maribel-vilaplana","23":"tag-news","24":"tag-noticias","25":"tag-noticias-destacadas","26":"tag-noticiasdestacadas","27":"tag-pp","28":"tag-spain","29":"tag-titulares","30":"tag-ultimas-noticias","31":"tag-ultimasnoticias","32":"tag-vox"},"share_on_mastodon":{"url":"https:\/\/pubeurope.com\/@es\/115518363911190558","error":""},"_links":{"self":[{"href":"https:\/\/www.europesays.com\/es\/wp-json\/wp\/v2\/posts\/226291","targetHints":{"allow":["GET"]}}],"collection":[{"href":"https:\/\/www.europesays.com\/es\/wp-json\/wp\/v2\/posts"}],"about":[{"href":"https:\/\/www.europesays.com\/es\/wp-json\/wp\/v2\/types\/post"}],"author":[{"embeddable":true,"href":"https:\/\/www.europesays.com\/es\/wp-json\/wp\/v2\/users\/2"}],"replies":[{"embeddable":true,"href":"https:\/\/www.europesays.com\/es\/wp-json\/wp\/v2\/comments?post=226291"}],"version-history":[{"count":0,"href":"https:\/\/www.europesays.com\/es\/wp-json\/wp\/v2\/posts\/226291\/revisions"}],"wp:featuredmedia":[{"embeddable":true,"href":"https:\/\/www.europesays.com\/es\/wp-json\/wp\/v2\/media\/226292"}],"wp:attachment":[{"href":"https:\/\/www.europesays.com\/es\/wp-json\/wp\/v2\/media?parent=226291"}],"wp:term":[{"taxonomy":"category","embeddable":true,"href":"https:\/\/www.europesays.com\/es\/wp-json\/wp\/v2\/categories?post=226291"},{"taxonomy":"post_tag","embeddable":true,"href":"https:\/\/www.europesays.com\/es\/wp-json\/wp\/v2\/tags?post=226291"}],"curies":[{"name":"wp","href":"https:\/\/api.w.org\/{rel}","templated":true}]}}