{"id":226297,"date":"2025-11-09T06:47:12","date_gmt":"2025-11-09T06:47:12","guid":{"rendered":"https:\/\/www.europesays.com\/es\/226297\/"},"modified":"2025-11-09T06:47:12","modified_gmt":"2025-11-09T06:47:12","slug":"la-vida-sin-latasa","status":"publish","type":"post","link":"https:\/\/www.europesays.com\/es\/226297\/","title":{"rendered":"La vida sin Latasa"},"content":{"rendered":"<p class=\"paragraph\">El Real Valladolid sufre ese problema que C\u00e9sar Luis Menotti ve\u00eda en la selecci\u00f3n nacional antes de que comenzase su etapa victoriosa en el nuevo siglo. \u00abEspa\u00f1a tiene que decidir si quiere ser toro o torero\u00bb, dijo con toda la raz\u00f3n del mundo. Era una \u00e9poca en que la selecci\u00f3n alternaba periodos de f\u00fatbol aguerrido y de brega, con otros de toque y posesi\u00f3n, seg\u00fan el m\u00edster de turno y los jugadores con que contaba.<\/p>\n<p class=\"paragraph\">Al Pucela le pasa algo parecido, pero con las mismas piezas. Su bipolaridad lo convierte en imprevisible. Puede salir a tener el bal\u00f3n, movi\u00e9ndolo de lado a  lado como si fuese balonmano, hasta que le piten pasivo. Puede ser l\u00e1nguido hasta la extenuaci\u00f3n y que desde la banda pidan once caf\u00e9s cargados. Puede esperar atr\u00e1s para despu\u00e9s salir mal, no salir o matar a la contra. Puede que le embotellen. Puede que embotelle al rival y repita la exhibici\u00f3n de la primera parte en Riazor.<\/p>\n<p class=\"paragraph\">El Pucela es una inc\u00f3gnita y ya es hora de despejarla para asirse a una personalidad  definida. La que sea, pero una, para profundizar sobre ella y dejar de despistar a los quinielistas. Por poder, este Pucela es capaz de cambiar de la nada al mucho (no al todo) en 45 minutos. Bien lo sabe el Granada.<\/p>\n<p class=\"paragraph\">Es de esperar que esta victoria, en su primera remontada de la Liga, m\u00e1s el jogo bonito de La Coru\u00f1a hasta la autoexpulsi\u00f3n de Marcos Andr\u00e9, sirvan de faro a un equipo tambi\u00e9n necesitado de que a su entrenador no le atropellen los partidos. El lunes reaccion\u00f3 en el descanso, tirando la hoja Excel a la basura. Su equipo lo agradeci\u00f3.<\/p>\n<p class=\"paragraph\">En C\u00e1diz los blanquivioleta experimentar\u00e1n c\u00f3mo es la vida sin Latasa. Y Almada tambi\u00e9n ver\u00e1 que sin \u00e9l no se acaba este deporte.  Alabar por su lucha y presi\u00f3n a un delantero que lleva un gol (de cabeza) en 37 tiros de campo es como destacar a un cocinero destajista al que se le quema la comida. No est\u00e1 ah\u00ed para echar horas, sino para sacar platos de calidad. O sea, el gol.<\/p>\n<p class=\"paragraph\">Igual el uruguayo se lleva una sorpresa y funciona mejor la soluci\u00f3n alternativa, sea la que sea. Una posibilidad es que alinee arriba a Marcos Andr\u00e9, que vuelve tras sanci\u00f3n, y Delgado como d\u00fao de delanteros. Otra m\u00e1s conservadora (y real) pasa por dejar en punta solo al brasile\u00f1o y por detr\u00e1s a Chuki, en un dibujo 4-2-3-1.<\/p>\n<p class=\"paragraph\">Amath, tras su gol del lunes, es muy probable que se haga con el puesto de Biuk, sea cual sea la formaci\u00f3n de salida, con Chuki o Delgado. En los dem\u00e1s puestos no se prev\u00e9 m\u00e1s variaci\u00f3n respecto al once inicial ante el Granada que la entrada de Tomeo por Javi S\u00e1nchez, quien est\u00e1 no lejos, sino a a\u00f1os luz, de su mejor forma.<\/p>\n<p class=\"paragraph\">Por lo tanto un once blanquivioleta en la Tacita de Plata, contando con su versi\u00f3n m\u00e1s conservadora a priori, puede ser el formado por Guilherme en la porter\u00eda; Alejo, Tomeo, Torres y Bueno en defensa; Ponceau y Juric como mediocentros; Federico y Amath en los extremos; con Chuki de mediapunta y Marcos Andr\u00e9 como delantero centro.<\/p>\n<p class=\"paragraph\">Completan la expedici\u00f3n Aceves, Trilli, Javi S\u00e1nchez, Lachuer, Alani, Meseguer, Maroto, Biuk, Can\u00f3s, Arnu, Delgado y Jaouab, que vuelve a las convocatorias y a\u00fan no ha debutado. Son baja por lesi\u00f3n Garri&#8230; y Latasa. Hay  vida sin \u00e9l. Ahora se trata de saber si es mejor o peor.<\/p>\n","protected":false},"excerpt":{"rendered":"El Real Valladolid sufre ese problema que C\u00e9sar Luis Menotti ve\u00eda en la selecci\u00f3n nacional antes de que&hellip;\n","protected":false},"author":2,"featured_media":226298,"comment_status":"","ping_status":"","sticky":false,"template":"","format":"standard","meta":{"footnotes":""},"categories":[268],"tags":[168,25,24,280,282,18015,5301,5299,281,23,167],"class_list":{"0":"post-226297","1":"post","2":"type-post","3":"status-publish","4":"format-standard","5":"has-post-thumbnail","7":"category-futbol","8":"tag-deportes","9":"tag-es","10":"tag-espana","11":"tag-football","12":"tag-futbol","13":"tag-granada-cf","14":"tag-marcos-andre","15":"tag-pucela","16":"tag-soccer","17":"tag-spain","18":"tag-sports"},"share_on_mastodon":{"url":"https:\/\/pubeurope.com\/@es\/115518402985904842","error":""},"_links":{"self":[{"href":"https:\/\/www.europesays.com\/es\/wp-json\/wp\/v2\/posts\/226297","targetHints":{"allow":["GET"]}}],"collection":[{"href":"https:\/\/www.europesays.com\/es\/wp-json\/wp\/v2\/posts"}],"about":[{"href":"https:\/\/www.europesays.com\/es\/wp-json\/wp\/v2\/types\/post"}],"author":[{"embeddable":true,"href":"https:\/\/www.europesays.com\/es\/wp-json\/wp\/v2\/users\/2"}],"replies":[{"embeddable":true,"href":"https:\/\/www.europesays.com\/es\/wp-json\/wp\/v2\/comments?post=226297"}],"version-history":[{"count":0,"href":"https:\/\/www.europesays.com\/es\/wp-json\/wp\/v2\/posts\/226297\/revisions"}],"wp:featuredmedia":[{"embeddable":true,"href":"https:\/\/www.europesays.com\/es\/wp-json\/wp\/v2\/media\/226298"}],"wp:attachment":[{"href":"https:\/\/www.europesays.com\/es\/wp-json\/wp\/v2\/media?parent=226297"}],"wp:term":[{"taxonomy":"category","embeddable":true,"href":"https:\/\/www.europesays.com\/es\/wp-json\/wp\/v2\/categories?post=226297"},{"taxonomy":"post_tag","embeddable":true,"href":"https:\/\/www.europesays.com\/es\/wp-json\/wp\/v2\/tags?post=226297"}],"curies":[{"name":"wp","href":"https:\/\/api.w.org\/{rel}","templated":true}]}}