{"id":226305,"date":"2025-11-09T06:53:08","date_gmt":"2025-11-09T06:53:08","guid":{"rendered":"https:\/\/www.europesays.com\/es\/226305\/"},"modified":"2025-11-09T06:53:08","modified_gmt":"2025-11-09T06:53:08","slug":"yorgos-lanthimos-gran-maestre-masonico-del-cine-de-la-crueldad-la-voz-de-galicia","status":"publish","type":"post","link":"https:\/\/www.europesays.com\/es\/226305\/","title":{"rendered":"Yorgos Lanthimos, gran maestre mas\u00f3nico del cine de la crueldad &#8211; La Voz de Galicia"},"content":{"rendered":"<ol>\n<li><a href=\"https:\/\/news.google.com\/rss\/articles\/CBMizgFBVV95cUxQU0hNMzFoZzVkUU5SVFBmTkdLMm0tYUFTTEIxZENBXzZPRUpob2FLZUNJOXFCcS1GTU5TSWozMXpyeVl6c2VvdmdwYk50d1d0VHFXSGJSZ2tjM2pyZnhBVVBrUmd1eWVTWkl6bGt4WGpDYlV2SDdnRVdpZmpqUEkzSC1kNGJHbWQ3ZHFCajAtQnpSdElfYU94eEJCODV0MHEzQmdGZlN5WWg1UG5hWWZtOWNPcTN2a25pMFVBXzVtaVhFSWtBY1BzY0VzamFmUQ?oc=5\" target=\"_blank\" rel=\"nofollow noopener\">Yorgos Lanthimos, gran maestre mas\u00f3nico del cine de la crueldad<\/a>&nbsp;&nbsp;La Voz de Galicia<\/li>\n<li><a href=\"https:\/\/news.google.com\/rss\/articles\/CBMijwFBVV95cUxQN2hSQktoU1lDeENoeGNpRGE1Q2VYWmxHcTNQM0R0Um5Icm16VUlUbGxrZUs0WTBiOHdGV184Y0xyZ21xV3V4THhvWWRQTTgyZXhnbTN5VFI0bF9rb2pDdExRUFFOR2RZNGRlUHdNSmVGSDZ5ZDdFOUJKMjJDVHJ4U3ZmcUdIQllrTDdPbW1ma9IBlAFBVV95cUxOTTlhR05rRzRRWlhKTVloRmtkWElaRnJ6cnNRVFdvaWZyOWFGNTlEWG1JUEw4czRoUDhrbDU3cmF2Mnhzd2FPUS1fRDBpMkZ6UEJJZHYzRE1RdC1CVHA1M0xPQVl6VVl3NXhFQVk2ZkZLUm4tR25id20wY0NKM1BxbXlnN2FueF9hMjYzd280QW1Uczh6?oc=5\" target=\"_blank\" rel=\"nofollow noopener\">&#8216;Bugonia&#8217;: Hacia un cine cada vez m\u00e1s enfermizo<\/a>&nbsp;&nbsp;El Confidencial<\/li>\n<li><a href=\"https:\/\/news.google.com\/rss\/articles\/CBMipgFBVV95cUxPX0N0WXdwczF4azQxaWZ4Y2JVbC00ZlBTTUFTVXF0MFhvTXg0V3c5RWlDcmQwdzVmUlgzTi1JX2FMUzFsRGZVdktNS2FKNGhrS1A1MmxvbXN2REVpM3ZVM3JlUUpxdUxMT2R4X1pFaFhQWGZBbjd1ZXNpNFhOMFdPMWZUTmtVaWFMV1ZyUlRiWGJTUGFVMF9SLVNtYk5yV2JNdUJreS1R0gGmAUFVX3lxTE5oaXNuZlVybzdRZ1VLa1pwSkhJZWpySUNvRUNpWWFoT3Y3a0otdG5RT21ZOERYbjZ2QXgzN3dqSDlfNF9xWmVnUjRzN2IwZDQ3bHRTMzJGRG1QMTNWcnRXZkt5Z0E0azlWYnlGOEF3WjQ4NHdOQ2RqWE1zRmdZTGZWU05wU1hmQjBaQ1dvdDVYTGtLcE9Ld0pnMzc2eTdjb01xZFZ4bnc?oc=5\" target=\"_blank\" rel=\"nofollow noopener\">Emma Stone estrena la desquiciada &#8216;Bugonia&#8217;: \u00abRapada, cubierta de crema antihistam\u00ednica y tiritando de fr\u00edo me sent\u00eda m\u00e1s feliz que en cualquier otro lugar\u00bb<\/a>&nbsp;&nbsp;El Peri\u00f3dico<\/li>\n<li><a href=\"https:\/\/news.google.com\/rss\/articles\/CBMiYkFVX3lxTFBLazZleHJEVVZuNVoyMThVYjZZTkltaE5OOTJhUEZyQVljeDZBYkpPM3VQazBKWXJidUNBM3BSNG5LcUtPTE9PSE1lVXVFRUxOTUJJT0p1R1FvZGpxci1YLWRn?oc=5\" target=\"_blank\" rel=\"nofollow noopener\">Bugonia &#8211; Cines Lara &#8211; SoriaNoticias &#8211; El diario digital de Soria<\/a>&nbsp;&nbsp;SoriaNoticias<\/li>\n<li><a href=\"https:\/\/news.google.com\/rss\/articles\/CBMixwFBVV95cUxORDl4VUdWYlJNdi1sR1FNX284MkJrMEk4MURRZ19uN3BLUmxzS3BNVVAtVTRibGZEcFVoMFNtUWtkNTFKbGdTcWgtWmd0VXAwSGdsMHUtSWJNVTJKZ2xwMHZqV2piSHdHZFVZSmVsdG9TTTAxMGIwR09zXzV6TGVDS2l4bHhGR0VMZGNuRDRDODR5S1VEWmVZbmREenl1Q3hEcW8xQnY4X3FMbDMzODMzd015OFVwUmlLWHJFNDlsem9HbkUtYnRV?oc=5\" target=\"_blank\" rel=\"nofollow noopener\">\u2018Bugonia\u2019: el sugestivo y retorcido cine de Lanthimos se adentra en la \u2018conspiranoia\u2019<\/a>&nbsp;&nbsp;EL PA\u00cdS<\/li>\n<\/ol>\n","protected":false},"excerpt":{"rendered":"Yorgos Lanthimos, gran maestre mas\u00f3nico del cine de la crueldad&nbsp;&nbsp;La Voz de Galicia &#8216;Bugonia&#8217;: Hacia un cine cada&hellip;\n","protected":false},"author":2,"featured_media":226306,"comment_status":"","ping_status":"","sticky":false,"template":"","format":"standard","meta":{"footnotes":""},"categories":[169],"tags":[15202,229,177,146,147,25,24,176,41009,225,175,23],"class_list":{"0":"post-226305","1":"post","2":"type-post","3":"status-publish","4":"format-standard","5":"has-post-thumbnail","7":"category-cine","8":"tag-alex-de-la-iglesia","9":"tag-arte","10":"tag-cine","11":"tag-entertainment","12":"tag-entretenimiento","13":"tag-es","14":"tag-espana","15":"tag-film","16":"tag-isabel-coixet","17":"tag-libros","18":"tag-movies","19":"tag-spain"},"share_on_mastodon":{"url":"https:\/\/pubeurope.com\/@es\/115518426533116566","error":""},"_links":{"self":[{"href":"https:\/\/www.europesays.com\/es\/wp-json\/wp\/v2\/posts\/226305","targetHints":{"allow":["GET"]}}],"collection":[{"href":"https:\/\/www.europesays.com\/es\/wp-json\/wp\/v2\/posts"}],"about":[{"href":"https:\/\/www.europesays.com\/es\/wp-json\/wp\/v2\/types\/post"}],"author":[{"embeddable":true,"href":"https:\/\/www.europesays.com\/es\/wp-json\/wp\/v2\/users\/2"}],"replies":[{"embeddable":true,"href":"https:\/\/www.europesays.com\/es\/wp-json\/wp\/v2\/comments?post=226305"}],"version-history":[{"count":0,"href":"https:\/\/www.europesays.com\/es\/wp-json\/wp\/v2\/posts\/226305\/revisions"}],"wp:featuredmedia":[{"embeddable":true,"href":"https:\/\/www.europesays.com\/es\/wp-json\/wp\/v2\/media\/226306"}],"wp:attachment":[{"href":"https:\/\/www.europesays.com\/es\/wp-json\/wp\/v2\/media?parent=226305"}],"wp:term":[{"taxonomy":"category","embeddable":true,"href":"https:\/\/www.europesays.com\/es\/wp-json\/wp\/v2\/categories?post=226305"},{"taxonomy":"post_tag","embeddable":true,"href":"https:\/\/www.europesays.com\/es\/wp-json\/wp\/v2\/tags?post=226305"}],"curies":[{"name":"wp","href":"https:\/\/api.w.org\/{rel}","templated":true}]}}