{"id":226315,"date":"2025-11-09T06:59:07","date_gmt":"2025-11-09T06:59:07","guid":{"rendered":"https:\/\/www.europesays.com\/es\/226315\/"},"modified":"2025-11-09T06:59:07","modified_gmt":"2025-11-09T06:59:07","slug":"la-faa-ordena-que-los-md-11-permanezcan-en-tierra-mientras-investiga-el-accidente-de-ups","status":"publish","type":"post","link":"https:\/\/www.europesays.com\/es\/226315\/","title":{"rendered":"La FAA ordena que los MD-11 permanezcan en tierra mientras investiga el accidente de UPS"},"content":{"rendered":"<p>La Administraci\u00f3n Federal de <strong>Aviaci\u00f3n<\/strong> de Estados Unidos (FAA, por sus siglas en ingl\u00e9s) ha ordenado que todos los aviones MD-11 y MD-11F permanezcan en tierra mientras investiga el <a href=\"https:\/\/www.rtve.es\/noticias\/20251105\/muertos-estrellarse-avion-carga-aeropuerto-louisville-kentucky\/16801425.shtml\" target=\"_blank\" rel=\"nofollow noopener\">accidente de un avi\u00f3n de carga de la empresa UPS<\/a>, que dej\u00f3 <strong>13 muertos<\/strong>.<\/p>\n<p>Las compa\u00f1\u00edas <strong>UPS<\/strong> y <strong>FedEx<\/strong> ya anunciaron que dejar\u00edan en tierra voluntariamente sus flotas de aviones <strong>McDonnell Douglas MD-11<\/strong> \u00abpor precauci\u00f3n\u00bb.<\/p>\n<p>La orden de la agencia federal se ha emitido \u00abporque ha determinado que es probable que la <strong>condici\u00f3n insegura exista o se desarrolle en otros productos<\/strong> del mismo tipo de dise\u00f1o\u00bb, seg\u00fan el documento obtenido por CBS News.<\/p>\n<p>\u00abEstamos evaluando cualquier posible problema de seguridad y nos aseguraremos de que se tomen las medidas correctivas adecuadas\u00bb, ha indicado la FAA.<\/p>\n<p>Los MD-11 constituyen aproximadamente el 9% de la flota a\u00e9rea de UPS y el 4 % de la de FedEx, de acuerdo con las empresas. <\/p>\n<p>Un <a href=\"https:\/\/www.rtve.es\/noticias\/20251105\/muertos-estrellarse-avion-carga-aeropuerto-louisville-kentucky\/16801425.shtml\" target=\"_blank\" rel=\"nofollow noopener\">avi\u00f3n de UPS se estrell\u00f3 el pasado 4 de noviembre<\/a>, cuando apenas hab\u00eda tomado <strong>55 metros de altura<\/strong>, tras despegar del aeropuerto internacional de Muhammad Ali de Louisville, en Kentucky, con destino a Honolulu (Hawai, EE.UU.).<\/p>\n<p>Actualmente hay unos 70 aviones MD-11 en servicio<\/p>\n<p>Louisville alberga el principal centro de operaciones a\u00e9reas de <strong>UPS, donde la compa\u00f1\u00eda cuenta con 291 naves<\/strong>.<\/p>\n<p>Los MD-11 fueron construidos por McDonnell Douglas, pero la compa\u00f1\u00eda se fusion\u00f3 con Boeing en 1997, convirtiendo a <strong>Boeing en el fabricante oficial de la aeronave<\/strong>, que ha indicado a la CBS que recomend\u00f3 dejar en tierra los aviones \u00abpor extrema precauci\u00f3n\u00bb.<\/p>\n<p>La compa\u00f1\u00eda inform\u00f3 en 1998 que ir\u00eda eliminando gradualmente su producci\u00f3n del MD-11 y que las \u00faltimas entregas estaban previstas para el 2000, destaca CBS.<\/p>\n<p>Actualmente hay unos 70 aviones MD-11 en servicio, de los que FedEx y UPS tienen cada una alrededor de dos docenas y una tercera aerol\u00ednea, Western Global, tiene 16. <\/p>\n","protected":false},"excerpt":{"rendered":"La Administraci\u00f3n Federal de Aviaci\u00f3n de Estados Unidos (FAA, por sus siglas en ingl\u00e9s) ha ordenado que todos&hellip;\n","protected":false},"author":2,"featured_media":226316,"comment_status":"","ping_status":"","sticky":false,"template":"","format":"standard","meta":{"footnotes":""},"categories":[42],"tags":[17,18,13,14,11,61,62,63,64,19,20,9,10,15,16,12,21,22,65,66,67],"class_list":{"0":"post-226315","1":"post","2":"type-post","3":"status-publish","4":"format-standard","5":"has-post-thumbnail","7":"category-internacional","8":"tag-breaking-news","9":"tag-breakingnews","10":"tag-featured-news","11":"tag-featurednews","12":"tag-headlines","13":"tag-internacional","14":"tag-international","15":"tag-international-news","16":"tag-internationalnews","17":"tag-latest-news","18":"tag-latestnews","19":"tag-news","20":"tag-noticias","21":"tag-noticias-destacadas","22":"tag-noticiasdestacadas","23":"tag-titulares","24":"tag-ultimas-noticias","25":"tag-ultimasnoticias","26":"tag-world","27":"tag-world-news","28":"tag-worldnews"},"share_on_mastodon":{"url":"https:\/\/pubeurope.com\/@es\/115518450397692249","error":""},"_links":{"self":[{"href":"https:\/\/www.europesays.com\/es\/wp-json\/wp\/v2\/posts\/226315","targetHints":{"allow":["GET"]}}],"collection":[{"href":"https:\/\/www.europesays.com\/es\/wp-json\/wp\/v2\/posts"}],"about":[{"href":"https:\/\/www.europesays.com\/es\/wp-json\/wp\/v2\/types\/post"}],"author":[{"embeddable":true,"href":"https:\/\/www.europesays.com\/es\/wp-json\/wp\/v2\/users\/2"}],"replies":[{"embeddable":true,"href":"https:\/\/www.europesays.com\/es\/wp-json\/wp\/v2\/comments?post=226315"}],"version-history":[{"count":0,"href":"https:\/\/www.europesays.com\/es\/wp-json\/wp\/v2\/posts\/226315\/revisions"}],"wp:featuredmedia":[{"embeddable":true,"href":"https:\/\/www.europesays.com\/es\/wp-json\/wp\/v2\/media\/226316"}],"wp:attachment":[{"href":"https:\/\/www.europesays.com\/es\/wp-json\/wp\/v2\/media?parent=226315"}],"wp:term":[{"taxonomy":"category","embeddable":true,"href":"https:\/\/www.europesays.com\/es\/wp-json\/wp\/v2\/categories?post=226315"},{"taxonomy":"post_tag","embeddable":true,"href":"https:\/\/www.europesays.com\/es\/wp-json\/wp\/v2\/tags?post=226315"}],"curies":[{"name":"wp","href":"https:\/\/api.w.org\/{rel}","templated":true}]}}