{"id":226321,"date":"2025-11-09T07:07:08","date_gmt":"2025-11-09T07:07:08","guid":{"rendered":"https:\/\/www.europesays.com\/es\/226321\/"},"modified":"2025-11-09T07:07:08","modified_gmt":"2025-11-09T07:07:08","slug":"una-pamplonesa-recorre-8-000-kilometros-entre-naturaleza-y-secuoyas-con-un-doble-objetivo","status":"publish","type":"post","link":"https:\/\/www.europesays.com\/es\/226321\/","title":{"rendered":"Una pamplonesa recorre 8.000 kil\u00f3metros entre naturaleza y secuoyas con un doble objetivo"},"content":{"rendered":"<p class=\"paragraph\">Todo comenz\u00f3 con un viaje a <b>Nepal<\/b>. Con 18 a\u00f1os y superada la preocupaci\u00f3n materna inicial, decidi\u00f3 marcharse sola al pa\u00eds de los Himalayas e hizo una <b>ruta por el Annapurna<\/b> de 34 d\u00edas, la mitad de ellos, en solitario. Esa vivencia le \u201cmarc\u00f3 profundamente\u201d, le \u201cconect\u00f3 con la <b>naturaleza<\/b>\u201d y le anim\u00f3 a \u201cabrirse al mundo\u201d.\u00a0<\/p>\n<p class=\"paragraph\">Su <b>primer gran viaje<\/b> en<b> bicicleta<\/b> lleg\u00f3 inspirada por las andanzas del explorador y corresponsal <b>Kazimierz Nowak<\/b> en el continente africano durante los a\u00f1os 30. \u201cRecorri\u00f3 40.000 kil\u00f3metros de norte a sur en cinco a\u00f1os, documentando c\u00f3mo las colonias europeas estaban afectando la manera de vivir de los pueblos locales\u201d, contextualiza. De modo que en verano de 2020, la joven parti\u00f3 de <b>Breda (Pa\u00edses Bajos)<\/b>, donde estudiaba<b> Ciencias Ambientales<\/b>, y salv\u00f3 pedaleando los <b>1.200 kil\u00f3metros <\/b>que la separaban de Pamplona. \u201cNunca hasta entonces hab\u00eda hecho un viaje de m\u00e1s de 20 kil\u00f3metros, pero aquella experiencia<b> me transform\u00f3\u201d<\/b>, recuerda.\u00a0<\/p>\n<p class=\"paragraph\">La segunda gran ruta transcurri\u00f3 por Portugal y Galicia: <b>800 kil\u00f3metros entre Lisboa y Santiago de Compostela<\/b>. Hab\u00eda sentido <b>la llamada de la bicicleta<\/b> y su forma de ver la vida era otra. \u201cLa sensaci\u00f3n de libertad, la incertidumbre de no saber qu\u00e9 iba a pasar al d\u00eda siguiente, la necesidad de valerme por m\u00ed misma\u2026 Viajar y descubrir nuevas realidades era lo que quer\u00eda seguir haciendo\u201d, recuerda haber sentido Leticia S\u00e1nchez Marco, pamplonesa de 25 a\u00f1os, que ahora est\u00e1 inmersa en su \u00faltima aventura,<b> Canad\u00e1-Guatemala<\/b>, a la que ha querido dar un fin solidario. Su periplo se puede seguir en la app Polarsteps y redes sociales <b>(@bicicleti_)<\/b>.\u00a0<\/p>\n<p class=\"paragraph\"><b>4 MESES EN RUTA<\/b><\/p>\n<p class=\"paragraph\">S\u00e1nchez parti\u00f3 el 8 de septiembre desde<b> Vancouver (Canad\u00e1) <\/b>y espera llegar a medidos de enero a su destino, <b>Panajachel,<\/b> un pueblo del altiplano guatemalteco a orillas del <b>lago Atitl\u00e1n<\/b>. Un total de<b> 8.000 kil\u00f3metros<\/b> siguiendo \u201cm\u00e1s o menos\u201d la ruta Panamericana con un doble objetivo. Por un lado, denunciar \u201cla <b>injusticia clim\u00e1tica y alimentaria<\/b> que enfrentan las comunidades rurales en Guatemala\u201d, el pa\u00eds con mayor tasa de desnutrici\u00f3n cr\u00f3nica de toda Latinoam\u00e9rica. Por otro, recaudar<b> 8.000 euros<\/b>, uno por cada kil\u00f3metro, para destinarlos a la Escuela de Campo de la<b> ONG Vivamos Mejor<\/b>, que trabaja desde hace casi cuatro d\u00e9cadas con comunidades rurales en temas de seguridad alimentaria, educaci\u00f3n y medio ambiente.\u00a0<\/p>\n<p class=\"paragraph\">Para la pamplonesa, volver a <b>Guatemala<\/b> es regresar a<b> casa<\/b>. As\u00ed lo siente despu\u00e9s de que en febrero de 2024 aterrizara en el pa\u00eds centroamericano para hacer su <b>proyecto de fin de grado<\/b> de la mano de Vivamos Mejor. \u201cRealic\u00e9 un estudio sobre la aplicaci\u00f3n de pr\u00e1cticas agroecol\u00f3gicas en huertos familiares\u201d. Cuando lo termin\u00f3, se qued\u00f3 all\u00ed trabajando y, en febrero de 2025, regres\u00f3 gracias a una <b>beca del Gobierno de Navarra<\/b> de practicas en pa\u00edses extra comunitarios. \u201cColabor\u00e9 realizando un plan de manejo de un \u00e1rea de conservaci\u00f3n comunitaria de 120 hect\u00e1reas. Trabajamos mano a mano con los consejos comunitarios ind\u00edgenas y autoridades locales para dise\u00f1ar estrategias de <b>protecci\u00f3n del bosque<\/b>\u201d, desarrolla.\u00a0<\/p>\n<p class=\"paragraph\">Sus piernas acumulan ya <b>1.700 kil\u00f3metros recorridos<\/b>, a una media de 70 al d\u00eda y con una jornada de descanso cada cuatro o cinco. El viernes 17 de octubre lleg\u00f3 a <b>San Francisco<\/b>, para adentrarse despu\u00e9s en<b> Yosemite<\/b> y en el Parque Nacional de las Secuoyas. Durante el camino ha visitado organizaciones que tambi\u00e9n trabajan\u00a0por sistemas alimentarios locales y sostenidos y no descarta detenerse y hacer alg\u00fan workaway (intercambio de trabajo\/voluntariado por alojamiento). No ha tenido contratiempos m\u00e1s all\u00e1 de tener que empujar la bici por la arena de una playa. \u201cAquello s\u00ed fue duro, pesa un mont\u00f3n de kilos\u201d. Aunque <b>viaja en solitario<\/b>&#8211; \u201cno es f\u00e1cil que otras personas se adapten a esta vida\u201d- el camino le ha provisto de <b>almas gemelas<\/b> . \u201cHe conocido a una pareja de Suiza y a una familia de Argentina con una ni\u00f1a de 4 a\u00f1os. Van desde Alaska hasta Argentina haciendo la ruta Panamericana. A m\u00ed este viaje de cuatro meses ya me parec\u00eda enorme, pero no es nada comparado con los dos a\u00f1os que van a estar ellos. Yo tambi\u00e9n tengo ese <b>gusanillo de las largas distancias<\/b>, de poder recorrer el mundo en bicicleta\u201d, admite.<\/p>\n<p class=\"paragraph\"><b>NATURALEZA Y RITMOS<\/b><\/p>\n<p class=\"paragraph\"><b>Conectar<\/b> plenamente con la naturaleza. Amanecer y anochecer al <b>ritmo <\/b>que marca el sol. <b>Comer cuando tienes hambre<\/b> y descansar cuando el cuerpo lo pide a gritos. Vivir en el <b>presente<\/b>, concentrada en el ahora, sin pasad os que a\u00f1orar ni futuros en los que proyectarse. Son algunas de las ventajas de este estilo de vida que, sin embargo, tambi\u00e9n tiene algunas contrapartidas. \u201c<b>Te a\u00edsla<\/b> un poco, est\u00e1s como en una<b> burbuja<\/b> donde lo importante es la carretera y qu\u00e9 va a pasar ese d\u00eda. Pasas mucho tiempo sola, te pierdes momentos y es dif\u00edcil asentarse\u201d.\u00a0<\/p>\n<p class=\"paragraph\">Ella se siente segura en ruta. \u201cEs verdad que una <b>mujer viajando sola<\/b> causa preocupaci\u00f3n, pero una vez que te vas adecuando a diferentes contextos, te das cuenta de que <b>el peligro es relativo<\/b>. Gente buena y mala hay en todas partes, pero siempre el porcentaje de la buena es mucho mayor.<b> Mis padres<\/b> ahora ya est\u00e1n m\u00e1s que acostumbrados y <b>me ayudan y me apoyan <\/b>en todas mis decisiones\u201d.\u00a0<\/p>\n<p class=\"paragraph\">Cuando llegue a su destino, aspira a permanecer en Guatemala por un tiempo. \u201cMe gustar\u00eda <b>seguir con la ONG <\/b>Vivamos Mejor al menos uno o dos a\u00f1os m\u00e1s\u201d. Despu\u00e9s, qui\u00e9n sabe. Quiz\u00e1<b> regresar a Holanda <\/b>para hacer una maestr\u00eda. O quiz\u00e1, simplemente, continuar viajando por un mundo al que no le ve fronteras <b>subida en su bicicleta.<\/b><\/p>\n","protected":false},"excerpt":{"rendered":"Todo comenz\u00f3 con un viaje a Nepal. Con 18 a\u00f1os y superada la preocupaci\u00f3n materna inicial, decidi\u00f3 marcharse&hellip;\n","protected":false},"author":2,"featured_media":226322,"comment_status":"","ping_status":"","sticky":false,"template":"","format":"standard","meta":{"footnotes":""},"categories":[273],"tags":[7560,313,312,168,25,24,59705,23,167],"class_list":{"0":"post-226321","1":"post","2":"type-post","3":"status-publish","4":"format-standard","5":"has-post-thumbnail","7":"category-ciclismo","8":"tag-bicicleta","9":"tag-ciclismo","10":"tag-cycling","11":"tag-deportes","12":"tag-es","13":"tag-espana","14":"tag-manta","15":"tag-spain","16":"tag-sports"},"share_on_mastodon":{"url":"https:\/\/pubeurope.com\/@es\/115518481600282906","error":""},"_links":{"self":[{"href":"https:\/\/www.europesays.com\/es\/wp-json\/wp\/v2\/posts\/226321","targetHints":{"allow":["GET"]}}],"collection":[{"href":"https:\/\/www.europesays.com\/es\/wp-json\/wp\/v2\/posts"}],"about":[{"href":"https:\/\/www.europesays.com\/es\/wp-json\/wp\/v2\/types\/post"}],"author":[{"embeddable":true,"href":"https:\/\/www.europesays.com\/es\/wp-json\/wp\/v2\/users\/2"}],"replies":[{"embeddable":true,"href":"https:\/\/www.europesays.com\/es\/wp-json\/wp\/v2\/comments?post=226321"}],"version-history":[{"count":0,"href":"https:\/\/www.europesays.com\/es\/wp-json\/wp\/v2\/posts\/226321\/revisions"}],"wp:featuredmedia":[{"embeddable":true,"href":"https:\/\/www.europesays.com\/es\/wp-json\/wp\/v2\/media\/226322"}],"wp:attachment":[{"href":"https:\/\/www.europesays.com\/es\/wp-json\/wp\/v2\/media?parent=226321"}],"wp:term":[{"taxonomy":"category","embeddable":true,"href":"https:\/\/www.europesays.com\/es\/wp-json\/wp\/v2\/categories?post=226321"},{"taxonomy":"post_tag","embeddable":true,"href":"https:\/\/www.europesays.com\/es\/wp-json\/wp\/v2\/tags?post=226321"}],"curies":[{"name":"wp","href":"https:\/\/api.w.org\/{rel}","templated":true}]}}