{"id":226343,"date":"2025-11-09T07:22:08","date_gmt":"2025-11-09T07:22:08","guid":{"rendered":"https:\/\/www.europesays.com\/es\/226343\/"},"modified":"2025-11-09T07:22:08","modified_gmt":"2025-11-09T07:22:08","slug":"bolivia-y-estados-unidos-reanudaran-relaciones-diplomaticas-dw-09-11-2025","status":"publish","type":"post","link":"https:\/\/www.europesays.com\/es\/226343\/","title":{"rendered":"Bolivia y Estados Unidos reanudar\u00e1n relaciones diplom\u00e1ticas \u2013 DW \u2013 09\/11\/2025"},"content":{"rendered":"<p><a class=\"internal-link\" href=\"https:\/\/www.dw.com\/es\/bolivia\/t-17411684\" rel=\"nofollow noopener\" target=\"_blank\">Bolivia<\/a> y <a class=\"internal-link\" href=\"https:\/\/www.dw.com\/es\/estados-unidos\/t-17411942\" rel=\"nofollow noopener\" target=\"_blank\">Estados Unidos<\/a> restablecer\u00e1n sus relaciones diplom\u00e1ticas a nivel de embajadores, rotas desde 2008, anunciaron el s\u00e1bado (08.11.2025) el presidente boliviano, Rodrigo Paz, y el subsecretario de Estado estadounidense, Cristopher Landau.<\/p>\n<p>\u00abVamos a establecer esas relaciones\u00bb, afirm\u00f3 el mandatario centroderechista en una declaraci\u00f3n junto al representante del gobierno de Donald Trump, quien precis\u00f3 que se reanudar\u00e1n \u00aba nivel de embajadores, como siempre deber\u00eda de ser\u00bb.<\/p>\n<p>El expresidente izquierdista Evo Morales expuls\u00f3 hace 17 a\u00f1os, durante su primer mandato, al m\u00e1ximo representante diplom\u00e1tico de Estados Unidos, acus\u00e1ndole de apoyar un complot de la derecha. Washington, en reciprocidad, hizo lo mismo.<\/p>\n<p>\u00abVamos a restablecer las relaciones a nivel de embajador como siempre deber\u00eda ser\u00bb, dijo el subsecretario estadounidense, quien habl\u00f3 con la prensa junto a Paz tras su investidura en la capital boliviana.<\/p>\n<p>Landau record\u00f3 que Paz \u00ab<a class=\"internal-link\" href=\"https:\/\/www.dw.com\/es\/presidente-electo-anuncia-que-bolivia-retomar\u00e1-relaciones-con-estados-unidos\/a-74432983\" rel=\"nofollow noopener\" target=\"_blank\">ha expresado su inter\u00e9s en sostener una buena relaci\u00f3n<\/a> con EE.UU.\u00bb y que \u00abde forma rec\u00edproca\u00bb su\u00a0pa\u00eds\u00a0quiere \u00abestablecer una buena relaci\u00f3n con este nuevo Gobierno de Bolivia\u00bb.<\/p>\n<p>A su turno, el nuevo mandatario boliviano destac\u00f3 que la presencia del subsecretario estadounidense \u00absignifica un paso m\u00e1s\u00bb en su intenci\u00f3n \u00abde abrir Bolivia al mundo y que el mundo venga a Bolivia\u00bb.<\/p>\n<p>Paz\u00a0sostuvo que \u00abtoda relaci\u00f3n\u00bb exterior, <a class=\"internal-link\" href=\"https:\/\/www.dw.com\/es\/estados-unidos-y-ocho-pa\u00edses-latinoamericanos-prometen-apoyo-a-nuevo-presidente-de-bolivia\/a-74448226\" rel=\"nofollow noopener\" target=\"_blank\">con Estados Unidos y otros pa\u00edses<\/a>,\u00a0se establecer\u00e1 \u00abbajo el paraguas de la democracia, del desarrollo y de los conceptos y valores de orden humano\u00bb.<\/p>\n<p>El mandatario boliviano viaj\u00f3 la semana pasada a Washington para hacer gestiones ante los organismos multilaterales que tienen sede all\u00ed con miras a asegurar la provisi\u00f3n de combustibles y de\u00a0d\u00f3lares en la econom\u00eda boliviana, adem\u00e1s de reunirse con representantes de la administraci\u00f3n\u00a0 Trump.<\/p>\n<p>gs (afp, efe)<\/p>\n","protected":false},"excerpt":{"rendered":"Bolivia y Estados Unidos restablecer\u00e1n sus relaciones diplom\u00e1ticas a nivel de embajadores, rotas desde 2008, anunciaron el s\u00e1bado&hellip;\n","protected":false},"author":2,"featured_media":226344,"comment_status":"","ping_status":"","sticky":false,"template":"","format":"standard","meta":{"footnotes":""},"categories":[42],"tags":[17,18,13,14,11,61,62,63,64,19,20,9,10,15,16,12,21,22,65,66,67],"class_list":{"0":"post-226343","1":"post","2":"type-post","3":"status-publish","4":"format-standard","5":"has-post-thumbnail","7":"category-internacional","8":"tag-breaking-news","9":"tag-breakingnews","10":"tag-featured-news","11":"tag-featurednews","12":"tag-headlines","13":"tag-internacional","14":"tag-international","15":"tag-international-news","16":"tag-internationalnews","17":"tag-latest-news","18":"tag-latestnews","19":"tag-news","20":"tag-noticias","21":"tag-noticias-destacadas","22":"tag-noticiasdestacadas","23":"tag-titulares","24":"tag-ultimas-noticias","25":"tag-ultimasnoticias","26":"tag-world","27":"tag-world-news","28":"tag-worldnews"},"share_on_mastodon":{"url":"https:\/\/pubeurope.com\/@es\/115518540559908186","error":""},"_links":{"self":[{"href":"https:\/\/www.europesays.com\/es\/wp-json\/wp\/v2\/posts\/226343","targetHints":{"allow":["GET"]}}],"collection":[{"href":"https:\/\/www.europesays.com\/es\/wp-json\/wp\/v2\/posts"}],"about":[{"href":"https:\/\/www.europesays.com\/es\/wp-json\/wp\/v2\/types\/post"}],"author":[{"embeddable":true,"href":"https:\/\/www.europesays.com\/es\/wp-json\/wp\/v2\/users\/2"}],"replies":[{"embeddable":true,"href":"https:\/\/www.europesays.com\/es\/wp-json\/wp\/v2\/comments?post=226343"}],"version-history":[{"count":0,"href":"https:\/\/www.europesays.com\/es\/wp-json\/wp\/v2\/posts\/226343\/revisions"}],"wp:featuredmedia":[{"embeddable":true,"href":"https:\/\/www.europesays.com\/es\/wp-json\/wp\/v2\/media\/226344"}],"wp:attachment":[{"href":"https:\/\/www.europesays.com\/es\/wp-json\/wp\/v2\/media?parent=226343"}],"wp:term":[{"taxonomy":"category","embeddable":true,"href":"https:\/\/www.europesays.com\/es\/wp-json\/wp\/v2\/categories?post=226343"},{"taxonomy":"post_tag","embeddable":true,"href":"https:\/\/www.europesays.com\/es\/wp-json\/wp\/v2\/tags?post=226343"}],"curies":[{"name":"wp","href":"https:\/\/api.w.org\/{rel}","templated":true}]}}