{"id":226357,"date":"2025-11-09T07:35:09","date_gmt":"2025-11-09T07:35:09","guid":{"rendered":"https:\/\/www.europesays.com\/es\/226357\/"},"modified":"2025-11-09T07:35:09","modified_gmt":"2025-11-09T07:35:09","slug":"roman-san-emeterio-decano-del-colegio-de-arquitectos-el-racing-ha-desaprovechado-la-oportunidad-de-implicar-a-la-ciudadania-y-al-talento-creativo","status":"publish","type":"post","link":"https:\/\/www.europesays.com\/es\/226357\/","title":{"rendered":"Rom\u00e1n San Emeterio, Decano del Colegio de Arquitectos: \u00abEl Racing ha desaprovechado la oportunidad de implicar a la ciudadan\u00eda y al talento creativo\u00bb"},"content":{"rendered":"<p>El santanderino Rom\u00e1n San Emeterio Pedraja (1970) lleva apenas a\u00f1o y medio al frente del Colegio Oficial de Arquitectos de Cantabria (COACan). Tras una trayectoria  &#8230; de m\u00e1s de 25 a\u00f1os de experiencia profesional, el decano valora el tiempo de su gesti\u00f3n por ser de \u00abescucha y de apertura, desarrollado por un equipo humano del que puedo sentirme orgulloso\u00bb. Y subraya el haber perseverado en \u00abconsolidar y ampliar nuestra red relacional con la cooperaci\u00f3n y la responsabilidad social como objetivo\u00bb. Tomando como term\u00f3metro la repercusi\u00f3n de sus actividades, la VI Semana de la Arquitectura y el IV Festival Arquicines \u00abnos dejan un muy buen sabor de boca\u00bb. Y una primicia: el Laboratorio de Pensamiento Arquitect\u00f3nico del COACan es una realidad que arrancar\u00e1 los d\u00edas 20 y 21 de este mes en el Centro Ricardo Lorenzo con unas jornadas destinadas a la reflexi\u00f3n territorial y c\u00edvica centradas en los efectos del turismo masivo. \u00abEs necesario un espacio propicio y desprejuiciado para pensar la ciudad y el territorio sin la presi\u00f3n de lo inmediato\u00bb, defiende. <\/p>\n<p class=\"v-p\"><strong>\u2013M\u00e1s all\u00e1 de obviedades y generalizaciones, \u00bfqu\u00e9 necesidades m\u00e1s urgentes cree que revela la ciudad en el presente?<\/strong><\/p>\n<p class=\"v-p\">\u2013En referencia a una idea global de ciudad con sus instrumentos al d\u00eda \u2013Varadero, el frente mar\u00edtimo, el Cabildo, la conservaci\u00f3n de la ciudad o la movilidad, por citar algunos\u2013 dir\u00eda que hay que poner m\u00e1s energ\u00eda en abordar la decadencia de importantes zonas que incluyen su centro. Ser\u00eda muy deseable lograr que m\u00e1s personas vivan, vuelvan a habitar, en \u00e9l. La empresa p\u00fablica municipal tiene un amplio campo de acci\u00f3n sobre el que podr\u00eda desarrollar a medio plazo acciones tanto p\u00fablicas como p\u00fablico-privadas colaborativas en las que la rentabilidad econ\u00f3mica no encuentra inter\u00e9s, pero la social y urbana es de dos enteros. Si pensamos la ciudad para sus habitantes estoy seguro que quienes nos visiten se encontrar\u00e1n bien. Al rev\u00e9s, no lo tengo tan claro\u2026 <\/p>\n<p class=\"v-p\"><strong>\u2013\u00bfY de qu\u00e9 urgencias hablamos?<\/strong><\/p>\n<p class=\"v-p\">\u2013Repensar proyectos sobre los que no existe m\u00e1s argumento favorable que el contar con financiaci\u00f3n para llevarlos a cabo; asuntos de enorme trascendencia y envergadura para la ciudad que nadie defiende con pasi\u00f3n, porque nadie la siente, como es el caso de la integraci\u00f3n ferroviaria, ese proyecto macerado en resignaci\u00f3n, o unos espigones alejados de todo civismo. El impacto del turismo y las estructuras que lo sostienen, tanto en lo que a incidencia en los precios se refiere como en la salud de las personas. En este sentido, el ruido ambiente ser\u00e1 uno de los grandes asuntos del futuro y eso afectar\u00e1 al cruce de intereses entre el bienestar residencial y el ocio en las calles. Tambi\u00e9n es urgente la renaturalizaci\u00f3n de espacios, que deber\u00e1 abordar retos m\u00e1s ambiciosos. Una tarea urgente es la finalizaci\u00f3n de la obra en la Biblioteca de Men\u00e9ndez Pelayo y otra pendiente es la implantaci\u00f3n de una pol\u00edtica activa de protecci\u00f3n del patrimonio cultural de la ciudad y de su contexto, algo que tiene que pasar por una actualizaci\u00f3n del cat\u00e1logo de edificios de inter\u00e9s sin esperar al pr\u00f3ximo PGOU y por emprender una labor conservadora inteligente que eduque, preserve y permita la evoluci\u00f3n de los edificios hacia nuevos usos sin tener que sacrificar sus valores. Eso podr\u00eda empezar por un plan de reforma de edificios municipales con valor cultural, desde la propia Casa Consistorial al edificio de bomberos de Numancia. Tambi\u00e9n repensar\u00eda la demolici\u00f3n de la Residencia Cantabria, que se me antoja indeseable desde varios puntos de vista. <\/p>\n<p class=\"v-p\"><strong>\u2013Siempre ha sido partidario de fomentar el debate. Sin embargo, \u00bfcada vez la situaci\u00f3n parece m\u00e1s alejada de la realidad?<\/strong><\/p>\n<p class=\"v-p\">\u2013No voy a decir que sea algo f\u00e1cil, porque no lo es. Pero mientras la convicci\u00f3n no flaquee seguiremos intent\u00e1ndolo. La realidad pol\u00edtica de las instituciones tiene unos rituales y plazos que no siempre convergen con din\u00e1micas transversales de reflexi\u00f3n o debate. Esa es la realidad que hay que vencer, encontrando los espacios de intersecci\u00f3n y aprovech\u00e1ndolos. <\/p>\n<p class=\"v-p\"><strong>\u2013En una sociedad digitalizada, \u00bfecha de menos una apuesta por proyectos que potencien espacios de convivencia?<\/strong><\/p>\n<p class=\"v-p\">\u2013Lo digital no puede sustituir el encuentro f\u00edsico. Necesitamos plazas, parques, bancos en ellos, equipamientos, renaturalizaci\u00f3n, peque\u00f1as, medianas y grandes intervenciones que activen y mejoren la vida cotidiana a lo largo y ancho de Santander y de otras localidades de Cantabria. La convivencia no surge por decreto: se dise\u00f1a, se realiza, se mantiene y mejora en el tiempo. Por lo que he visto en los presupuestos de Santander, creo que recuperaremos los concursos municipales sobre microespacios en los que colabora el COACan, aunque, como siempre le digo al concejal, y tambi\u00e9n a la alcaldesa, los arquitectos y arquitectas sabemos hacer microespacios, pero tambi\u00e9n medios y macroespacios. <\/p>\n<p class=\"v-p\"><strong>\u2013El \u00faltimo caso de ciudad es la ampliaci\u00f3n del estadio del Racing, el &#8216;Nuevo Sardinero&#8217;. \u00bfQu\u00e9 le sugiere la operaci\u00f3n?<\/strong><\/p>\n<p class=\"v-p\">\u2013Como decano me ha disgustado que el Racing haya desaprovechado la oportunidad de implicar a toda la ciudadan\u00eda de Cantabria, as\u00ed como al talento creativo local y for\u00e1neo, al encargar un proyecto a una, sin duda, solvente firma para definir la transformaci\u00f3n de un edificio p\u00fablico de titularidad municipal y de un entorno tambi\u00e9n p\u00fablico, en lugar de haber convocado un concurso que podr\u00eda haber aportado, adem\u00e1s de un caudal de ideas potencialmente valiosas, una enriquecedora implicaci\u00f3n social. Por ello, me sugiere desapego una operaci\u00f3n que, marcada por un leg\u00edtimo inter\u00e9s lucrativo particular, habr\u00eda requerido de otra aproximaci\u00f3n, implicando tambi\u00e9n al ayuntamiento propietario. De todos modos, en caso de producirse una transformaci\u00f3n de tal envergadura en los Campos de Sport la convocatoria de un concurso ser\u00e1 precisa, y ofrezco desde ya la colaboraci\u00f3n del COACan. <\/p>\n<p class=\"v-p\"><strong>\u2013\u00bfSe subraya mucho lo de los faros arquitect\u00f3nicos en detrimento de la gesti\u00f3n de lo cercano?<\/strong><\/p>\n<p class=\"v-p\">\u2013No creo que sean asuntos incompatibles. Las ciudades en su devenir van creando nuevos hitos y mitos o regenerando los existentes. Los grandes proyectos tienen su papel. Lo m\u00e1s efectivo para mejorar la vida es abordar lo cotidiano.<\/p>\n<p class=\"v-p\"><strong>\u2013La conveniencia de organizar concursos p\u00fablicos de arquitectura, \u00bfes otro de esos ideales que la mala gesti\u00f3n pone en su sitio?<\/strong><\/p>\n<p class=\"v-p\">\u2013Son una herramienta magn\u00edfica para elevar la calidad arquitect\u00f3nica y dar oportunidades al talento. Y son un recurso obligado en muchos casos que a veces las administraciones evitan recurriendo a medios propios semip\u00fablicos que luego contratan a terceros. Hace falta voluntad pol\u00edtica y una gesti\u00f3n transparente. <\/p>\n<p class=\"v-p\"><strong>\u2013\u00bfLa ecuaci\u00f3n derribo-conservaci\u00f3n se ha convertido en un bucle ensimismado?<\/strong><\/p>\n<p class=\"v-p\">\u2013S\u00ed, y en buena parte porque seguimos viendo el patrimonio como un obst\u00e1culo, no como un valor. Conservar no significa congelar, sino reinterpretar preservando los valores de un lugar, entre los que la vetustez destaca. Y el bucle en realidad no existe, la demolici\u00f3n siempre es una excepci\u00f3n, lo mismo que la reconstrucci\u00f3n. La ciudad ha sido muy laxa con los precedentes y a algunos les parece l\u00edcito demoler, derribar y recrear una ficci\u00f3n de lo que fue. <\/p>\n<p class=\"v-p\"><strong>\u2013Y, por ende, cuando hablamos espec\u00edficamente de la vivienda, \u00bfdebe primar la rehabilitaci\u00f3n sobre la construcci\u00f3n nueva?<\/strong><\/p>\n<p class=\"v-p\">\u2013Ante la necesidad de vivienda la rehabilitaci\u00f3n y, en sentido m\u00e1s amplio, la intervenci\u00f3n audaz sobre los edificios existentes sin descartar reconversiones de uso ni ampliaciones, es una herramienta esencial. Rehabilitar es m\u00e1s sostenible, m\u00e1s coherente con el contexto y m\u00e1s humano. Tenemos un parque edificado ingente que necesita ponerse al d\u00eda. No se trata solo de eficiencia energ\u00e9tica o accesibilidad, que tambi\u00e9n, sino de regenerar comunidades y barrios. <\/p>\n<p class=\"v-p\"><strong>\u2013En Cantabria, \u00bfla estabilidad normativa en la ordenaci\u00f3n del territorio est\u00e1 en suspenso?<\/strong><\/p>\n<p class=\"v-p\">\u2013Perm\u00edtame la iron\u00eda, tenemos una pertinaz estabilidad normativa con decenas de municipios que no han hecho evolucionar unos planeamientos urban\u00edsticos ya obsoletos. Tambi\u00e9n est\u00e1n siendo muy &#8216;estables&#8217; el incumplimiento durante m\u00e1s de dos d\u00e9cadas de la obligaci\u00f3n de elaborar y aplicar un Plan Regional, as\u00ed como la carencia de muchos municipios de mecanismos de protecci\u00f3n del patrimonio cultural en general y edificado en particular. Creo que hay que darle a todo esto un bien pensado meneo que nos permita alcanzar una visi\u00f3n territorial compartida y duradera.<\/p>\n<p class=\"v-p\"><strong>\u2013\u00bfDir\u00eda que la del siglo XXI es una arquitectura burocratizada?<\/strong><\/p>\n<p class=\"v-p\">\u2013S\u00ed. El proceso es mucho m\u00e1s complejo, las exigencias prestacionales y documentales se han multiplicado y la carga administrativa no cede salvo para sobrecargar a los arquitectos con una responsabilidad rara vez compensada. <\/p>\n<p>\u00abEl Sardinero necesita una reflexi\u00f3n global y una ampliaci\u00f3n del Conjunto Hist\u00f3rico\u00bb <\/p>\n<p class=\"v-p\">\n\u2013\u00bfLo que demostraron actuaciones como la de la Plaza de Italia, es que El Sardinero est\u00e1 falto de una planificaci\u00f3n integral?\n<\/p>\n<p class=\"v-p\">\n\u2013Para resolver el futuro de El Sardinero hay que conocer bien y respetar su pasado. De ese modo se podr\u00e1 tanto innovar como conservar con coherencia e incluso comprender innovaciones incomprendidas. El Sardinero necesita una reflexi\u00f3n global e incluso una ampliaci\u00f3n del Conjunto Hist\u00f3rico. Se trata de conocerlo, comprenderlo y abordarlo como un todo integrador, lejos de soluciones fragmentadas que debilitan un relato que fue, y puede volver a ser, muy potente. Y, por supuesto, lejos de demoliciones del patrimonio dif\u00edciles de encajar.\n<\/p>\n<p class=\"v-p\">\n\u2013\u00bfC\u00f3mo valora esa ciudad-mirador, de Faro Santander al Palacio de Festivales?\n<\/p>\n<p class=\"v-p\">\n\u2013Me parece algo natural que en una ciudad que ya es mirador en su paisaje se tienda a llevar ese concepto a sus edificios. El mirar y admirar nuestro entorno me parece que forma parte de nuestra identidad, unas veces bajo la f\u00f3rmula del hechizo que embelesa, y otras con las altas miras que ven en el paisaje una din\u00e1mica puerta de entrada y salida al mundo.\n<\/p>\n<p class=\"v-p\">\n\u2013\u00bfSantander es una ciudad deslavazada, donde unas zonas parecen ignorar a las otras?\n<\/p>\n<p class=\"v-p\">\n\u2013Santander es una realidad urbana compleja y fascinante. Su propia configuraci\u00f3n f\u00edsica y confines, una historia rica en auges, decadencias, destrucciones y reconstrucciones y la convivencia de administraciones soberanas, con objetivos a priori divergentes como el Ayuntamiento, el Puerto o Costas, la han cincelado a lo largo del tiempo de tal modo que s\u00ed, existen varios &#8216;Santanderes&#8217; en uno que apenas se miran. Ese es nuestro h\u00e1bitat .\n<\/p>\n<p class=\"v-p\">\n\u2013\u00bfQu\u00e9 opina de la subida de precios de la vivienda p\u00fablica para hacer atractiva la construcci\u00f3n de VPO a la iniciativa privada?\n<\/p>\n<p class=\"v-p\">      \u2013El coste ha subido considerablemente en los \u00faltimos a\u00f1os, como consecuencia, entre otros, tanto de la sofisticaci\u00f3n creciente exigida a los edificios como del aumento de precio de los materiales. Y este aumento afecta a todas las viviendas, a las p\u00fablicas y a las privadas. Si se quiere contar con el sector privado hay que hacer que su implicaci\u00f3n sea rentable y para eso se ha optado por aumentar el precio m\u00e1ximo de venta de las viviendas protegidas. Otra opci\u00f3n habr\u00eda sido hacerlo v\u00eda presupuestos. Si bien esta medida paliar\u00e1 la oferta para el sector de poblaci\u00f3n que pueda asumir la subida, dificultar\u00e1 a la vez el mismo a una porci\u00f3n creciente de la poblaci\u00f3n para la que ser\u00e1 preciso abordar soluciones directamente desde lo p\u00fablico. La Administraci\u00f3n tiene que ser parte activa, no solo \u00e1rbitro.<\/p>\n","protected":false},"excerpt":{"rendered":"El santanderino Rom\u00e1n San Emeterio Pedraja (1970) lleva apenas a\u00f1o y medio al frente del Colegio Oficial de&hellip;\n","protected":false},"author":2,"featured_media":226358,"comment_status":"","ping_status":"","sticky":false,"template":"","format":"standard","meta":{"footnotes":""},"categories":[173],"tags":[229,233,231,230,8404,55408,59713,232,234,146,147,25,24,59714,2082,2707,23,16578],"class_list":{"0":"post-226357","1":"post","2":"type-post","3":"status-publish","4":"format-standard","5":"has-post-thumbnail","7":"category-arte-y-diseno","8":"tag-arte","9":"tag-arte-y-diseno","10":"tag-arts","11":"tag-arts-and-design","12":"tag-ciudadania","13":"tag-creativo","14":"tag-desaprovechado","15":"tag-design","16":"tag-diseno","17":"tag-entertainment","18":"tag-entretenimiento","19":"tag-es","20":"tag-espana","21":"tag-implicar","22":"tag-oportunidad","23":"tag-racing","24":"tag-spain","25":"tag-talento"},"share_on_mastodon":{"url":"https:\/\/pubeurope.com\/@es\/115518591701625961","error":""},"_links":{"self":[{"href":"https:\/\/www.europesays.com\/es\/wp-json\/wp\/v2\/posts\/226357","targetHints":{"allow":["GET"]}}],"collection":[{"href":"https:\/\/www.europesays.com\/es\/wp-json\/wp\/v2\/posts"}],"about":[{"href":"https:\/\/www.europesays.com\/es\/wp-json\/wp\/v2\/types\/post"}],"author":[{"embeddable":true,"href":"https:\/\/www.europesays.com\/es\/wp-json\/wp\/v2\/users\/2"}],"replies":[{"embeddable":true,"href":"https:\/\/www.europesays.com\/es\/wp-json\/wp\/v2\/comments?post=226357"}],"version-history":[{"count":0,"href":"https:\/\/www.europesays.com\/es\/wp-json\/wp\/v2\/posts\/226357\/revisions"}],"wp:featuredmedia":[{"embeddable":true,"href":"https:\/\/www.europesays.com\/es\/wp-json\/wp\/v2\/media\/226358"}],"wp:attachment":[{"href":"https:\/\/www.europesays.com\/es\/wp-json\/wp\/v2\/media?parent=226357"}],"wp:term":[{"taxonomy":"category","embeddable":true,"href":"https:\/\/www.europesays.com\/es\/wp-json\/wp\/v2\/categories?post=226357"},{"taxonomy":"post_tag","embeddable":true,"href":"https:\/\/www.europesays.com\/es\/wp-json\/wp\/v2\/tags?post=226357"}],"curies":[{"name":"wp","href":"https:\/\/api.w.org\/{rel}","templated":true}]}}