{"id":226373,"date":"2025-11-09T07:45:11","date_gmt":"2025-11-09T07:45:11","guid":{"rendered":"https:\/\/www.europesays.com\/es\/226373\/"},"modified":"2025-11-09T07:45:11","modified_gmt":"2025-11-09T07:45:11","slug":"un-tornado-en-el-sur-de-brasil-deja-cinco-muertos-y-mas-de-430-heridos-internacional","status":"publish","type":"post","link":"https:\/\/www.europesays.com\/es\/226373\/","title":{"rendered":"Un tornado en el sur de Brasil deja cinco muertos y m\u00e1s de 430 heridos | Internacional"},"content":{"rendered":"<p class=\"loc\">Madrid<\/p>\n<p>Al menos cinco personas han muerto y m\u00e1s de 430 han resultado heridas a causa de un tornado en Rio Bonito do Igua\u00e7u, en el estado de Paran\u00e1, situado en el sur de Brasil, seg\u00fan han informado este s\u00e1bado las autoridades, que han advertido de que la cifra de v\u00edctimas podr\u00eda aumentar en las pr\u00f3ximas horas.<\/p>\n<p>M\u00e1s informaci\u00f3n<\/p>\n<p>Las autoridades locales han se\u00f1alado que una treintena de personas presentan heridas graves o moderadas, mientras que cientos m\u00e1s sufren lesiones leves. Los fuertes vientos registrados en la zona alcanzaron r\u00e1fagas de entre 180 y 250 kil\u00f3metros por hora, seg\u00fan datos de la cadena de televisi\u00f3n G1.<\/p>\n<p>Asimismo, han alertado sobre el riesgo de ca\u00edda de \u00e1rboles, que tambi\u00e9n han provocado da\u00f1os en viviendas y otras propiedades. El gobernador de Paran\u00e1, Ratinho Junior, ha indicado en un comunicado que las fuerzas de seguridad se encuentran \u00abmovilizadas\u00bb y \u00aben alerta\u00bb para asistir a la poblaci\u00f3n en las \u00e1reas m\u00e1s afectadas.<\/p>\n<p>El presidente de Brasil ha puesto en marcha un operativo de emergencia<\/p>\n<p>Por su parte, el presidente de Brasil, Luiz In\u00e1cio Lula da Silva, ha expresado sus condolencias en redes sociales y ha anunciado la puesta en marcha de un operativo de emergencia encabezado por la ministra de Relaciones Institucionales, Gleisi Hoffmann.<\/p>\n<p>\u00abQuiero expresar mis m\u00e1s sentidas condolencias a todas las familias que perdieron seres queridos en el tornado de Rio Bonito do Igua\u00e7u y Guarapuava, Paran\u00e1, y ofrecer mi solidaridad a todos los afectados\u00bb, ha escrito Lula en su cuenta de X.<\/p>\n<blockquote class=\"twitter-tweet\">\n<p lang=\"pt\" dir=\"ltr\">Quero expressar meu profundo sentimento a todas as fam\u00edlias que perderam seus entes queridos no tornado em Rio Bonito do Igua\u00e7u e em Guarapuava, no Paran\u00e1. E prestar minha solidariedade a todas as pessoas que foram afetadas.<\/p>\n<p>Uma equipe liderada pela ministra Gleisi Hoffmann,\u2026<\/p>\n<p>\u2014 Lula (@LulaOficial) <a href=\"https:\/\/twitter.com\/LulaOficial\/status\/1987154831195193557?ref_src=twsrc%5Etfw\" rel=\"nofollow noopener\" target=\"_blank\">November 8, 2025<\/a><\/p><\/blockquote>\n<p>En el marco de esta crisis, Hoffmann liderar\u00e1 un equipo \u00abintegrado por representantes de los Ministerios de Salud e Integraci\u00f3n y Desarrollo Regional\u00bb, que ya se dirige a la regi\u00f3n.<\/p>\n<p>Adem\u00e1s, t\u00e9cnicos de la Defensa Civil Nacional, especializados en ayuda humanitaria y reconstrucci\u00f3n, se desplazan hacia las ciudades afectadas, mientras profesionales del Sistema \u00danico de Salud (SUS) brindar\u00e1n asistencia tanto a la poblaci\u00f3n como a los equipos del gobierno de Paran\u00e1 que participan en las labores de rescate y atenci\u00f3n a las v\u00edctimas.<\/p>\n<blockquote class=\"twitter-tweet\">\n<p lang=\"en\" dir=\"ltr\">Daylight reveals horrific destruction in Rio Bonito do Igua\u00e7u, Brazil \u2014 a municipality of nearly 15,000 that took a direct hit from a violent tornado just hours ago. At least 5 people are dead and dozens more injured. <a href=\"https:\/\/t.co\/XXFAymiWHb\" rel=\"nofollow\">pic.twitter.com\/XXFAymiWHb<\/a><\/p>\n<p>\u2014 Nahel Belgherze (@WxNB_) <a href=\"https:\/\/twitter.com\/WxNB_\/status\/1987120138135482600?ref_src=twsrc%5Etfw\" rel=\"nofollow noopener\" target=\"_blank\">November 8, 2025<\/a><\/p><\/blockquote>\n<p><script async src=\"https:\/\/platform.twitter.com\/widgets.js\" charset=\"utf-8\"><\/script><\/p>\n","protected":false},"excerpt":{"rendered":"Madrid Al menos cinco personas han muerto y m\u00e1s de 430 han resultado heridas a causa de un&hellip;\n","protected":false},"author":2,"featured_media":226374,"comment_status":"","ping_status":"","sticky":false,"template":"","format":"standard","meta":{"footnotes":""},"categories":[42],"tags":[34997,17,18,59717,13,14,11,61,62,63,64,19,20,59718,9,10,15,16,12,21,22,65,66,67],"class_list":{"0":"post-226373","1":"post","2":"type-post","3":"status-publish","4":"format-standard","5":"has-post-thumbnail","7":"category-internacional","8":"tag-accidents","9":"tag-breaking-news","10":"tag-breakingnews","11":"tag-disasters","12":"tag-featured-news","13":"tag-featurednews","14":"tag-headlines","15":"tag-internacional","16":"tag-international","17":"tag-international-news","18":"tag-internationalnews","19":"tag-latest-news","20":"tag-latestnews","21":"tag-natural-catastrophes","22":"tag-news","23":"tag-noticias","24":"tag-noticias-destacadas","25":"tag-noticiasdestacadas","26":"tag-titulares","27":"tag-ultimas-noticias","28":"tag-ultimasnoticias","29":"tag-world","30":"tag-world-news","31":"tag-worldnews"},"share_on_mastodon":{"url":"https:\/\/pubeurope.com\/@es\/115518631044587101","error":""},"_links":{"self":[{"href":"https:\/\/www.europesays.com\/es\/wp-json\/wp\/v2\/posts\/226373","targetHints":{"allow":["GET"]}}],"collection":[{"href":"https:\/\/www.europesays.com\/es\/wp-json\/wp\/v2\/posts"}],"about":[{"href":"https:\/\/www.europesays.com\/es\/wp-json\/wp\/v2\/types\/post"}],"author":[{"embeddable":true,"href":"https:\/\/www.europesays.com\/es\/wp-json\/wp\/v2\/users\/2"}],"replies":[{"embeddable":true,"href":"https:\/\/www.europesays.com\/es\/wp-json\/wp\/v2\/comments?post=226373"}],"version-history":[{"count":0,"href":"https:\/\/www.europesays.com\/es\/wp-json\/wp\/v2\/posts\/226373\/revisions"}],"wp:featuredmedia":[{"embeddable":true,"href":"https:\/\/www.europesays.com\/es\/wp-json\/wp\/v2\/media\/226374"}],"wp:attachment":[{"href":"https:\/\/www.europesays.com\/es\/wp-json\/wp\/v2\/media?parent=226373"}],"wp:term":[{"taxonomy":"category","embeddable":true,"href":"https:\/\/www.europesays.com\/es\/wp-json\/wp\/v2\/categories?post=226373"},{"taxonomy":"post_tag","embeddable":true,"href":"https:\/\/www.europesays.com\/es\/wp-json\/wp\/v2\/tags?post=226373"}],"curies":[{"name":"wp","href":"https:\/\/api.w.org\/{rel}","templated":true}]}}