{"id":226379,"date":"2025-11-09T07:52:14","date_gmt":"2025-11-09T07:52:14","guid":{"rendered":"https:\/\/www.europesays.com\/es\/226379\/"},"modified":"2025-11-09T07:52:14","modified_gmt":"2025-11-09T07:52:14","slug":"carlos-alcaraz-alex-de-minaur-horario-y-donde-ver-el-debut-en-las-atp-finals","status":"publish","type":"post","link":"https:\/\/www.europesays.com\/es\/226379\/","title":{"rendered":"Carlos Alcaraz &#8211; Alex de Mi\u00f1aur: horario y d\u00f3nde ver el debut en las ATP Finals"},"content":{"rendered":"<p class=\"paragraph\">La <b>Copa de Maestros<\/b> ya est\u00e1 aqu\u00ed y Carlos Alcaraz ha aterrizado en Tur\u00edn con el objetivo de ganar el torneo y acabar el a\u00f1o como n\u00famero uno del mundo, condici\u00f3n que conseguir\u00e1 si suma, como m\u00ednimo, 450 puntos en la cita que se juega en tierras transalpinas.<\/p>\n<p class=\"paragraph\">Por lo tanto, el deseo de <b>Carlitos Alcaraz<\/b> no es otro que hacer una gran actuaci\u00f3n en una superficie (la indoor), que no se le da especialmente bien y en la que s\u00f3lo ha sido capaz de ganar un t\u00edtulo, el conseguido en R\u00f3terdam a principios de a\u00f1o. Pero para llegar a la gran final, el murciano deber\u00e1 de superar los cuatro obst\u00e1culos que aparezcan por el camino en la Copa de Maestros.<\/p>\n<p class=\"paragraph\">La primera parada del tenista murciano en la Copa de Maestros ser\u00e1 <b>Alex de Mi\u00f1aur.<\/b> El australiano, de 26 a\u00f1os y 7\u00ba en el ranking ATP, es un viejo conocido para el actual n\u00famero uno del mundo, puesto que ya se han enfrentado varias veces en los \u00faltimos a\u00f1os.<\/p>\n<p class=\"paragraph\">La de este domingo ser\u00e1 la quinta vez que espa\u00f1ol y brit\u00e1nico se vean las caras en un torneo oficial. Y, por el momento, el cara a cara lo domina Alcaraz por 4-0. El \u00faltimo duelo entre ambos se produjo en los cuartos de final del <b>Conde de God\u00f3 <\/b>de este a\u00f1o. Sin embargo, esta ser\u00e1 la segunda vez que se enfrenten en indoor, una superficie en la que De Mi\u00f1aur se siente especialmente c\u00f3modo.<\/p>\n<p>\u00bfCu\u00e1ndo es el partido?<\/p>\n<p class=\"paragraph\">El primer partido del grupo Jimmy Connors entre Carlos Alcaraz y Alex de Mi\u00f1aur tendr\u00e1 lugar en la pista central del Inalpi Arena de Tur\u00edn este <b>domingo 9 de noviembre.<\/b><\/p>\n<p>\u00bfCu\u00e1l es el horario?<\/p>\n<p class=\"paragraph\">Carlos Alcaraz y Alex de Mi\u00f1aur se ver\u00e1n las caras este domingo 9 de noviembre a las<b> 14:00 hora peninsular espa\u00f1ola<\/b> (una menos en el Reino Unido y en las Islas Canarias), pues el partido corresponde al primer turno de la sesi\u00f3n inaugural de la Copa de Maestros.<\/p>\n<p>\u00bfD\u00f3nde ver el partido?<\/p>\n<p class=\"paragraph\">Los derechos de las Nitto ATP Finals, tal y como se conoce oficialmente este torneo, los tiene <b>Movistar<\/b>. Por tanto, esa plataforma es la que emitir\u00e1 la Copa de Maestros en exclusiva. El partido se podr\u00e1 ver a trav\u00e9s del canal Movistar Deportes 2 (dial 64).<\/p>\n","protected":false},"excerpt":{"rendered":"La Copa de Maestros ya est\u00e1 aqu\u00ed y Carlos Alcaraz ha aterrizado en Tur\u00edn con el objetivo de&hellip;\n","protected":false},"author":2,"featured_media":226380,"comment_status":"","ping_status":"","sticky":false,"template":"","format":"standard","meta":{"footnotes":""},"categories":[274],"tags":[168,25,24,23,167,327,326],"class_list":{"0":"post-226379","1":"post","2":"type-post","3":"status-publish","4":"format-standard","5":"has-post-thumbnail","7":"category-tenis","8":"tag-deportes","9":"tag-es","10":"tag-espana","11":"tag-spain","12":"tag-sports","13":"tag-tenis","14":"tag-tennis"},"share_on_mastodon":{"url":"https:\/\/pubeurope.com\/@es\/115518658539004504","error":""},"_links":{"self":[{"href":"https:\/\/www.europesays.com\/es\/wp-json\/wp\/v2\/posts\/226379","targetHints":{"allow":["GET"]}}],"collection":[{"href":"https:\/\/www.europesays.com\/es\/wp-json\/wp\/v2\/posts"}],"about":[{"href":"https:\/\/www.europesays.com\/es\/wp-json\/wp\/v2\/types\/post"}],"author":[{"embeddable":true,"href":"https:\/\/www.europesays.com\/es\/wp-json\/wp\/v2\/users\/2"}],"replies":[{"embeddable":true,"href":"https:\/\/www.europesays.com\/es\/wp-json\/wp\/v2\/comments?post=226379"}],"version-history":[{"count":0,"href":"https:\/\/www.europesays.com\/es\/wp-json\/wp\/v2\/posts\/226379\/revisions"}],"wp:featuredmedia":[{"embeddable":true,"href":"https:\/\/www.europesays.com\/es\/wp-json\/wp\/v2\/media\/226380"}],"wp:attachment":[{"href":"https:\/\/www.europesays.com\/es\/wp-json\/wp\/v2\/media?parent=226379"}],"wp:term":[{"taxonomy":"category","embeddable":true,"href":"https:\/\/www.europesays.com\/es\/wp-json\/wp\/v2\/categories?post=226379"},{"taxonomy":"post_tag","embeddable":true,"href":"https:\/\/www.europesays.com\/es\/wp-json\/wp\/v2\/tags?post=226379"}],"curies":[{"name":"wp","href":"https:\/\/api.w.org\/{rel}","templated":true}]}}