{"id":226381,"date":"2025-11-09T07:55:09","date_gmt":"2025-11-09T07:55:09","guid":{"rendered":"https:\/\/www.europesays.com\/es\/226381\/"},"modified":"2025-11-09T07:55:09","modified_gmt":"2025-11-09T07:55:09","slug":"el-cob-gana-al-cartagena-sin-salirse-del-guion-previsto-91-65","status":"publish","type":"post","link":"https:\/\/www.europesays.com\/es\/226381\/","title":{"rendered":"El COB gana al Cartagena sin salirse del gui\u00f3n previsto (91-65)"},"content":{"rendered":"<p class=\"paragraph-atom &#10;        B-500-500-700-N B-600-500-700-N--md  \"><strong>Cuarta victoria del<\/strong><a href=\"https:\/\/www.laregion.es\/temas\/cob\/\" rel=\"nofollow noopener\" target=\"_blank\"><strong> COB <\/strong><\/a><strong>en la Primera FEB<\/strong>. Importante para marcar distancia con el s\u00f3tano de la competici\u00f3n y vivir con tranquilidad la semana.<\/p>\n<p class=\"paragraph-atom &#10;        B-500-500-700-N B-600-500-700-N--md  \"><strong>El gui\u00f3n estaba escrito, pero hab\u00eda que desarrollarlo.<\/strong> El Cartagena de los ex F\u00e9lix Alonso y Alberto Mar\u00edn, y del exNBA V\u00edctor Faverani, es hoy inferior, libra por libra, al equipo de Moncho L\u00f3pez. Se comprob\u00f3 en un partido de Copa y hab\u00eda que confirmarlo en la liga.<\/p>\n<p class=\"paragraph-atom &#10;        B-500-500-700-N B-600-500-700-N--md  \">Quiz\u00e1 por esa idea en mente, <strong>la entrada fue menor que en partidos anteriores. Con un Pazo muy relajado. Quiz\u00e1 por ello los de Moncho L\u00f3pez tambi\u00e9n comenzaron perezosos<\/strong>. Sin la intensidad y el vigor mostrados semana atr\u00e1s contra el Menorca. Con esa sensaci\u00f3n de verse ganador antes de jugar.<\/p>\n<p class=\"paragraph-atom &#10;        B-500-500-700-N B-600-500-700-N--md  \"><strong>No fue dif\u00edcil marcar la primera diferencia (11-3, minuto 4) con arreones defensivos,<\/strong> un amago de presi\u00f3n y ganas de correr locales, mientras el t\u00e9cnico F\u00e9lix Alonso cambiaba jugadores y buscaba algo que ponerse de su armario.<\/p>\n<p class=\"paragraph-atom &#10;        B-500-500-700-N B-600-500-700-N--md  \">La acumulaci\u00f3n de faltas personales -cambios imprevistos- y el desperdicio de muchos tiros libres impidieron que la diferencia superase los 10 al final del primer cuarto (24-15).<\/p>\n<p class=\"paragraph-atom &#10;        B-500-500-700-N B-600-500-700-N--md  \"><strong>No fue complicado ampliar la distancia. En el minuto 14 Rafa Lisboa tom\u00f3 el mando, dirigiendo, asistiendo y anotando 8 puntos seguidos<\/strong>, bien secundado por su guardia pretoriana, con ganas de atrapar rebotes ofensivos y robar balones en primera l\u00ednea.<\/p>\n<p class=\"paragraph-atom &#10;        B-500-500-700-N B-600-500-700-N--md  \"><strong>La diferencia se estir\u00f3 hasta los 14 puntos (49-35) con Lisboa muy inspirado<\/strong>, pero el partido entr\u00f3 en una fase de estancamiento. Ni arre ni so. Ni el COB consegu\u00eda romperlo ni el Cartagena tiraba la toalla. Al primero no le serv\u00eda para satisfacer al p\u00fablico, ni al segundo para competir. <\/p>\n<p class=\"paragraph-atom &#10;        B-500-500-700-N B-600-500-700-N--md  \"><strong>Sin emoci\u00f3n ni incertidumbre, las apuestas consist\u00edan en cu\u00e1ndo los de Moncho L\u00f3pez sentenciar\u00edan el encuentro. Fue en el tercer cuarto<\/strong>. Lisboa recuper\u00f3 el camino hacia el aro, y McDonnell -a quien es dif\u00edcil encontrar un defecto en su juego- actu\u00f3 de desatascador en los momentos de duda. El tr\u00edo integrado por Isaac V\u00e1zquez y los Martines -Iglesias y Fern\u00e1ndez- aportaron el empuje de la juventud, bien completados por Smith -por fin sin alergia a la zona azul- J\u00fcrguens y Kalscheur.<\/p>\n<p class=\"paragraph-atom &#10;        B-500-500-700-N B-600-500-700-N--md  \">Un COB en bloque -salvo los \u2018solos\u2019 de Mart\u00edn Fern\u00e1ndez- marc\u00f3 pista de por medio, con una ventaja ya insuperable al final del tercer acto (73-57) mientras F\u00e9lix Alonso se desesperaba por la falta de \u00bfcalidad? \u00bfactitud? \u00bfacierto? de sus jugadores. Necesitar\u00e1 mucho trabajo en astillero para mejorar rendimiento y resultados en el futuro.<\/p>\n<p class=\"paragraph-atom &#10;        B-500-500-700-N B-600-500-700-N--md  \"><strong>Decidido el ganador, el COB comenz\u00f3 a gustarse ante el espejo. A tal desfile s\u00f3lo faltaba Romaro Gill. El p\u00edvot jamaicano tuvo un prometedor inicio, con una canasta y un tap\u00f3<\/strong>n. Despu\u00e9s, como acostumbra, la r\u00e1pida acumulaci\u00f3n de faltas personales le condenaron, no al banquillo, sino a una bicicleta est\u00e1tica al lado de sus compa\u00f1eros. Despu\u00e9s de no menos de tres puertos de monta\u00f1a, Romaro volvi\u00f3 con ganas de comerse el aro y terminar con buen sabor de boca. <\/p>\n<p class=\"paragraph-atom &#10;        B-500-500-700-N B-600-500-700-N--md  \"><strong>El COB necesita todo su potencial para mejorar y aspirar a mayores retos. El calendario es propicio y la pr\u00f3xima semana viajan a Mallor<\/strong>ca, donde se enfrentar\u00e1n al otro equipo de la isla.<\/p>\n<p>\n        Relacionado\n    <\/p>\n","protected":false},"excerpt":{"rendered":"Cuarta victoria del COB en la Primera FEB. Importante para marcar distancia con el s\u00f3tano de la competici\u00f3n&hellip;\n","protected":false},"author":2,"featured_media":226382,"comment_status":"","ping_status":"","sticky":false,"template":"","format":"standard","meta":{"footnotes":""},"categories":[269],"tags":[15602,43577,299,298,4995,22068,168,25,24,59720,23,167],"class_list":{"0":"post-226381","1":"post","2":"type-post","3":"status-publish","4":"format-standard","5":"has-post-thumbnail","7":"category-baloncesto","8":"tag-15602","9":"tag-43577","10":"tag-baloncesto","11":"tag-basketball","12":"tag-cartagena","13":"tag-cob","14":"tag-deportes","15":"tag-es","16":"tag-espana","17":"tag-magosto","18":"tag-spain","19":"tag-sports"},"share_on_mastodon":{"url":"https:\/\/pubeurope.com\/@es\/115518670554253054","error":""},"_links":{"self":[{"href":"https:\/\/www.europesays.com\/es\/wp-json\/wp\/v2\/posts\/226381","targetHints":{"allow":["GET"]}}],"collection":[{"href":"https:\/\/www.europesays.com\/es\/wp-json\/wp\/v2\/posts"}],"about":[{"href":"https:\/\/www.europesays.com\/es\/wp-json\/wp\/v2\/types\/post"}],"author":[{"embeddable":true,"href":"https:\/\/www.europesays.com\/es\/wp-json\/wp\/v2\/users\/2"}],"replies":[{"embeddable":true,"href":"https:\/\/www.europesays.com\/es\/wp-json\/wp\/v2\/comments?post=226381"}],"version-history":[{"count":0,"href":"https:\/\/www.europesays.com\/es\/wp-json\/wp\/v2\/posts\/226381\/revisions"}],"wp:featuredmedia":[{"embeddable":true,"href":"https:\/\/www.europesays.com\/es\/wp-json\/wp\/v2\/media\/226382"}],"wp:attachment":[{"href":"https:\/\/www.europesays.com\/es\/wp-json\/wp\/v2\/media?parent=226381"}],"wp:term":[{"taxonomy":"category","embeddable":true,"href":"https:\/\/www.europesays.com\/es\/wp-json\/wp\/v2\/categories?post=226381"},{"taxonomy":"post_tag","embeddable":true,"href":"https:\/\/www.europesays.com\/es\/wp-json\/wp\/v2\/tags?post=226381"}],"curies":[{"name":"wp","href":"https:\/\/api.w.org\/{rel}","templated":true}]}}