{"id":226387,"date":"2025-11-09T07:58:15","date_gmt":"2025-11-09T07:58:15","guid":{"rendered":"https:\/\/www.europesays.com\/es\/226387\/"},"modified":"2025-11-09T07:58:15","modified_gmt":"2025-11-09T07:58:15","slug":"san-marcos-con-ojos-de-castor","status":"publish","type":"post","link":"https:\/\/www.europesays.com\/es\/226387\/","title":{"rendered":"San Marcos con ojos de C\u00e1stor"},"content":{"rendered":"<p class=\"ft-text ft-helper-closenews\">El convento de San Marcos de Le\u00f3n acogi\u00f3 all\u00e1 por 2022 la exposici\u00f3n <strong>\u00abC\u00e1stor Gonz\u00e1lez y el campo de concentraci\u00f3n de San Marcos\u00bb, que muestra fondos del artista avilesino cedidos por la familia y depositados en el Museo de la Historia Urbana de Avil\u00e9s (MHUA)<\/strong>. Ahora esta exposici\u00f3n se puede visitar en Avil\u00e9s, en el <strong>Palacio de Valdecarzana<\/strong>. La muestra est\u00e1 ligada al programa cultural del XII Encuentro Internacional sobre las investigaciones del Franquismo. Participaron, este s\u00e1bado, en la inauguraci\u00f3n, To\u00f1o Huerta, de la Fundaci\u00f3n Juan Mu\u00f1iz Zapico; C\u00e1stor Gonz\u00e1lez, nieto del m\u00fasico y dibujante avilesino prisionero en el campo de concentraci\u00f3n de Le\u00f3n durante la guerra civil y tambi\u00e9n Rub\u00e9n Dom\u00ednguez, historiador y comisario de la muestra. Estuvo tambi\u00e9n <strong>la concejala Ana Sol\u00eds, concejala de Memoria Democr\u00e1tica<\/strong>, que record\u00f3 a su abuelo y parafrase\u00f3 a Evaristo, el de \u00abLa Polla Records\u00bb con su: \u00abSomos los nietos de los que perdieron la Guerra Civil\u00bb. <strong>Aprovech\u00f3 el acto tambi\u00e9n para hacer una arenga: \u00abFrente al fascismo y frente a la intolerancia, ning\u00fan paso atr\u00e1s\u00bb. <\/strong><\/p>\n<p class=\"ft-text\">De su abuelo habl\u00f3 tambi\u00e9n<a class=\"ft-link ft-link--decoration\" href=\"https:\/\/www.lne.es\/aviles\/2025\/06\/18\/aviles-llora-castor-gonzalez-memoria-118736448.html\" rel=\"nofollow noopener\" target=\"_blank\"> \u00abC\u00e1stor.8\u00bb, como llamaron ayer con cari\u00f1o al nieto de C\u00e1stor Gonz\u00e1lez \u00c1lvarez (Avil\u00e9s, 1913-2001)<\/a>, alistado en el ej\u00e9rcito republicano durante la guerra civil. Pas\u00f3 varios a\u00f1os de condena en el campo de concentraci\u00f3n de San Marcos y a pesar de las duras condiciones de vida del mismo, ejerci\u00f3 su innegable vena art\u00edstica, tanto en las artes pict\u00f3ricas como en las musicales. <strong>El joven C\u00e1stor invit\u00f3 a recordar. \u00abMi abuelo perdi\u00f3 en sus \u00faltimos a\u00f1os los recuerdos, sufri\u00f3 alzh\u00e9imer. En mi casa me contaron que una vez, al levantarlo de una silla entre dos personas, cogido de la sisa, atin\u00f3 a decir: \u2018\u00a1soltadme, yo no he hecho nada!\u2019 \u00bfQu\u00e9 no llegar\u00eda a pasar para tener ese recuerdo en ese momento?. Es importante seguir recordando\u00bb, dijo el nieto del artista avilesino. <\/strong><\/p>\n<p class=\"ft-text\">Estuvo tambi\u00e9n <strong>To\u00f1o Huerta, de la Fundaci\u00f3n Juan Mu\u00f1iz Zapico<\/strong>, que agradeci\u00f3 su colaboraci\u00f3n a unos y otros. Tambi\u00e9n <strong>Rub\u00e9n Dom\u00ednguez, comisario de la exposici\u00f3n e integrante del Centro de Estudios Alfoz de Gauz\u00f3n, entidad que esta misma semana ha terminado de catalogar la biblioteca de C\u00e1stor Gonzalez <\/strong>donada por su familia a principios de a\u00f1o.<\/p>\n<p class=\"ft-text\">En la muestra del Valdecarzana hay paneles con textos y vitrinas con pinturas, postales de \u00abMarquitos\u00bb, el personaje creado por C\u00e1stor en el penal de San Marcos o un blog de dibujo que responde a las inquietudes art\u00edsticas de C\u00e1stor Gonz\u00e1lez y que es tambi\u00e9n un espejo de lo que vivi\u00f3 y c\u00f3mo en aquel campo de concentraci\u00f3n de Le\u00f3n. La muestra se podr\u00e1 visitar hasta finales de mes en el Valdecarzana.<\/p>\n<p data-close=\"closedContent\" class=\"subscribeHideForDisplay\">Suscr\u00edbete para seguir leyendo<\/p>\n","protected":false},"excerpt":{"rendered":"El convento de San Marcos de Le\u00f3n acogi\u00f3 all\u00e1 por 2022 la exposici\u00f3n \u00abC\u00e1stor Gonz\u00e1lez y el campo&hellip;\n","protected":false},"author":2,"featured_media":226388,"comment_status":"","ping_status":"","sticky":false,"template":"","format":"standard","meta":{"footnotes":""},"categories":[173],"tags":[229,233,231,230,59721,232,234,146,147,25,24,2003,3618,4108,14144,2634,2228,23],"class_list":{"0":"post-226387","1":"post","2":"type-post","3":"status-publish","4":"format-standard","5":"has-post-thumbnail","7":"category-arte-y-diseno","8":"tag-arte","9":"tag-arte-y-diseno","10":"tag-arts","11":"tag-arts-and-design","12":"tag-castor","13":"tag-design","14":"tag-diseno","15":"tag-entertainment","16":"tag-entretenimiento","17":"tag-es","18":"tag-espana","19":"tag-exposicion","20":"tag-guerra-civil","21":"tag-leon","22":"tag-marcos","23":"tag-ojos","24":"tag-san","25":"tag-spain"},"share_on_mastodon":{"url":"https:\/\/pubeurope.com\/@es\/115518682122544402","error":""},"_links":{"self":[{"href":"https:\/\/www.europesays.com\/es\/wp-json\/wp\/v2\/posts\/226387","targetHints":{"allow":["GET"]}}],"collection":[{"href":"https:\/\/www.europesays.com\/es\/wp-json\/wp\/v2\/posts"}],"about":[{"href":"https:\/\/www.europesays.com\/es\/wp-json\/wp\/v2\/types\/post"}],"author":[{"embeddable":true,"href":"https:\/\/www.europesays.com\/es\/wp-json\/wp\/v2\/users\/2"}],"replies":[{"embeddable":true,"href":"https:\/\/www.europesays.com\/es\/wp-json\/wp\/v2\/comments?post=226387"}],"version-history":[{"count":0,"href":"https:\/\/www.europesays.com\/es\/wp-json\/wp\/v2\/posts\/226387\/revisions"}],"wp:featuredmedia":[{"embeddable":true,"href":"https:\/\/www.europesays.com\/es\/wp-json\/wp\/v2\/media\/226388"}],"wp:attachment":[{"href":"https:\/\/www.europesays.com\/es\/wp-json\/wp\/v2\/media?parent=226387"}],"wp:term":[{"taxonomy":"category","embeddable":true,"href":"https:\/\/www.europesays.com\/es\/wp-json\/wp\/v2\/categories?post=226387"},{"taxonomy":"post_tag","embeddable":true,"href":"https:\/\/www.europesays.com\/es\/wp-json\/wp\/v2\/tags?post=226387"}],"curies":[{"name":"wp","href":"https:\/\/api.w.org\/{rel}","templated":true}]}}