{"id":226391,"date":"2025-11-09T08:01:31","date_gmt":"2025-11-09T08:01:31","guid":{"rendered":"https:\/\/www.europesays.com\/es\/226391\/"},"modified":"2025-11-09T08:01:31","modified_gmt":"2025-11-09T08:01:31","slug":"journey-anuncia-su-gira-de-despedida-adios-a-unos-adalides-del-rock-melodico","status":"publish","type":"post","link":"https:\/\/www.europesays.com\/es\/226391\/","title":{"rendered":"Journey anuncia su gira de despedida: adi\u00f3s a unos adalides del rock mel\u00f3dico"},"content":{"rendered":"<p data-start=\"88\" data-end=\"422\">Ya lo dec\u00edan en 1983 \u201cHere we stand\u201d, con su cl\u00e1sico <strong data-start=\"153\" data-end=\"187\">\u201cSeparate Ways (Worlds Apart)\u201d<\/strong>. Lo que quiz\u00e1 no se imaginaban es que, m\u00e1s de 40 a\u00f1os despu\u00e9s, podr\u00edan decir bien alto \u201caqu\u00ed estamos\u201d. Los legendarios rockeros <a target=\"_blank\" href=\"https:\/\/journeymusic.com\/?srsltid=AfmBOor5uhAI_c4aM7uGn2FVBEEnus7MCDvBnucWe5vX5T5lr6I3J65Y\" rel=\"nofollow noopener\"><strong data-start=\"316\" data-end=\"327\">Journey<\/strong><\/a> han anunciado su gira de despedida <strong data-start=\"363\" data-end=\"383\">\u201cFinal Frontier\u201d<\/strong>, que comenzar\u00e1 a principios de 2026.<\/p>\n<p data-start=\"424\" data-end=\"646\">Presentada por <strong data-start=\"439\" data-end=\"455\">AEG Presents<\/strong>, la primera etapa del tour ser\u00e1 por <strong data-start=\"492\" data-end=\"508\">Norteam\u00e9rica<\/strong> y constar\u00e1 de 60 fechas, comenzando el <strong data-start=\"552\" data-end=\"593\">28 de febrero en Hershey, Pensilvania<\/strong>, y finalizando el <strong data-start=\"612\" data-end=\"643\">2 de julio en Laredo, Texas<\/strong>.<\/p>\n<p data-start=\"424\" data-end=\"646\"><strong data-start=\"648\" data-end=\"662\">Neal Schon<\/strong>, guitarrista y fundador de la banda, ha adelantado algunos detalles de este tour tan especial: \u201cEsta gira es nuestro sincero agradecimiento a los fans que nos han acompa\u00f1ado en cada paso del camino: en cada canci\u00f3n, en cada \u00e9poca, en cada alegr\u00eda y en cada tristeza. Estamos dando lo mejor de nosotros con una producci\u00f3n totalmente nueva: los \u00e9xitos, las joyas ocultas, la energ\u00eda, el espect\u00e1culo. Es una celebraci\u00f3n completa de la m\u00fasica que nos ha unido a todos\u201d.<\/p>\n<p data-start=\"1136\" data-end=\"1799\">A pesar de que la agrupaci\u00f3n dejar\u00e1 atr\u00e1s la carretera y los escenarios despu\u00e9s de \u201cFinal Frontier\u201d, Schon es consciente de que la m\u00fasica siempre formar\u00e1 parte de \u00e9l: \u201cComo miembro fundador, llevo conmigo la antorcha de Journey hasta el d\u00eda de hoy, dondequiera que vaya. El sentimiento y el esp\u00edritu de la banda siempre permanecer\u00e1n. Si bien esto marca la despedida de un cap\u00edtulo importante del viaje que hemos compartido con Journey, quiero que todos sepan que no he terminado. La m\u00fasica sigue ardiendo con fuerza dentro de m\u00ed y me esperan nuevos horizontes creativos. Esta gira es tanto un agradecimiento como el comienzo de lo que est\u00e1 por venir\u201d.<\/p>\n<p style=\"text-align: center;\" data-start=\"1136\" data-end=\"1799\"><a target=\"_blank\" href=\"https:\/\/www.europesays.com\/es\/wp-content\/uploads\/2025\/11\/journey-gira-de-despedida-web.jpg\"><img fetchpriority=\"high\" decoding=\"async\" class=\"alignnone  wp-image-375807\" src=\"https:\/\/www.europesays.com\/es\/wp-content\/uploads\/2025\/11\/journey-gira-de-despedida-web.jpg\" alt=\"\" width=\"605\" height=\"756\"  \/><\/a><\/p>\n<p data-start=\"1801\" data-end=\"2090\">Adem\u00e1s, <strong data-start=\"1809\" data-end=\"1826\">Jonathan Cain<\/strong>, teclista de larga trayectoria, reflexion\u00f3 que ha significado para la banda todos estos a\u00f1os de rock y m\u00fasica: \u201cHa sido un viaje incre\u00edble. Hemos compartido nuestra m\u00fasica con millones de personas y esta gira se trata de gratitud, conexi\u00f3n y una \u00faltima oportunidad para sentir esa magia juntos. No lo querr\u00edamos de otra manera\u201d.<\/p>\n<p data-start=\"2092\" data-end=\"2654\">La agrupaci\u00f3n ha tenido varios vocalistas a lo largo de su carrera. El m\u00e1s ic\u00f3nico y reconocido por el gran p\u00fablico fue <strong data-start=\"2213\" data-end=\"2228\">Steve Perry<\/strong>, que le dio voz a varios de sus himnos. Actualmente, <strong data-start=\"2282\" data-end=\"2298\">Arnel Pineda<\/strong> sostiene el micr\u00f3fono desde 2007, cuando fue descubierto por el propio Schon a trav\u00e9s de YouTube. El cantante ha explicado lo importante que es para \u00e9l esta gira: \u201cMe siento honrado de formar parte de este legado y estoy agradecido por haber sido recibido con los brazos abiertos. Cada noche en el escenario ha sido un sue\u00f1o hecho realidad\u201d.<\/p>\n<p data-start=\"2656\" data-end=\"2844\">Junto a Schon, Cain y Pineda, estar\u00e1n sobre el escenario el teclista y cantante <strong data-start=\"2748\" data-end=\"2766\">Jason Derlatka<\/strong>, el bater\u00eda y vocalista <strong data-start=\"2793\" data-end=\"2812\">Deen Castronovo<\/strong> y el bajista <strong data-start=\"2826\" data-end=\"2841\">Todd Jensen<\/strong>. La gira promete una noche completamente nueva y especial con producci\u00f3n esc\u00e9nica en toda Norteam\u00e9rica, con su cat\u00e1logo de \u00e9xitos mundiales que encabezan las listas, incluyendo <strong>\u201cDon\u2019t Stop Believin\u00bb, \u201cAny Way You Want It\u201d, \u201cFaithfully\u201d, \u201cLights\u201d<\/strong> y m\u00e1s, en una celebraci\u00f3n dedicada a su legado y a sus fans. Las entradas saldr\u00e1n a la venta el pr\u00f3ximo <strong data-start=\"3220\" data-end=\"3239\">14 de noviembre<\/strong>.<\/p>\n<p data-start=\"2656\" data-end=\"2844\">Cabe recordar que Marco Mendoza, bajista estadounidense de origen mexicano, colabor\u00f3 temporalmente con Journey y recientemente <a target=\"_blank\" href=\"https:\/\/mariskalrock.com\/actualidad\/el-decalogo-de-mariskal-regresa-esta-noche-con-el-imprescindible-marco-mendoza-thin-lizzy-whitesnake-journey-de-gira-por-nuestro-pais\/\" rel=\"nofollow noopener\"><strong>ha protagonizado\u00a0uno de los dec\u00e1logos<\/strong><\/a> de<strong> Mariskal Romero<\/strong> en <a target=\"_blank\" href=\"https:\/\/mariskalrock.com\/actualidad\/el-decalogo-de-mariskal-regresa-esta-noche-con-el-imprescindible-marco-mendoza-thin-lizzy-whitesnake-journey-de-gira-por-nuestro-pais\/\" rel=\"nofollow noopener\"><strong>Rock FM.<\/strong><\/a><\/p>\n<p>                         <a target=\"_blank\" href=\"http:\/\/www.mariskalrock.com\" class=\"url\" title=\"Alfonso Herreros\" rel=\"nofollow noopener\"> <img loading=\"lazy\" decoding=\"async\" alt=\"Alfonso Herreros\" src=\"https:\/\/www.europesays.com\/es\/wp-content\/uploads\/2025\/11\/1762675291_628_26c6e9bbf17d5bd012e077614c37eae6ad0f217989dda0aede0e4c1fcfe3ae72\"  class=\"avatar avatar-250 photo\" height=\"250\" width=\"250\"\/><\/a>  <a href=\"http:\/\/www.mariskalrock.com\" class=\"url\" target=\"_blank\" title=\"Alfonso Herreros\" rel=\"nofollow noopener\"><img loading=\"lazy\" decoding=\"async\" alt=\"Alfonso Herreros\" src=\"https:\/\/www.europesays.com\/es\/wp-content\/uploads\/2025\/11\/1762675291_628_26c6e9bbf17d5bd012e077614c37eae6ad0f217989dda0aede0e4c1fcfe3ae72\"  class=\"avatar avatar-250 photo\" height=\"250\" width=\"250\"\/><\/a>\u00daltimas entradas de Alfonso Herreros (<a target=\"_blank\" href=\"https:\/\/mariskalrock.com\/author\/alfonso-herreros\/\" rel=\"nofollow noopener\">ver todo<\/a>)  <\/p>\n","protected":false},"excerpt":{"rendered":"Ya lo dec\u00edan en 1983 \u201cHere we stand\u201d, con su cl\u00e1sico \u201cSeparate Ways (Worlds Apart)\u201d. Lo que quiz\u00e1&hellip;\n","protected":false},"author":2,"featured_media":226392,"comment_status":"","ping_status":"","sticky":false,"template":"","format":"standard","meta":{"footnotes":""},"categories":[170],"tags":[59722,146,147,25,24,59723,59724,52968,4622,184,185,59725,23,59726],"class_list":{"0":"post-226391","1":"post","2":"type-post","3":"status-publish","4":"format-standard","5":"has-post-thumbnail","7":"category-musica","8":"tag-arnel-pineda","9":"tag-entertainment","10":"tag-entretenimiento","11":"tag-es","12":"tag-espana","13":"tag-final-frontier","14":"tag-jonathan-cain","15":"tag-journey","16":"tag-mr2022","17":"tag-music","18":"tag-musica","19":"tag-neal-schon","20":"tag-spain","21":"tag-steve-perry"},"share_on_mastodon":{"url":"https:\/\/pubeurope.com\/@es\/115518694231093908","error":""},"_links":{"self":[{"href":"https:\/\/www.europesays.com\/es\/wp-json\/wp\/v2\/posts\/226391","targetHints":{"allow":["GET"]}}],"collection":[{"href":"https:\/\/www.europesays.com\/es\/wp-json\/wp\/v2\/posts"}],"about":[{"href":"https:\/\/www.europesays.com\/es\/wp-json\/wp\/v2\/types\/post"}],"author":[{"embeddable":true,"href":"https:\/\/www.europesays.com\/es\/wp-json\/wp\/v2\/users\/2"}],"replies":[{"embeddable":true,"href":"https:\/\/www.europesays.com\/es\/wp-json\/wp\/v2\/comments?post=226391"}],"version-history":[{"count":0,"href":"https:\/\/www.europesays.com\/es\/wp-json\/wp\/v2\/posts\/226391\/revisions"}],"wp:featuredmedia":[{"embeddable":true,"href":"https:\/\/www.europesays.com\/es\/wp-json\/wp\/v2\/media\/226392"}],"wp:attachment":[{"href":"https:\/\/www.europesays.com\/es\/wp-json\/wp\/v2\/media?parent=226391"}],"wp:term":[{"taxonomy":"category","embeddable":true,"href":"https:\/\/www.europesays.com\/es\/wp-json\/wp\/v2\/categories?post=226391"},{"taxonomy":"post_tag","embeddable":true,"href":"https:\/\/www.europesays.com\/es\/wp-json\/wp\/v2\/tags?post=226391"}],"curies":[{"name":"wp","href":"https:\/\/api.w.org\/{rel}","templated":true}]}}