{"id":226407,"date":"2025-11-09T08:18:15","date_gmt":"2025-11-09T08:18:15","guid":{"rendered":"https:\/\/www.europesays.com\/es\/226407\/"},"modified":"2025-11-09T08:18:15","modified_gmt":"2025-11-09T08:18:15","slug":"la-reinvencion-de-dani-bordignon","status":"publish","type":"post","link":"https:\/\/www.europesays.com\/es\/226407\/","title":{"rendered":"La reinvenci\u00f3n de Dani Bordignon"},"content":{"rendered":"<p>Los 24 a\u00f1os suelen ser una edad en la que un baloncestista tiene ya claro un camino profesional al que, en condiciones normales, le quedan  &#8230; muchos cap\u00edtulos. Pocos meses despu\u00e9s de haber cruzado esa misma l\u00ednea vital, a Daniel Bordignon (Toledo, Brasil, 1996) le toc\u00f3 tomar la dura decisi\u00f3n de dejar el baloncesto. Fue un paso traum\u00e1tico con mucho de amarga resignaci\u00f3n para un integrante de la cantera azulgrana que, como otros muchos, hab\u00eda llegado a la capital alavesa con 14 a\u00f1os con el sue\u00f1o de asentarse alg\u00fan d\u00eda en el primer equipo del Baskonia. Aquel anhelo qued\u00f3 sepultado en mayo de 2020, cuando anunci\u00f3 su retirada. Lo hac\u00eda despu\u00e9s de cuatro operaciones entre espalda y ambas rodillas en el intervalo de tres a\u00f1os. El cuerpo ya no pod\u00eda vaciarse \u00abal cien por cien\u00bb, ese l\u00edmite de exigencia innegociable aprendido en la dura fragua baskonista.<\/p>\n<p class=\"v-p\">Los problemas derivados de la articulaci\u00f3n izquierda fueron los que terminaron de &#8216;matar&#8217; la carrera de Bordignon. \u00abPor suerte o por desgracia, lo vi venir\u00bb, rememora. Cerca de cumplir los treinta, el excanterano de origen brasile\u00f1o ha sabido rehacer su vida sin dejar la &#8216;jungla&#8217; del baloncesto. Su carrera qued\u00f3 truncada, pero ahora ayuda a construir otras trayectorias profesionales como representante de jugadores. Bordignon forma parte de la agencia Xpheres, liderada por el prestigioso representante vitoriano Igor Crespo. Es la firma que este verano ha negociado el contrato m\u00e1s importante en el baloncesto europeo, el de Vasilije Micic con el Hapoel Tel Aviv o que asesora a figuras destacadas como Nikola Mirotic, Juancho Hernang\u00f3mez o Tyson P\u00e9rez, entre otros. \u00abIgor era mi agente cuando a\u00fan era jugador y fue el que me propuso tomar este camino. Siempre ha estado a mi lado, sobre todo en los malos momentos\u00bb, agradece Bordignon.<\/p>\n<p>\nEl negocio del baloncesto\n<\/p>\n<p>\u00abSiembras para no tener \u00e9xito la mayor\u00eda de las veces. La cima es muy peque\u00f1a y pocos llegan\u00bb<\/p>\n<p class=\"v-p\">Poco tiene el brasile\u00f1o afincado en Vitoria de &#8216;tibur\u00f3n&#8217;, ese rasgo que se les suele atribuir a los de su gremio. Nada dado a vender humo, tiene presente a la hora de ejercer de consejero la dura experiencia de ver c\u00f3mo los problemas f\u00edsicos cercenan una carrera. \u00abEn este negocio, siembras para, en la mayor\u00eda de las veces, no tener \u00e9xito. La cima de la pir\u00e1mide es muy peque\u00f1a y pocos llegan a ella.<\/p>\n<p class=\"v-p\">Como agente, debes entender al jugador, saber en qu\u00e9 momento vital est\u00e1 y darle una visi\u00f3n en fr\u00edo de su posici\u00f3n\u00bb, argumenta. Desde su perspectiva, existe \u00abun desierto\u00bb que se abre cuando termina la etapa j\u00fanior \u00abhasta que te conviertes en un profesional de verdad\u00bb. \u00abPocos est\u00e1n preparados para ese salto. A un joven le dir\u00eda que trabaje hasta rozar la obsesi\u00f3n. Antes de culpar al entrenador, al club o al entorno, que se mire a s\u00ed mismo\u00bb, recomienda.<\/p>\n<p><img decoding=\"async\" loading=\"lazy\" src=\"https:\/\/www.europesays.com\/es\/wp-content\/uploads\/2025\/11\/DANI BORDIGNON (2)-kE8E-U240167484876B9G-650x455@El Correo.jpg\" class=\"v-a-img\" width=\"650\" height=\"455\" alt=\"El brsasile\u00f1o juega al billar con Van Oostrum y Diop en una concentraci\u00f3n baskonista en 2013.\" data-voc-vtm-id=\"in-text-traffic\"\/><\/p>\n<p>El brsasile\u00f1o juega al billar con Van Oostrum y Diop en una concentraci\u00f3n baskonista en 2013.<\/p>\n<p><img loading=\"lazy\" decoding=\"async\" src=\"https:\/\/www.europesays.com\/es\/wp-content\/uploads\/2025\/11\/DANI BORDIGNON (2)-kE8E-U240167484876wn-1920x1344@El Correo.jpg\" class=\"v-mdl__img-z\" width=\"1920\" height=\"1344\" alt=\"\"\/><\/p>\n<p class=\"v-p\">Ahora, en la progresi\u00f3n de los jugadores m\u00e1s prometedores se cruza una Liga universitaria estadounidense capaz de ofrecer contratos en competencia directa con el baloncesto europeo. \u00abLa realidad es que la NCAA maneja cantidades de dinero que pueden solucionar la vida de muchos jugadores. No s\u00f3lo te ofrecen un proyecto deportivo. Es un plan de vida\u00bb, analiza el exazulgrana.\u2006 \u2006 <\/p>\n<p class=\"v-p\">La agencia de representaci\u00f3n en la que se abre camino Bordignon tiene su sede en Vitoria, pero la vida del agente tiene mucho de n\u00f3mada. M\u00e1s de un cuarto de los d\u00edas del a\u00f1o estoy de viaje o metido en un avi\u00f3n\u00bb, calcula Bordignon. Atr\u00e1s quedan las innumerables horas invertidas en entrenar, el encadenamiento continuo de cesiones a otros equipos o las lesiones que supon\u00edan un frenazo en su intento por abrirse paso en la cantera baskonista. De aquella \u00e9poca, hay quiz\u00e1s el regusto amargo por no haber podido debutar con el primer equipo baskonista, pero tambi\u00e9n persisten unos lazos personales irrompibles.<\/p>\n<p class=\"v-p\">\u00abCuando te retiras, siempre te apoyas en la familia, pero ellos estaban lejos. Aqu\u00ed me ayudaron mucho compa\u00f1eros como Rinalds (Malmanis), Tadas (Sedekerskis) Mamadou e Ilimane (Diop), Carlos (Mart\u00ednez) o Devon (Van Oostrum). Todos nos cuid\u00e1bamos unos a otros y nos ayud\u00e1bamos. Si uno estaba m\u00e1s bajo, el resto tiraba de \u00e9l hacia arriba\u00bb. Aquella fraternidad de &#8216;cachorros&#8217; baskonistas tambi\u00e9n contaba con dos mentores de los que Bordignon se acuerda con especial cari\u00f1o por su \u00e1nimo en el momento de decir adi\u00f3s al baloncesto. \u00abI\u00f1aki Iriarte y Juan Pedro Cazorla han estado siempre ah\u00ed\u00bb, reconoce.<\/p>\n","protected":false},"excerpt":{"rendered":"Los 24 a\u00f1os suelen ser una edad en la que un baloncestista tiene ya claro un camino profesional&hellip;\n","protected":false},"author":2,"featured_media":226408,"comment_status":"","ping_status":"","sticky":false,"template":"","format":"standard","meta":{"footnotes":""},"categories":[269],"tags":[299,298,59729,1996,168,25,24,10121,23,167],"class_list":{"0":"post-226407","1":"post","2":"type-post","3":"status-publish","4":"format-standard","5":"has-post-thumbnail","7":"category-baloncesto","8":"tag-baloncesto","9":"tag-basketball","10":"tag-bordignon","11":"tag-dani","12":"tag-deportes","13":"tag-es","14":"tag-espana","15":"tag-reinvencion","16":"tag-spain","17":"tag-sports"},"share_on_mastodon":{"url":"https:\/\/pubeurope.com\/@es\/115518761472193174","error":""},"_links":{"self":[{"href":"https:\/\/www.europesays.com\/es\/wp-json\/wp\/v2\/posts\/226407","targetHints":{"allow":["GET"]}}],"collection":[{"href":"https:\/\/www.europesays.com\/es\/wp-json\/wp\/v2\/posts"}],"about":[{"href":"https:\/\/www.europesays.com\/es\/wp-json\/wp\/v2\/types\/post"}],"author":[{"embeddable":true,"href":"https:\/\/www.europesays.com\/es\/wp-json\/wp\/v2\/users\/2"}],"replies":[{"embeddable":true,"href":"https:\/\/www.europesays.com\/es\/wp-json\/wp\/v2\/comments?post=226407"}],"version-history":[{"count":0,"href":"https:\/\/www.europesays.com\/es\/wp-json\/wp\/v2\/posts\/226407\/revisions"}],"wp:featuredmedia":[{"embeddable":true,"href":"https:\/\/www.europesays.com\/es\/wp-json\/wp\/v2\/media\/226408"}],"wp:attachment":[{"href":"https:\/\/www.europesays.com\/es\/wp-json\/wp\/v2\/media?parent=226407"}],"wp:term":[{"taxonomy":"category","embeddable":true,"href":"https:\/\/www.europesays.com\/es\/wp-json\/wp\/v2\/categories?post=226407"},{"taxonomy":"post_tag","embeddable":true,"href":"https:\/\/www.europesays.com\/es\/wp-json\/wp\/v2\/tags?post=226407"}],"curies":[{"name":"wp","href":"https:\/\/api.w.org\/{rel}","templated":true}]}}