{"id":226413,"date":"2025-11-09T08:21:10","date_gmt":"2025-11-09T08:21:10","guid":{"rendered":"https:\/\/www.europesays.com\/es\/226413\/"},"modified":"2025-11-09T08:21:10","modified_gmt":"2025-11-09T08:21:10","slug":"fue-uno-de-mis-fracasos-mas-estrepitosos-porque-no-supe-decir-que-no","status":"publish","type":"post","link":"https:\/\/www.europesays.com\/es\/226413\/","title":{"rendered":"Fue uno de mis fracasos m\u00e1s estrepitosos porque no supe decir que no"},"content":{"rendered":"<p data-journey-content=\"true\" data-node-id=\"3\" class=\"css-6wxqfj emevuu60\">Joaqu\u00edn Torres es, sin lugar a dudas, <strong data-node-id=\"3.1\">el arquitecto de los famosos.<\/strong> En todo el pa\u00eds ha sido reconocido por su capacidad para fusionar funcionalidad y est\u00e9tica en proyectos residenciales y comerciales. Su formaci\u00f3n acad\u00e9mica y su experiencia en el dise\u00f1o de interiores le permiten comprender tanto las necesidades pr\u00e1cticas de los espacios como la dimensi\u00f3n emocional y est\u00e9tica que estos deben transmitir.<\/p>\n<p><img draggable=\"true\" alt=\"joaqu\u00edn torres\" title=\"Joaqu\u00edn Torres\" loading=\"lazy\" width=\"1200\" height=\"1800\" decoding=\"async\" data-nimg=\"1\" style=\"color:transparent;width:100%;height:auto;\"   src=\"https:\/\/www.europesays.com\/es\/wp-content\/uploads\/2025\/11\/joaquin-torres-en-deportivas-1586260426.jpg\" class=\"css-0 e1g79fud0\"\/><\/p>\n<p>Fuente: Diez Minutos<\/p>\n<p data-journey-content=\"true\" data-node-id=\"7\" class=\"css-6wxqfj emevuu60\">Sus proyectos destacan por el equilibrio entre innovaci\u00f3n y elegancia, y han sido publicados en revistas especializadas de arquitectura y dise\u00f1o. A lo largo de su trayectoria, ha trabajado con algunas de las personalidades m\u00e1s medi\u00e1ticas, desde deportistas hasta cantantes y empresarios, lo que le ha convertido en una figura tan admirada como pol\u00e9mica. Su<strong data-node-id=\"7.1\"> car\u00e1cter perfeccionista y su sinceridad sin filtro<\/strong>s le han llevado a protagonizar m\u00e1s de una controversia, especialmente cuando se ha enfrentado a clientes con egos dif\u00edciles o exigencias imposibles.<\/p>\n<p><strong data-node-id=\"8.0\">Joaqu\u00edn Torres se sincera sobre uno de sus clientes<\/strong><\/p>\n<p data-journey-content=\"true\" data-node-id=\"10\" class=\"css-6wxqfj emevuu60\">En los \u00faltimos meses <a href=\"https:\/\/www.youtube.com\/watch?v=J93sCT3sdqw\" target=\"_blank\" rel=\"nofollow noopener\" data-vars-ga-outbound-link=\"https:\/\/www.youtube.com\/watch?v=J93sCT3sdqw\" data-vars-ga-ux-element=\"Hyperlink\" data-vars-ga-call-to-action=\"ha sido entrevistado en el programa \u2018El sentido de la birra\u2019\" data-node-id=\"10.1\" class=\"body-link css-177bzfx emevuu60\">ha sido entrevistado en el programa \u2018El sentido de la birra\u2019<\/a> y, ante el  asombro de su presentador, Ricardo Moya, <strong data-node-id=\"10.3\">se ha mostrado abierto a hablar de sus clientes.<\/strong> El catal\u00e1n est\u00e1 seguro de que la mayor\u00eda de ellos no tienen en cuenta el trabajo que desempe\u00f1a a sus \u00f3rdenes: \u201cHay muy poca gente dentro de mis clientes que valore el dise\u00f1o, lo arm\u00f3nico. Me he convertido en una marca igual que se va a Gucci o a Hermes porque da la seguridad comprarse el absurdo de un bolso que podr\u00edas tener igual por trescientas euros\u201d.<\/p>\n<p data-journey-content=\"true\" data-node-id=\"14\" class=\"css-6wxqfj emevuu60\">Sin tapujos, Torres refleja a lo largo de la conversaci\u00f3n <strong data-node-id=\"14.1\">su convicci\u00f3n de que lo importante para sus clientes es el lujo<\/strong>, el dinero que se gastan en la obra. No cree que tengan en cuenta la esteticidad que ha creado para ellos: \u201cYo estoy convencido de que la inmensa mayor\u00eda de mis clientes ni se emociona ni valoran c\u00f3mo entra la luz, ni c\u00f3mo desaparece, ni el juego de sombras que se crea ni todo aquello que est\u00e1 en mi cabeza y que percibo y que ellos ni imaginan\u201d.<\/p>\n<p><img draggable=\"true\" alt=\"joaquin torres\" title=\"Joaquin Torres\" loading=\"lazy\" width=\"2000\" height=\"2726\" decoding=\"async\" data-nimg=\"1\" style=\"color:transparent;width:100%;height:auto;\"   src=\"https:\/\/www.europesays.com\/es\/wp-content\/uploads\/2025\/11\/joaquin-torres-66222ec9646ed.jpg\" class=\"css-0 e1g79fud0\"\/><\/p>\n<p>Gtres<\/p>\n<p data-journey-content=\"true\" data-node-id=\"17\" class=\"css-6wxqfj emevuu60\">Ese juicio est\u00e1 impl\u00edcito en sus declaraciones, pero no teme a llevarlo a cabo. En el podcast, <strong data-node-id=\"17.1\">no duda en decir qu\u00e9 piensa de todos y cada uno de todas aquellas socialit\u00e9s para las que ha trabajado<\/strong>: \u201cYo si tuviera que juzgar a mis clientes y censurar en \u201cdonde pago, cago\u201d, me quedar\u00eda sin clientes porque uno se cree que donde paga, hace lo que le da la gana\u201d. No parece haber excepci\u00f3n. En la cartera de Torres se acumulan nombres de celebridades que quieren a un dise\u00f1ador de renombre y no les importa lo que tenga para ellos.<\/p>\n<p data-journey-content=\"true\" data-node-id=\"19\" class=\"css-6wxqfj emevuu60\">Para muestra un bot\u00f3n. El arquitecto no duda en ejemplificarlo y en dar <strong data-node-id=\"19.1\">el nombre de ese cliente al que cree que debi\u00f3 rechazar a tiempo<\/strong>: \u201cEs un magn\u00edfico ser humano, pero no entend\u00eda que yo no hiciera lo que \u00e9l ped\u00eda\u201d. La petici\u00f3n era un castillo de Loira renacentista y esta celebridad confi\u00f3 en Torres porque lo consideraba el mejor de los profesionales. Lo que, sin embargo, este explica en exclusiva para &#8216;El sentido de la birra&#8217; es que, aunque supiera hacerlo, no era el trabajo que quer\u00eda llevar a cabo.<\/p>\n<p data-journey-content=\"true\" data-node-id=\"21\" class=\"css-6wxqfj emevuu60\">Ese hombre para el que, contra su voluntad, acept\u00f3 trabajar no era otro que Zinedine Zidane. S\u00ed, Torres llev\u00f3 a cabo el encargo: \u201cNo fui capaz de hacerle entender que ser un buen profesional no quiere decir hacer cualquier cosa, sino hacer lo que uno se cree que hace mejor y ser honesto\u201d. <strong data-node-id=\"21.1\">Lo considera, sin embargo, una de sus mayores derrotas<\/strong>.<\/p>\n<p><img draggable=\"true\" alt=\"Zinedine Zidane, Farid Zidane, Farid Zidane, Zidane hermano, Real Madrid Montreal, entrenador Real Madrid\" title=\"Zinedine Zidane\" loading=\"lazy\" width=\"5472\" height=\"3648\" decoding=\"async\" data-nimg=\"1\" style=\"color:transparent;width:100%;height:auto;\"   src=\"https:\/\/www.europesays.com\/es\/wp-content\/uploads\/2025\/11\/zidane-1563035379.jpg\" class=\"css-0 e1g79fud0\"\/><\/p>\n<p>Gtres<\/p>\n<p data-journey-content=\"true\" data-node-id=\"24\" class=\"css-6wxqfj emevuu60\">\u00abZidane ten\u00eda el dinero y<strong data-node-id=\"24.1\"> fue uno de mis fracasos m\u00e1s estrepitosos porque  no supe decir que no<\/strong>\u00ab, responde a las preguntas de Moya al respecto. Incluso se atreve a hacer su propia valoraci\u00f3n: \u201cSi ves la casa del se\u00f1or es una mezcla de Seychelles que ven\u00edan al pabell\u00f3n de Marruecos, el petit chateau de Loira\u2026 que es el horror. Le hice todo lo que quiso y m\u00e1s. En la piscina quer\u00edan un cielo y se lo hice\u201d. Todo con tal de acabar cuanto antes el contrato que los un\u00eda. <\/p>\n<p data-journey-content=\"true\" data-node-id=\"26\" class=\"css-6wxqfj emevuu60\">La situaci\u00f3n desbord\u00f3 por completo a este experto interiorista y, aunque hoy se r\u00ede de todo aquello, confiesa que no fue nada f\u00e1cil: \u201cYo quer\u00eda llorar, me quer\u00eda esconder\u201d. Sin embargo, de aquella experiencia tambi\u00e9n extrajo una valiosa lecci\u00f3n. A sus55 a\u00f1os, reconoce que trabajar con figuras p\u00fablicas puede ser tan estimulante como agotador, y que<strong data-node-id=\"26.1\"> el verdadero reto no est\u00e1 en el dise\u00f1o, sino en la gesti\u00f3n del ego.<\/strong><\/p>\n<p data-journey-content=\"true\" data-node-id=\"28\" class=\"css-6wxqfj emevuu60\">Lejos de la imagen del arquitecto distante y elitista, Joaqu\u00edn Torres se muestra como un creador profundamente apasionado por la belleza, alguien que todav\u00eda se emociona al ver c\u00f3mo la luz atraviesa un espacio bien dise\u00f1ado. Quiz\u00e1s por eso, a pesar de las pol\u00e9micas, sigue siendo un referente: porque no dise\u00f1a para gustar, sino para conmover. Y en una industria donde el lujo se confunde con el exceso, <strong data-node-id=\"28.1\">\u00e9l contin\u00faa recordando que el verdadero lujo es la honestidad.<\/strong><\/p>\n<p><img src=\"https:\/\/www.europesays.com\/es\/wp-content\/uploads\/2025\/11\/7020f8bc-4c62-4105-b2c8-34e0096f8968_1758105143.file\" alt=\"Headshot of Juan S\u00e1ez\" title=\"Headshot of Juan S\u00e1ez\" width=\"100%\" height=\"100%\" decoding=\"async\" loading=\"lazy\" class=\"css-o0wq4v ev8dhu53\"\/><\/p>\n<p><a href=\"https:\/\/www.linkedin.com\/in\/juan-s%C3%A1ez-0b1871241\/\" rel=\"nofollow noopener\" target=\"_blank\">Juan S\u00e1ez<\/a> es experto en cultura pop, cr\u00f3nica social y estilo de vida. Escribe acerca de fen\u00f3menos sociales y culturales bajo una mirada cr\u00edtica y comprometida. Lo que Carrie Bradshaw habr\u00eda sido si, en lugar de subirse a unos Manolos, se hubiera comido una caja de seis.<\/p>\n<p>Licenciado en Periodismo por la Universidad Carlos III, analiza tendencias, historias y noticias desde el humor para que el lector r\u00eda y reflexione en una sola pieza. Ha colaborado en programas de televisi\u00f3n y crea contenido para redes, donde aporta an\u00e1lisis frescos e ir\u00f3nicos con un sello muy personal. \u00a0<\/p>\n","protected":false},"excerpt":{"rendered":"Joaqu\u00edn Torres es, sin lugar a dudas, el arquitecto de los famosos. En todo el pa\u00eds ha sido&hellip;\n","protected":false},"author":2,"featured_media":226414,"comment_status":"","ping_status":"","sticky":false,"template":"","format":"standard","meta":{"footnotes":""},"categories":[173],"tags":[1655,229,233,231,230,232,253,234,146,147,25,24,23],"class_list":{"0":"post-226413","1":"post","2":"type-post","3":"status-publish","4":"format-standard","5":"has-post-thumbnail","7":"category-arte-y-diseno","8":"tag-afiliacion","9":"tag-arte","10":"tag-arte-y-diseno","11":"tag-arts","12":"tag-arts-and-design","13":"tag-design","14":"tag-discover","15":"tag-diseno","16":"tag-entertainment","17":"tag-entretenimiento","18":"tag-es","19":"tag-espana","20":"tag-spain"},"share_on_mastodon":{"url":"https:\/\/pubeurope.com\/@es\/115518772718223295","error":""},"_links":{"self":[{"href":"https:\/\/www.europesays.com\/es\/wp-json\/wp\/v2\/posts\/226413","targetHints":{"allow":["GET"]}}],"collection":[{"href":"https:\/\/www.europesays.com\/es\/wp-json\/wp\/v2\/posts"}],"about":[{"href":"https:\/\/www.europesays.com\/es\/wp-json\/wp\/v2\/types\/post"}],"author":[{"embeddable":true,"href":"https:\/\/www.europesays.com\/es\/wp-json\/wp\/v2\/users\/2"}],"replies":[{"embeddable":true,"href":"https:\/\/www.europesays.com\/es\/wp-json\/wp\/v2\/comments?post=226413"}],"version-history":[{"count":0,"href":"https:\/\/www.europesays.com\/es\/wp-json\/wp\/v2\/posts\/226413\/revisions"}],"wp:featuredmedia":[{"embeddable":true,"href":"https:\/\/www.europesays.com\/es\/wp-json\/wp\/v2\/media\/226414"}],"wp:attachment":[{"href":"https:\/\/www.europesays.com\/es\/wp-json\/wp\/v2\/media?parent=226413"}],"wp:term":[{"taxonomy":"category","embeddable":true,"href":"https:\/\/www.europesays.com\/es\/wp-json\/wp\/v2\/categories?post=226413"},{"taxonomy":"post_tag","embeddable":true,"href":"https:\/\/www.europesays.com\/es\/wp-json\/wp\/v2\/tags?post=226413"}],"curies":[{"name":"wp","href":"https:\/\/api.w.org\/{rel}","templated":true}]}}