{"id":226424,"date":"2025-11-09T08:32:06","date_gmt":"2025-11-09T08:32:06","guid":{"rendered":"https:\/\/www.europesays.com\/es\/226424\/"},"modified":"2025-11-09T08:32:06","modified_gmt":"2025-11-09T08:32:06","slug":"la-influencia-de-koldo-garcia-que-muestran-sus-mensajes-con-angel-victor-torres-espana","status":"publish","type":"post","link":"https:\/\/www.europesays.com\/es\/226424\/","title":{"rendered":"La influencia de Koldo Garc\u00eda que muestran sus mensajes con \u00c1ngel V\u00edctor Torres | Espa\u00f1a"},"content":{"rendered":"<p class=\"\">En noviembre de 2020, en plena desescalada tras el confinamiento por la pandemia, el entonces presidente de Canarias y actual ministro de Pol\u00edtica Territorial y Memoria Democr\u00e1tica, \u00c1ngel V\u00edctor Torres, viv\u00eda momentos de tensi\u00f3n con su compa\u00f1ero de partido y entonces ministro de Sanidad, Salvador Illa. Aquel quer\u00eda agilizar la llegada a las islas de los turistas, principal motor econ\u00f3mico de su comunidad, y para ello aspiraba a poner en marcha un sistema de pruebas PCR en los aeropuertos para facilitarlo, pero Illa daba largas. El retraso desesper\u00f3 hasta tal punto a Torres que, seg\u00fan ha revelado ahora <a href=\"https:\/\/elpais.com\/espana\/2025-11-04\/la-uco-apunta-a-que-angel-victor-torres-se-reunio-con-aldama-para-abordar-el-cobro-de-las-mascarillas.html\" target=\"_self\" rel=\"nofollow noopener\" title=\"https:\/\/elpais.com\/espana\/2025-11-04\/la-uco-apunta-a-que-angel-victor-torres-se-reunio-con-aldama-para-abordar-el-cobro-de-las-mascarillas.html\">el \u00faltimo informe de la Unidad Central Operativa (UCO) de la Guardia Civil incorporado al caso Koldo<\/a> en el que se investiga la trama de corrupci\u00f3n que anid\u00f3 en varias administraciones p\u00fablicas, pidi\u00f3 ayuda a Koldo Garc\u00eda, entonces asesor de otro ministro socialista, <a href=\"https:\/\/elpais.com\/espana\/2025-11-03\/el-supremo-propone-juzgar-a-abalos-koldo-garcia-y-aldama-por-la-compra-de-mascarillas.html\" target=\"_self\" rel=\"nofollow noopener\" title=\"https:\/\/elpais.com\/espana\/2025-11-03\/el-supremo-propone-juzgar-a-abalos-koldo-garcia-y-aldama-por-la-compra-de-mascarillas.html\">en aquel momento todopoderoso titular de la cartera de Transportes, Jos\u00e9 Luis \u00c1balos<\/a>, hombre de la m\u00e1xima confianza del presidente Pedro S\u00e1nchez.<\/p>\n<p class=\"\">\u201cHola. Me pide llla una semana para lo de los ant\u00edgenos. Se lo doy. Y ahora poniendo pegas. Yo no puedo retrasar m\u00e1s esa decisi\u00f3n. Lo llamar\u00e9 en media hora, pero si no se resuelve tendr\u00e1 que intervenir \u00c1balos o Pedro [S\u00e1nchez]\u201d, le escribi\u00f3 Torres a Koldo Garc\u00eda el 30 de noviembre de aquel a\u00f1o en un cruce de mensajes que revelaba la desesperaci\u00f3n del presidente canario por conseguir la luz verde del Gobierno a su plan de pruebas de ant\u00edgenos. \u201cHola. \u00bfAlguna novedad? \u00bfLlamo a Pedro?\u201c, le volvi\u00f3 a preguntar Torres al asesor poco despu\u00e9s. Este se lo desaconsej\u00f3: \u201dPrimero a Jose [Luis \u00c1balos] ahora por favor\u201d. <\/p>\n<p class=\"\">D\u00edas despu\u00e9s, Torres contactaba de nuevo con Koldo Garc\u00eda, aunque en esta ocasi\u00f3n, para desahogarse. \u201cNO HAY PUTA MANERA CON ILLA!!\u201c, escrib\u00eda en may\u00fasculas para mostrar su malestar con el ministro de Sanidad. \u201dSolo me queda Pedro. Lo intentar\u00e9 pero si esto no sale por el capricho de un compa\u00f1ero, Illa, me bajo\u00bb, le dec\u00eda insinuando su disposici\u00f3n a dimitir. Torres finalmente no lo hizo y presidi\u00f3 el ejecutivo canario entre julio de 2019 y julio de 2023. D\u00edas m\u00e1s tarde de aquel mensaje, el 5 de diciembre, el actual ministro volv\u00eda a pedir consejo a Koldo Garc\u00eda: \u201cCreo [que] debo ir y tener o intentar tener una \u00faltima reuni\u00f3n con Pedro, Jos\u00e9 Luis e llla. Que te parece? 10 minutos\u201d. El exasesor le anima a ello: \u201cPues s\u00ed. Tienes raz\u00f3n\u201d. Menos de una semana despu\u00e9s se adjudicaba el primer contrato para adquirir las pruebas de ant\u00edgenos. La adjudicataria fue Megalab, una empresa presuntamente controlada desde la sombra por el empresario y comisionista V\u00edctor de Aldama, presunto epicentro de la trama de corrupci\u00f3n. <\/p>\n<p class=\"\">El \u00faltimo informe de la UCO revela <a href=\"https:\/\/elpais.com\/espana\/2025-11-06\/el-pp-citara-a-angel-victor-torres-para-declarar-en-el-senado-por-cuarta-vez.html\" target=\"_self\" rel=\"nofollow noopener\" title=\"https:\/\/elpais.com\/espana\/2025-11-06\/el-pp-citara-a-angel-victor-torres-para-declarar-en-el-senado-por-cuarta-vez.html\">decenas de conversaciones a trav\u00e9s de la aplicaci\u00f3n de mensajer\u00eda instant\u00e1nea Whatsapp <\/a>entre el actual ministro de Pol\u00edtica Territorial \u2015<a href=\"https:\/\/www.youtube.com\/watch?v=CzTwrJnJoFw\" target=\"_self\" rel=\"nofollow noopener\" title=\"https:\/\/www.youtube.com\/watch?v=CzTwrJnJoFw\">que el martes pasado negaba cualquier irregularidad en sus actuaci\u00f3n<\/a>\u2015 y Koldo Garc\u00eda durante la segunda mitad de 2020 que muestran la relaci\u00f3n que manten\u00edan el entonces presidente de Canarias y el que fuera asesor de \u00c1balos, pero tambi\u00e9n la supuesta ascendencia de este \u00faltimo sobre el primero. El informe de la Guardia Civil concluye que este cruce de mensajes pone de manifiesto c\u00f3mo Torres se involucr\u00f3 de manera personal no solo en las negociaciones para adquirir las pruebas PCR, sino tambi\u00e9n para que meses antes su ejecutivo pagara a la empresa Soluciones de Gesti\u00f3n, tambi\u00e9n vinculada a Aldama, m\u00e1s de 7 millones de euros que se le deb\u00edan por el suministro de mascarillas a la sanidad insular. El entonces presidente de Canarias acept\u00f3 hacer las gestiones ante la insistencia del exasesor.<\/p>\n<p class=\"\">As\u00ed, durante el verano de aquel a\u00f1o, despu\u00e9s de que los t\u00e9cnicos de la administraci\u00f3n auton\u00f3mica hubieran bloqueado los abonos a la espera de comprobar que las mascarillas cumpl\u00edan las certificaciones y <a href=\"https:\/\/elpais.com\/espana\/2025-11-04\/una-funcionaria-canaria-recelo-de-la-compra-de-mascarillas-a-aldama-estamos-seguros-hemos-comprado-mas-baratas.html\" target=\"_self\" rel=\"nofollow noopener\" title=\"https:\/\/elpais.com\/espana\/2025-11-04\/una-funcionaria-canaria-recelo-de-la-compra-de-mascarillas-a-aldama-estamos-seguros-hemos-comprado-mas-baratas.html\">llamarles la atenci\u00f3n su elevado precio<\/a>, se sucedieron los mensajes de texto y audio de Torres a Koldo: \u201cYo he trasladado la excepcionalidad de esta factura y, durante el d\u00eda de hoy, espero tener ya las respuestas, o sea estoy encima de ello\u201d; \u201cesta mierda la resuelvo s\u00ed o s\u00ed\u201d; \u201che dado el golpe preciso en la mesa para acabar con esto\u201d; \u201cestoy haciendo todos los esfuerzos\u201d; \u201cllevo desde el viernes y ayer incluso con el consejero, centrado en este asunto [&#8230;] estoy encima de ello\u201d; \u201cd\u00e9jame el d\u00eda de hoy que me voy a cagar en todos los santos con la responsable econ\u00f3mica. Y o lo soluciona o la levanto para el aire\u201d; \u201che estado encima de la factura y hoy desde Tfe [Tenerife] te dar\u00e9 toda la informaci\u00f3n y espero ya soluci\u00f3n\u201d; o \u201clo que quiero es que se pague ya de una vez [&#8230;] para ver qui\u00e9n es el que ha estado desde dentro torpedeando, retrasando y dem\u00e1s\u201d. El ministro incluso pidi\u00f3 a Koldo Garc\u00eda el 14 de julio los datos concretos de la mercantil que hab\u00eda vendido el material sanitario para agilizar los pagos: \u201cNecesito montante econ\u00f3mico que se debe y nombre de la empresa (la referencia)\u201d. Koldo Garc\u00eda se apresur\u00f3 a informarle que era Soluciones de Gesti\u00f3n\u201d y a\u00f1adirle a continuaci\u00f3n la cantidad adeudada: \u201c7.870.000 [euros]\u201d.<\/p>\n<p class=\"\">Las respuestas del exasesor de \u00c1balos, a quien la Guardia Civil acusa de estar a sueldo de Aldama por recibir presuntamente de \u00e9l 10.000 euros al mes \u201cen efectivo\u201d entre octubre de 2019 y septiembre de 2022, tambi\u00e9n dejan a la clara esa estrecha relaci\u00f3n entre ambos: \u201c[&#8230;] Estos chicos [en referencia a Aldama y sus socios] se van a pegar un tiro. Te comento: puede alguien llamarlos. El problema es que nadie, y digo nadie, les dice nada\u201d, se quej\u00f3 Koldo Garc\u00eda el 5 de junio a Torres para apremiarle a vencer la resistencia de algunos funcionarios a abonar la factura de las mascarillas. \u201cTe deber\u00e9 mi puesto de trabajo\u201d, le dec\u00eda al entonces presidente de Canarias m\u00e1s de un mes despu\u00e9s, el 21 de julio, cuando este le anunci\u00f3 que la soluci\u00f3n estaba en marcha. <\/p>\n<p class=\"\">Finalmente, el 14 de agosto, una vez que el hoy ministro le aseguraba en un audio que ya se hab\u00eda dado la orden de pago a la empresa de Aldama, el exasesor le espetaba en muestra de agradecimiento: \u201cMe vas a tener para lo que te salga de los cojones\u201d. No fue la \u00fanica vez que Koldo Garc\u00eda reflejaba en su lenguaje la relaci\u00f3n de confianza que ten\u00eda que Torres. El 5 de noviembre, cuando Torres manten\u00eda el tira y afloja con Illa por las pruebas PCR, enviaba varios mensajes al entonces asesor de \u00c1balos para saber si finalmente recibir\u00e1n el visto bueno del Gobierno. Tras confirmarle que s\u00ed y darle una fecha que luego no se cumpli\u00f3, Koldo Garc\u00eda le escrib\u00eda el siguiente mensaje: \u201cPor favor, [\u00bf]puedes intentar que acepte[?] Si lo consigues se acab\u00f3 esta mierda, me dicen. Y seg\u00fan yo leo no es tanto. Por Dios, si lo consigues me dejo violar por ti. Pos data (sic) lo \u00faltimo no\u201d. <\/p>\n<p class=\"\">\u201cSe observa, una vez m\u00e1s, la influencia que Koldo ejerc\u00eda en la Administraci\u00f3n, provocada por Aldama y sus retribuciones, consiguiendo que el presidente de Canarias se encargara, directamente, de reclamar los pagos pendientes\u201d, destaca la UCO en su informe. Los agentes a\u00f1aden que muchas de estas comunicaciones eran rebotados por el asesor al empresario para mostrarle que sus gestiones para conseguir cobrar iban por buen camino. El documento policial apunta que todo ello \u201caportar\u00eda un indicio m\u00e1s del papel desempe\u00f1ado por Koldo en la presunta organizaci\u00f3n criminal investigada, en cuanto a su capacidad de influencia en los altos cargos de la Administraci\u00f3n\u201d. <\/p>\n<p class=\"\">Tras recibir el informe, el juez de la Audiencia Nacional Ismael Moreno, a petici\u00f3n de la Fiscal\u00eda Anticorrupci\u00f3n, dictaba el pasado viernes <a href=\"https:\/\/elpais.com\/espana\/2025-11-07\/la-audiencia-nacional-llama-a-declarar-a-aldama-y-a-koldo-garcia-por-la-trama-de-venta-de-mascarillas-en-canarias.html\" target=\"_self\" rel=\"nofollow noopener\" title=\"https:\/\/elpais.com\/espana\/2025-11-07\/la-audiencia-nacional-llama-a-declarar-a-aldama-y-a-koldo-garcia-por-la-trama-de-venta-de-mascarillas-en-canarias.html\">un auto por el que llamaba a declarar como investigados a Aldama y Koldo Garc\u00eda<\/a> para interrogarles por los negocios de la trama en Canarias. El empresario comparecer\u00e1 ante el magistrado el 27 de noviembre. El exasesor, un d\u00eda despu\u00e9s.<\/p>\n","protected":false},"excerpt":{"rendered":"En noviembre de 2020, en plena desescalada tras el confinamiento por la pandemia, el entonces presidente de Canarias&hellip;\n","protected":false},"author":2,"featured_media":226425,"comment_status":"","ping_status":"","sticky":false,"template":"","format":"standard","meta":{"footnotes":""},"categories":[8],"tags":[28771,6543,17,18,1896,4334,25,24,13,14,1160,11,734,5611,19,20,58057,9,10,15,16,23,12,2155,21,22,2964,137],"class_list":{"0":"post-226424","1":"post","2":"type-post","3":"status-publish","4":"format-standard","5":"has-post-thumbnail","7":"category-espana","8":"tag-angel-victor-torres","9":"tag-audiencia-nacional","10":"tag-breaking-news","11":"tag-breakingnews","12":"tag-canarias","13":"tag-caso-koldo","14":"tag-es","15":"tag-espana","16":"tag-featured-news","17":"tag-featurednews","18":"tag-guardia-civil","19":"tag-headlines","20":"tag-investigacion-judicial","21":"tag-koldo-garcia","22":"tag-latest-news","23":"tag-latestnews","24":"tag-mascarillas","25":"tag-news","26":"tag-noticias","27":"tag-noticias-destacadas","28":"tag-noticiasdestacadas","29":"tag-spain","30":"tag-titulares","31":"tag-uco","32":"tag-ultimas-noticias","33":"tag-ultimasnoticias","34":"tag-victor-de-aldama","35":"tag-whatsapp"},"share_on_mastodon":{"url":"https:\/\/pubeurope.com\/@es\/115518815928798300","error":""},"_links":{"self":[{"href":"https:\/\/www.europesays.com\/es\/wp-json\/wp\/v2\/posts\/226424","targetHints":{"allow":["GET"]}}],"collection":[{"href":"https:\/\/www.europesays.com\/es\/wp-json\/wp\/v2\/posts"}],"about":[{"href":"https:\/\/www.europesays.com\/es\/wp-json\/wp\/v2\/types\/post"}],"author":[{"embeddable":true,"href":"https:\/\/www.europesays.com\/es\/wp-json\/wp\/v2\/users\/2"}],"replies":[{"embeddable":true,"href":"https:\/\/www.europesays.com\/es\/wp-json\/wp\/v2\/comments?post=226424"}],"version-history":[{"count":0,"href":"https:\/\/www.europesays.com\/es\/wp-json\/wp\/v2\/posts\/226424\/revisions"}],"wp:featuredmedia":[{"embeddable":true,"href":"https:\/\/www.europesays.com\/es\/wp-json\/wp\/v2\/media\/226425"}],"wp:attachment":[{"href":"https:\/\/www.europesays.com\/es\/wp-json\/wp\/v2\/media?parent=226424"}],"wp:term":[{"taxonomy":"category","embeddable":true,"href":"https:\/\/www.europesays.com\/es\/wp-json\/wp\/v2\/categories?post=226424"},{"taxonomy":"post_tag","embeddable":true,"href":"https:\/\/www.europesays.com\/es\/wp-json\/wp\/v2\/tags?post=226424"}],"curies":[{"name":"wp","href":"https:\/\/api.w.org\/{rel}","templated":true}]}}