{"id":226456,"date":"2025-11-09T08:55:09","date_gmt":"2025-11-09T08:55:09","guid":{"rendered":"https:\/\/www.europesays.com\/es\/226456\/"},"modified":"2025-11-09T08:55:09","modified_gmt":"2025-11-09T08:55:09","slug":"rtve-lanza-el-primer-mapa-audiovisual-de-las-fosas-de-la-guerra-civil-y-el-franquismo","status":"publish","type":"post","link":"https:\/\/www.europesays.com\/es\/226456\/","title":{"rendered":"RTVE lanza el primer mapa audiovisual de las fosas de la Guerra Civil y el franquismo"},"content":{"rendered":"<p>La memoria de las v\u00edctimas de la Guerra Civil y el franquismo, cada vez m\u00e1s presente con proyectos como<strong> &#8216;El pa\u00eds de las 6.000 fosas&#8217;, un mapa interactivo elaborado por el equipo de Datos de RTVE, en colaboraci\u00f3n con la Secretar\u00eda de Estado de Memoria Democr\u00e1tica, que recoge las exhumaciones de cientos de asesinados<\/strong> durante este periodo, que se han llevado a cabo por toda Espa\u00f1a. Este proyecto construye un recorrido multimedia por las historias, los objetos, los recuerdos y, sobre todo, constituye la base de datos audiovisual m\u00e1s completa de fosas comunes en Espa\u00f1a. En el informativo Las Ma\u00f1anas de Fin de Semana hablamos con uno de los <strong>responsables de este proyecto, Miguel Charte<\/strong>.<\/p>\n","protected":false},"excerpt":{"rendered":"La memoria de las v\u00edctimas de la Guerra Civil y el franquismo, cada vez m\u00e1s presente con proyectos&hellip;\n","protected":false},"author":2,"featured_media":226457,"comment_status":"","ping_status":"","sticky":false,"template":"","format":"standard","meta":{"footnotes":""},"categories":[8],"tags":[17,18,25,24,59733,13,14,11,19,20,9,10,15,16,133,1448,1986,59734,1987,23,12,21,22],"class_list":{"0":"post-226456","1":"post","2":"type-post","3":"status-publish","4":"format-standard","5":"has-post-thumbnail","7":"category-espana","8":"tag-breaking-news","9":"tag-breakingnews","10":"tag-es","11":"tag-espana","12":"tag-espana-a-las-8-fin-de-semana","13":"tag-featured-news","14":"tag-featurednews","15":"tag-headlines","16":"tag-latest-news","17":"tag-latestnews","18":"tag-news","19":"tag-noticias","20":"tag-noticias-destacadas","21":"tag-noticiasdestacadas","22":"tag-online","23":"tag-radio","24":"tag-rne","25":"tag-rtve-lanza-el-primer-mapa-de-las-fosas-de-la-guerra-civil-y-el-franquismo","26":"tag-rtve-play","27":"tag-spain","28":"tag-titulares","29":"tag-ultimas-noticias","30":"tag-ultimasnoticias"},"share_on_mastodon":{"url":"https:\/\/pubeurope.com\/@es\/115518906394487012","error":""},"_links":{"self":[{"href":"https:\/\/www.europesays.com\/es\/wp-json\/wp\/v2\/posts\/226456","targetHints":{"allow":["GET"]}}],"collection":[{"href":"https:\/\/www.europesays.com\/es\/wp-json\/wp\/v2\/posts"}],"about":[{"href":"https:\/\/www.europesays.com\/es\/wp-json\/wp\/v2\/types\/post"}],"author":[{"embeddable":true,"href":"https:\/\/www.europesays.com\/es\/wp-json\/wp\/v2\/users\/2"}],"replies":[{"embeddable":true,"href":"https:\/\/www.europesays.com\/es\/wp-json\/wp\/v2\/comments?post=226456"}],"version-history":[{"count":0,"href":"https:\/\/www.europesays.com\/es\/wp-json\/wp\/v2\/posts\/226456\/revisions"}],"wp:featuredmedia":[{"embeddable":true,"href":"https:\/\/www.europesays.com\/es\/wp-json\/wp\/v2\/media\/226457"}],"wp:attachment":[{"href":"https:\/\/www.europesays.com\/es\/wp-json\/wp\/v2\/media?parent=226456"}],"wp:term":[{"taxonomy":"category","embeddable":true,"href":"https:\/\/www.europesays.com\/es\/wp-json\/wp\/v2\/categories?post=226456"},{"taxonomy":"post_tag","embeddable":true,"href":"https:\/\/www.europesays.com\/es\/wp-json\/wp\/v2\/tags?post=226456"}],"curies":[{"name":"wp","href":"https:\/\/api.w.org\/{rel}","templated":true}]}}