{"id":226460,"date":"2025-11-09T09:01:06","date_gmt":"2025-11-09T09:01:06","guid":{"rendered":"https:\/\/www.europesays.com\/es\/226460\/"},"modified":"2025-11-09T09:01:06","modified_gmt":"2025-11-09T09:01:06","slug":"carlos-alcaraz-se-juega-el-numero-1-del-tenis-mundial-en-las-nitto-atp-finals-que-es-cuando-y-donde-puedo-verlo-la-vanguardia","status":"publish","type":"post","link":"https:\/\/www.europesays.com\/es\/226460\/","title":{"rendered":"Carlos Alcaraz se juega el n\u00famero 1 del tenis mundial en las Nitto ATP Finals: qu\u00e9 es, cu\u00e1ndo y d\u00f3nde puedo verlo &#8211; La Vanguardia"},"content":{"rendered":"<ol>\n<li><a href=\"https:\/\/news.google.com\/rss\/articles\/CBMi-AFBVV95cUxNTWgzRHNkcXEyQWFScTBwWUlfUEZxd0FveWpqeVAzWmp6U0hnZVVzOExXYktOTFVjc3FPTXF6QnlJc1NIZktReFFxbWFPRy1wTVR0Z21CRXE4ejZoUWM0U1M3T2t3QzNsUFJrWVdlaHhtWlpUQUVfM1VYaVp2dVJ2VFZ1MmZfXzg5bmJmWnRoVkQyMDYxaDJteXVRNDQ2RlNrWUJSMnp1Tm40WU9xLVc0T1FLeDNCWWRHM2pUWGl6MTcwdVNmaC1IMzdzY3FROWxYZ0pjWjJ1QnFCMG9EZkRjaVhTVGluUFdQYmVSVGg1ckU5T0EwVG94SNIB_gFBVV95cUxNLWlibjBJWUpkSkVybHdkQTRfMkxnLWdDaERyeUFwWDZ2blZVdF9zS1BubS1lVUVDenlSZ25qMmJXUW5DaWtKNVRUb1VJa19oUG15YlNxVFhPVzRtT0ZoVFV5WW1Gb2ViSDNyYzc0ZjdRaklmMWsxT0p1bE9JYkpRX3RYT29BRi1ESTJLVjZCRFJWbFQ4bDIxZEdTVFBOTWVzVm83YUZDcU9XTkRUUl9BS2VMaDNMTkZKVDg5M1Ezb3Jkd0pTWDZHUGR6b1JfN2VsNFA3Y19yUTNBWGptdDRCaTJMYjlkQU9RT0tHbTRLNTJsWmxyb1ZZWWJBT1RYZw?oc=5\" target=\"_blank\" rel=\"nofollow noopener\">Carlos Alcaraz se juega el n\u00famero 1 del tenis mundial en las Nitto ATP Finals: qu\u00e9 es, cu\u00e1ndo y d\u00f3nde puedo verlo<\/a>&nbsp;&nbsp;La Vanguardia<\/li>\n<li><a href=\"https:\/\/news.google.com\/rss\/articles\/CBMigwFBVV95cUxNenV0OXo3bG5VZnZEOWlDMko0V1BhZzh3R1ByaXV5ZlgzeWd1SElRWDZlNTByRndrUGtjRXFoTUdkY2hqcnlPZXVJQURvY0NpczkzZnVlX0JpUm5ZbHRtMXliUC1Fb2pNQnpqQXZtZHJEcGw3aGFGb3BKbzAxQ0VkdGxxdw?oc=5\" target=\"_blank\" rel=\"nofollow noopener\">Alcaraz y Sinner, a todo o nada en Tur\u00edn<\/a>&nbsp;&nbsp;ABC<\/li>\n<li><a href=\"https:\/\/news.google.com\/rss\/articles\/CBMiwAFBVV95cUxOTzNFX3pwQmU3Vl9kcHlwV1p5YVItU01qYmxqc3g1M2NZMUZtQjM4MmNBd1pSNEUzM0F1cEM4Wk5xNWlkWElSMHFyR1dNOTkxQlAzMFMzQnNPNjdUZ29qc09KT2E3RmVheld0U1pGeTRNUFJrZVZ4MzdnRkRmNDI2X2tzbUNMQXgwVzNqdEN4MjZRcGxNYmRrNWZCckhOZjA5YTVpYXQ1SXluVk5VaG51Unlham5LOG1uZU1Ya0lkbHHSAcABQVVfeXFMTmtULXFWeVB1RGJqQlczQ2ZMTVMtRE1JUmdUVUxPWHNsNlp1TEs3Y2N5cmV5T2tHbzdJYkxOMUh2MjE1UXJqZ3ZnZ2NNU0oxd3RxMnkwbTI3OVNOMUplWlFNWWt3T3pJQmxOWF9NaTJSYktTcTQtNE5vVEFFYjJiclZhand3OGxod2JyRVVFcHdCZFYxNnZ0R29xeVBWMloxOGhvX25UYS1Vdl83MUpuZ2Y5VWFPdzRMQmFHeV9JYXhO?oc=5\" target=\"_blank\" rel=\"nofollow noopener\">Carlos Alcaraz &#8211; \u00c1lex de Mi\u00f1aur en directo<\/a>&nbsp;&nbsp;El Mundo<\/li>\n<li><a href=\"https:\/\/news.google.com\/rss\/articles\/CBMipAFBVV95cUxNZlRDTnFjUkdPcWlGb3IyMTBnSEFtaXo1c2MyUDBkRm8wSm9uQWlEYm5nMkZfdkx6VldhUlhMSXcxWlZMMl9zOWxpRlV2NkJWWGdRaUQ3OUJHbjZ2MnZQU3VxV2hnU0NmX3VTVWZqWmtnUWVtNTEwM255ZENpWEVZSVRqc2VCaFF0R0NWWkEyVGJSSm82VFAySHFySEs3XzJrcXdyMNIBpAFBVV95cUxNMFhaR01nbE1OUV9lV2Vhcm5mOGlnYVF6QTJmQlpzeW44LVJ6OGRqc1ZIZHJERXNTMndfeW5IY0gyRHU3bGpvSWNvQ1ctOEE2cHJTQnFrTGgtcWJuMlBoeWFIZkhFQ2pYMzdJcUdHVzhwNHd3ajVSdG9icWNRX0ktcDN2ejNVUWd5bUtKdkhhb0t5ODFLOWtwOUhCcE0zWmc0dEljSQ?oc=5\" target=\"_blank\" rel=\"nofollow noopener\">Alcaraz busca la doble corona en Tur\u00edn bajo el techo de Sinner<\/a>&nbsp;&nbsp;MARCA<\/li>\n<li><a href=\"https:\/\/news.google.com\/rss\/articles\/CBMi0gFBVV95cUxNUVA1Ympvb1pzMUZiLXlWMmF5Ni1tU0VQX3VQYnpQaXQyWENPWUlmNGtRQksxVnVaVW5zVmFKWmFoQXVYaS13VnREazRONlJUdWhZRUFCUkt3U0Ixc084eGt1S2lJMktUQkkxN2RzOGxyZmpMRGY4MlhQVHRYSlFlcEU3MlUtUkdwSlR5UHpuLXF2OGp3M0Q3WGl3TUs1X1c1RmQ3MHh1THJYMTA5RmpYZFNVOG9LbzRJMHBoUGJMMHp2dGpQU1U4alhFYmdBQ3lTN2fSAd8BQVVfeXFMT3VUcEhEaTNNVUV3VDNGcWw2TldTcWFUNTA2WlJoQWxDaFZDaGNnMU95ejhCQ3dsSUJ4dEJWZlNuQThhV3lBY0ZhMzJpZGFSNTdVcEhreWd6TjNVcUU3T2lvVUNXbnVMeHByQWhxakFYOHhCREdCT2Z1WTd3VlpCXzJ5ZmFleTRTcTZxQzVkZi1VY0ZLTU82ckhvZGlOemlxQW9TeFRZZTMzZ2ZxWTBhWXBTX0pEeDNVU3AwMWpGRGlWYWJxRXBhdlB6S0xEbjhPQXd0ZVhlM0RzRWUwYVFIYw?oc=5\" target=\"_blank\" rel=\"nofollow noopener\">Decisi\u00f3n vital en el duelo Alcaraz-Sinner: \u00abSoy un hombre de palabra, hicimos un pacto en Wimbledon\u00bb<\/a>&nbsp;&nbsp;Mundo Deportivo<\/li>\n<\/ol>\n","protected":false},"excerpt":{"rendered":"Carlos Alcaraz se juega el n\u00famero 1 del tenis mundial en las Nitto ATP Finals: qu\u00e9 es, cu\u00e1ndo&hellip;\n","protected":false},"author":2,"featured_media":219548,"comment_status":"","ping_status":"","sticky":false,"template":"","format":"standard","meta":{"footnotes":""},"categories":[274],"tags":[168,25,24,23,167,327,326],"class_list":{"0":"post-226460","1":"post","2":"type-post","3":"status-publish","4":"format-standard","5":"has-post-thumbnail","7":"category-tenis","8":"tag-deportes","9":"tag-es","10":"tag-espana","11":"tag-spain","12":"tag-sports","13":"tag-tenis","14":"tag-tennis"},"share_on_mastodon":{"url":"https:\/\/pubeurope.com\/@es\/115518929927617565","error":""},"_links":{"self":[{"href":"https:\/\/www.europesays.com\/es\/wp-json\/wp\/v2\/posts\/226460","targetHints":{"allow":["GET"]}}],"collection":[{"href":"https:\/\/www.europesays.com\/es\/wp-json\/wp\/v2\/posts"}],"about":[{"href":"https:\/\/www.europesays.com\/es\/wp-json\/wp\/v2\/types\/post"}],"author":[{"embeddable":true,"href":"https:\/\/www.europesays.com\/es\/wp-json\/wp\/v2\/users\/2"}],"replies":[{"embeddable":true,"href":"https:\/\/www.europesays.com\/es\/wp-json\/wp\/v2\/comments?post=226460"}],"version-history":[{"count":0,"href":"https:\/\/www.europesays.com\/es\/wp-json\/wp\/v2\/posts\/226460\/revisions"}],"wp:featuredmedia":[{"embeddable":true,"href":"https:\/\/www.europesays.com\/es\/wp-json\/wp\/v2\/media\/219548"}],"wp:attachment":[{"href":"https:\/\/www.europesays.com\/es\/wp-json\/wp\/v2\/media?parent=226460"}],"wp:term":[{"taxonomy":"category","embeddable":true,"href":"https:\/\/www.europesays.com\/es\/wp-json\/wp\/v2\/categories?post=226460"},{"taxonomy":"post_tag","embeddable":true,"href":"https:\/\/www.europesays.com\/es\/wp-json\/wp\/v2\/tags?post=226460"}],"curies":[{"name":"wp","href":"https:\/\/api.w.org\/{rel}","templated":true}]}}