{"id":226553,"date":"2025-11-09T10:10:07","date_gmt":"2025-11-09T10:10:07","guid":{"rendered":"https:\/\/www.europesays.com\/es\/226553\/"},"modified":"2025-11-09T10:10:07","modified_gmt":"2025-11-09T10:10:07","slug":"el-periodico-mas-leido-de-argentina-habla-en-estos-terminos-del-encuentro-entre-rafa-nadal-y-milei","status":"publish","type":"post","link":"https:\/\/www.europesays.com\/es\/226553\/","title":{"rendered":"El peri\u00f3dico m\u00e1s le\u00eddo de Argentina habla en estos t\u00e9rminos del encuentro entre Rafa Nadal y Milei"},"content":{"rendered":"<p>El peri\u00f3dico m\u00e1s le\u00eddo de Argentina, <a href=\"https:\/\/www.huffingtonpost.es\/virales\/el-diario-argentino-clarin-explica-que-milei-hablado-begona-gomez-tela.html\" rel=\"nofollow noopener\" target=\"_blank\">el diario Clar\u00edn<\/a>, con sede en Buenos Aires, fundado en el a\u00f1o 1945 por Roberto Noble y que logr\u00f3 en mayo de 2019 el r\u00e9cord de audiencia en medios digitales en el pa\u00eds, con 19.564.000 usuarios \u00fanicos, <a href=\"https:\/\/www.clarin.com\/politica\/hacer-dobles-encuentro-javier-milei-rafa-nadal-nalbandian-carlos-moya-miami_0_f3qFCtavk4.html\" target=\"_blank\" rel=\"nofollow noopener\">ha analizado<\/a> el comentado <a href=\"https:\/\/www.huffingtonpost.es\/deporte\/rafa-nadal-encuentra-milei-presidente-argentino-da-vuelta-mundo.html\" rel=\"nofollow noopener\" target=\"_blank\">encuentro entre el extenista espa\u00f1ol Rafa Nadal y el presidente de Argentina, Javier Milei<\/a>.<\/p>\n<p>El exdeportista de Manacor <a href=\"https:\/\/www.huffingtonpost.es\/virales\/pocos-han-reaccionado-comentado-encuentro-rafa-nadal-milei-escritor-rafael-narbona.html\" rel=\"nofollow noopener\" target=\"_blank\">tuvo un breve intercambio de palabras junto al mandatario argentino<\/a> en una sala durante su visita al American Business Forum, celebrado en Miami. Evento en el que tambi\u00e9n participaron el presidente de Estados Unidos, Donald Trump, o el futbolista Lionel Messi, entre otros.\u00a0<\/p>\n<p>La leyenda del tenis, segundo tenista\u00a0masculino con mayor n\u00famero de t\u00edtulos de Grand Slam, s\u00f3lo superado por el serbio Novak Djokovic, quiso saludar a Milei y acudi\u00f3 junto a otros rostros conocidos.<\/p>\n<p>\u00ab<b>La puerta de una peque\u00f1a sala se abri\u00f3 y por all\u00ed entr\u00f3 <\/b>el extenista Rafael Nadal. El ex n\u00famero 1 del mundo saludaba, mientras caminaba hacia \u00e9l, al presidente Javier Milei\u00bb, ha contado Clar\u00edn.<\/p>\n<p>El diario argentino ha recogido el \u00abno te la puedo creer\u00bb del mandatario al ver a Nadal, antes de mantener \u00ab<b>un breve encuentro que mantuvo con el mallorqu\u00edn<\/b>, el tambi\u00e9n tenista espa\u00f1ol Carlos Moy\u00e1 (tambi\u00e9n fue n\u00famero uno) y el argentino David Nalbandian\u00bb.<\/p>\n<p>\u00abIgnacio Gonz\u00e1lez Castro, (organizador del evento) fan\u00e1tico del tenis,<b> fue quien se encarg\u00f3 de entrevistar a Nadal<\/b>, que tuvo su propia aparici\u00f3n en el foro. Fue \u00e9l quien ofici\u00f3 de enlace y moderador, al principio, en la improvisada reuni\u00f3n en los camarines\u00bb, ha detallado.<\/p>\n<p>\u00abPero las miradas se centraron en el intercambio entre Nadal y Milei. El court central era de ellos\u00bb, ha se\u00f1alado el citado medio, antes de destacar la frase del presidente argentino: \u00ab<b>\u00bfQu\u00e9 tal, Rafa? \u00bfC\u00f3mo est\u00e1s? \u00a1Qu\u00e9 honor!<\/b>\u00ab.<\/p>\n<p>Desde Clar\u00edn\u00a0han llegado a asegurar que Gonz\u00e1lez Castro brome\u00f3 con los extenistas y solt\u00f3 la frase \u00abestamos para hacer un dobles\u00bb. \u00ab<b>S\u00f3lo mirar\u00eda. S\u00f3lo admirar\u00eda<\/b>\u00ab, apunt\u00f3 Javier Milei. Algo a lo que Nalbandian replic\u00f3 con un \u00ab<b>cada uno en lo que sabe<\/b>\u00ab. \u00abHago otras cosas\u00bb, destac\u00f3 el presidente argentino.<\/p>\n<p>\u00ab<b>Antes de encarar hacia los pasillos y salir a la cancha, no faltaron las fotos con los pulgares arriba del presidente<\/b> y otro cordial saludo, esta vez de despedida con Nadal, que esta vez, despidi\u00f3 con un beso a la secretaria general de la Presidencia\u00bb, ha cerrado el citado medio.<\/p>\n","protected":false},"excerpt":{"rendered":"El peri\u00f3dico m\u00e1s le\u00eddo de Argentina, el diario Clar\u00edn, con sede en Buenos Aires, fundado en el a\u00f1o&hellip;\n","protected":false},"author":2,"featured_media":226554,"comment_status":"","ping_status":"","sticky":false,"template":"","format":"standard","meta":{"footnotes":""},"categories":[274],"tags":[283,168,25,24,4245,6894,23,167,327,326],"class_list":{"0":"post-226553","1":"post","2":"type-post","3":"status-publish","4":"format-standard","5":"has-post-thumbnail","7":"category-tenis","8":"tag-argentina","9":"tag-deportes","10":"tag-es","11":"tag-espana","12":"tag-javier-milei","13":"tag-rafa-nadal","14":"tag-spain","15":"tag-sports","16":"tag-tenis","17":"tag-tennis"},"share_on_mastodon":{"url":"https:\/\/pubeurope.com\/@es\/115519201263515967","error":""},"_links":{"self":[{"href":"https:\/\/www.europesays.com\/es\/wp-json\/wp\/v2\/posts\/226553","targetHints":{"allow":["GET"]}}],"collection":[{"href":"https:\/\/www.europesays.com\/es\/wp-json\/wp\/v2\/posts"}],"about":[{"href":"https:\/\/www.europesays.com\/es\/wp-json\/wp\/v2\/types\/post"}],"author":[{"embeddable":true,"href":"https:\/\/www.europesays.com\/es\/wp-json\/wp\/v2\/users\/2"}],"replies":[{"embeddable":true,"href":"https:\/\/www.europesays.com\/es\/wp-json\/wp\/v2\/comments?post=226553"}],"version-history":[{"count":0,"href":"https:\/\/www.europesays.com\/es\/wp-json\/wp\/v2\/posts\/226553\/revisions"}],"wp:featuredmedia":[{"embeddable":true,"href":"https:\/\/www.europesays.com\/es\/wp-json\/wp\/v2\/media\/226554"}],"wp:attachment":[{"href":"https:\/\/www.europesays.com\/es\/wp-json\/wp\/v2\/media?parent=226553"}],"wp:term":[{"taxonomy":"category","embeddable":true,"href":"https:\/\/www.europesays.com\/es\/wp-json\/wp\/v2\/categories?post=226553"},{"taxonomy":"post_tag","embeddable":true,"href":"https:\/\/www.europesays.com\/es\/wp-json\/wp\/v2\/tags?post=226553"}],"curies":[{"name":"wp","href":"https:\/\/api.w.org\/{rel}","templated":true}]}}