{"id":226555,"date":"2025-11-09T10:11:12","date_gmt":"2025-11-09T10:11:12","guid":{"rendered":"https:\/\/www.europesays.com\/es\/226555\/"},"modified":"2025-11-09T10:11:12","modified_gmt":"2025-11-09T10:11:12","slug":"el-desafio-el-acebo-muestra-el-paraiso-del-suroccidente","status":"publish","type":"post","link":"https:\/\/www.europesays.com\/es\/226555\/","title":{"rendered":"el \u2018Desaf\u00edo El Acebo\u2019 muestra el para\u00edso del Suroccidente"},"content":{"rendered":"<p class=\"ft-text\">El paisaje es el principal reclamo para que ciclistas, tanto aficionados como profesionales, se acerquen a <strong>Cangas del Narcea<\/strong> a disfrutar de la propuesta <strong>cicloturista \u201cDesaf\u00edo El Acebo\u201d<\/strong>, que organiza por cuarto a\u00f1o el <strong>club deportivo \u201cCangasport\u201d<\/strong>. Unos <strong>120 ciclistas <\/strong>se inscribieron en la prueba y tomaron la salida en la plaza del Merc\u00e1u, ante el Ayuntamiento.<\/p>\n<p class=\"ft-text\">En total, los ciclistas recorrieron <strong>107,2 kil\u00f3metros<\/strong> por carreteras canguesas, realizando una ruta totalmente diferente a la de a\u00f1os anteriores y que los llev\u00f3 a conocer <strong>La Chabola de Vallao, Bruelles y a hacer meta en el Alto del Acebo<\/strong>, lugar al que tambi\u00e9n llegaron realizando un recorrido alternativo, puesto que el Acebo cuenta con m\u00faltiples accesos. Una subida emblem\u00e1tica para los ciclistas por ser habitual de las de etapas de la <strong>Vuelta a Asturias<\/strong> y que en 2019 fue un final de etapa de la <strong>Vuelta a Espa\u00f1a<\/strong>.<\/p>\n<p class=\"ft-text\">\u201cEl recorrido es muy guapo y nuevo \u00edntegramente, para que los corredores vean las posibilidades que ofrece el concejo y el Suroccidente\u201d, asegura <strong>Daniel Cuervo, al frente de la organizaci\u00f3n<\/strong>.<\/p>\n<p class=\"ft-text\">Disfrutar del paisaje es el principal atractivo para los participantes de esta prueba ciclista no competitiva. Entre ellos hay aficionados, pero tambi\u00e9n profesionales, como es el caso del ovetense<strong> Pelayo Merino, del equipo XSpeed United,<\/strong> que repite participaci\u00f3n en la carrera porque \u201ctiene unas vistas muy bonitas para disfrutarlas y la organizaci\u00f3n pone mucho mimo en hacerla y eso se agradece\u201d, subraya.<\/p>\n<p class=\"ft-text\">Desde A Coru\u00f1a, por primera vez asisti\u00f3 a la prueba el cicloturista <strong>Manuel P\u00e9rez<\/strong>, que lleg\u00f3 con el objetivo claro de disfrutar del paisaje: \u201cEsta zona siempre es bonita e interesante, un poco abrupta, pero a los cicloturistas nos gusta venir a este tipo de eventos\u201d.<\/p>\n<p class=\"ft-text\">Natural de Ucrania, pero afincado en Oviedo, <strong>Yevgen Kadubovsky, Eugenio <\/strong>en Espa\u00f1a, se apunt\u00f3 a realizar la ruta para descubrir una zona de Asturias que desconoc\u00eda y haciendo algo que le apasiona, salir en bicicleta. \u201cMis amigos me hab\u00edan dicho que esta es una zona muy bonita, m\u00e1s desconocida y ten\u00eda ganas de venir a descubrirla y a conocer gente y me ha encantado\u201d, confes\u00f3.<\/p>\n<p class=\"ft-text\">La carrera cont\u00f3 tambi\u00e9n con un gran equipo de organizaci\u00f3n y seguridad que sumaron un centenar de personas, lo que hizo que el desarrollo de la misma fuera \u201c<strong>un \u00e9xito total<\/strong>\u201d, seg\u00fan Daniel Cuervo.<\/p>\n<p class=\"ft-text\">El fin de carrera se sell\u00f3 con una comida de familia en el patio del Ayuntamiento en la que sirvieron hamburguesas.<\/p>\n","protected":false},"excerpt":{"rendered":"El paisaje es el principal reclamo para que ciclistas, tanto aficionados como profesionales, se acerquen a Cangas del&hellip;\n","protected":false},"author":2,"featured_media":226556,"comment_status":"","ping_status":"","sticky":false,"template":"","format":"standard","meta":{"footnotes":""},"categories":[273],"tags":[2984,1250,2903,313,2838,312,168,10897,21749,25,24,43038,23,167,43039],"class_list":{"0":"post-226555","1":"post","2":"type-post","3":"status-publish","4":"format-standard","5":"has-post-thumbnail","7":"category-ciclismo","8":"tag-aficionados","9":"tag-ayuntamiento","10":"tag-cangas","11":"tag-ciclismo","12":"tag-ciclistas","13":"tag-cycling","14":"tag-deportes","15":"tag-desafio","16":"tag-enamora","17":"tag-es","18":"tag-espana","19":"tag-narcea","20":"tag-spain","21":"tag-sports","22":"tag-suroccidente"},"share_on_mastodon":{"url":"https:\/\/pubeurope.com\/@es\/115519205051942418","error":""},"_links":{"self":[{"href":"https:\/\/www.europesays.com\/es\/wp-json\/wp\/v2\/posts\/226555","targetHints":{"allow":["GET"]}}],"collection":[{"href":"https:\/\/www.europesays.com\/es\/wp-json\/wp\/v2\/posts"}],"about":[{"href":"https:\/\/www.europesays.com\/es\/wp-json\/wp\/v2\/types\/post"}],"author":[{"embeddable":true,"href":"https:\/\/www.europesays.com\/es\/wp-json\/wp\/v2\/users\/2"}],"replies":[{"embeddable":true,"href":"https:\/\/www.europesays.com\/es\/wp-json\/wp\/v2\/comments?post=226555"}],"version-history":[{"count":0,"href":"https:\/\/www.europesays.com\/es\/wp-json\/wp\/v2\/posts\/226555\/revisions"}],"wp:featuredmedia":[{"embeddable":true,"href":"https:\/\/www.europesays.com\/es\/wp-json\/wp\/v2\/media\/226556"}],"wp:attachment":[{"href":"https:\/\/www.europesays.com\/es\/wp-json\/wp\/v2\/media?parent=226555"}],"wp:term":[{"taxonomy":"category","embeddable":true,"href":"https:\/\/www.europesays.com\/es\/wp-json\/wp\/v2\/categories?post=226555"},{"taxonomy":"post_tag","embeddable":true,"href":"https:\/\/www.europesays.com\/es\/wp-json\/wp\/v2\/tags?post=226555"}],"curies":[{"name":"wp","href":"https:\/\/api.w.org\/{rel}","templated":true}]}}