{"id":226559,"date":"2025-11-09T10:14:12","date_gmt":"2025-11-09T10:14:12","guid":{"rendered":"https:\/\/www.europesays.com\/es\/226559\/"},"modified":"2025-11-09T10:14:12","modified_gmt":"2025-11-09T10:14:12","slug":"david-moreno-la-gran-joya-de-la-masia-vuelve-a-lo-grande","status":"publish","type":"post","link":"https:\/\/www.europesays.com\/es\/226559\/","title":{"rendered":"David Moreno, la gran joya de La Masia, vuelve a lo grande"},"content":{"rendered":"<p class=\"ft-text\"><a class=\"ft-link ft-link--decoration\" href=\"https:\/\/www.sport.es\/es\/noticias\/barca\/futbol-base\/vuelve-zurda-magica-masia-123478462\" rel=\"nofollow noopener\" target=\"_blank\">Sport lo anunci\u00f3 el viernes<\/a>. La mejor zurda de la Masia est\u00e1 de vuelta. Sab\u00edamos que hab\u00eda llegado la hora pero no pod\u00edamos esperar que la explosi\u00f3n fuera tan inmediata. Dicho y hecho.<\/p>\n<p class=\"ft-text\"><strong>David Moreno debut\u00f3 este s\u00e1bado tras muchas semanas de no poder jugar.<\/strong> Unas molestias en el psoas provocadas por el crecimiento le hab\u00edan apartado de los terrenos de juego.<\/p>\n<p class=\"ft-text\">El campo de f\u00fatbol Ramon Farr\u00fas de Lleida donde juega el Atl\u00e8tic Segre fue el escenario escogido para el debut esta temporada de la gran perla de la cantera del Bar\u00e7a. En La Masia hay talentos extraordinarios pero lo de David Moreno (13 a\u00f1os) es otro cantar.<\/p>\n<p><img decoding=\"async\" src=\"https:\/\/www.europesays.com\/es\/wp-content\/uploads\/2025\/11\/687e5a58-b26f-4ac2-ad56-bca3c476ddcb_alta-libre-aspect-ratio_default_0.jpg\" width=\"1200\" height=\"675\" alt=\"David Moreno asegura desequilibrio y gol\" class=\"ft-helper-img-rd\" loading=\"lazy\"\/><\/p>\n<p class=\"ft-helper-fontColor-quaternary ft-helper-fontSize-body-S ft-helper-spacer-t-xxs\">David Moreno asegura desequilibrio y gol  \/ Dani Barbeito<\/p>\n<p class=\"ft-text\">El ex jugador del Levante (jug\u00f3 all\u00ed hasta el verano del 2023) empez\u00f3 el partido en el banquillo. Sentado al lado de Adri\u00e0 Monr\u00e0s y Bernat Gispert (los entrenadores) David observ\u00f3 los primeros 35 minutos de dominio blaugrana sin goles.<strong> El cuerpo t\u00e9cnico decidi\u00f3 que entrara tras la charla t\u00e9cnica del descanso y el efecto fue inmediato.<\/strong><\/p>\n<p class=\"ft-text\">El Sub-14 blaugrana (antiguo Infantil A) abri\u00f3 la lata a los seis minutos de la reanudaci\u00f3n y lo hizo gracias a la zurda incunable de Moreno. <strong>David agarr\u00f3 un bal\u00f3n y se invent\u00f3 un pase al espacio para que Agus Marcet definiera con gran calidad ante el portero leridano<\/strong>. Poco despu\u00e9s Agus marc\u00f3 el 0-2 en una jugada poco vistosa pero muy efectiva.<\/p>\n<p><img decoding=\"async\" src=\"https:\/\/www.europesays.com\/es\/wp-content\/uploads\/2025\/11\/e42fd34c-b3dd-4dc9-b882-a4f7e5e8a599_alta-libre-aspect-ratio_default_0.jpg\" width=\"1200\" height=\"675\" alt=\"David Moreno celebra un gol\" class=\"ft-helper-img-rd\" loading=\"lazy\"\/><\/p>\n<p class=\"ft-helper-fontColor-quaternary ft-helper-fontSize-body-S ft-helper-spacer-t-xxs\">David Moreno celebra un gol  \/ Valent\u00ed Enrich<\/p>\n<p class=\"ft-text\">El 0-3 s\u00ed que fue vistoso y tambi\u00e9n efectivo. Un gol que volvi\u00f3 a llevar el sello de la varita m\u00e1gica del poeta del gol de La Masia. <strong>David Moreno control\u00f3 un esf\u00e9rico fuera del \u00e1rea y se perfil\u00f3 para su zurda y envi\u00f3 la pelota a la escuadra<\/strong>. Hab\u00edan pasado 11 minutos de la segunda parte y el Bar\u00e7a ganaba 0-3. De una primera parte compleja se hab\u00eda pasado, David mediante, a un segundo tiempo pl\u00e1cido.<\/p>\n<p class=\"ft-text\">El Atl\u00e8tic Segre hab\u00eda encajado dos goles en sus cuatro anteriores partidos y hab\u00eda resistido en la primera parte. La presencia de David Moreno en la reanudaci\u00f3n dilapid\u00f3 la resistencia leridana que acab\u00f3 el partido aceptando resignados el resultado final (0-4).<\/p>\n<p><img decoding=\"async\" src=\"https:\/\/www.europesays.com\/es\/wp-content\/uploads\/2025\/11\/c79a7965-be7f-436c-a93b-cbf75745e97a_alta-libre-aspect-ratio_default_0.jpg\" width=\"1200\" height=\"675\" alt=\"David Moreno es un jugador de gran talento\" class=\"ft-helper-img-rd\" loading=\"lazy\"\/><\/p>\n<p class=\"ft-helper-fontColor-quaternary ft-helper-fontSize-body-S ft-helper-spacer-t-xxs\">David Moreno es un jugador de gran talento  \/ Dani Barbeito<\/p>\n<p class=\"ft-text\">El valenciano estaba situado como interior izquierdo. Aunque a\u00fan falto de ritmo, a David se le vio con mucho dinamismo y ganas de volver a divertirse.<\/p>\n<p class=\"ft-text\">Al margen del pase de gol y el tanto espectacular &#8216;Deivit&#8217; dej\u00f3 dos o tres detallitos m\u00e1s de crack. <strong>Hubo una jugada en la que incluso provoc\u00f3 que su compa\u00f1ero Alan Guerra se pusiera las manos en la cabeza alucinando con el gesto t\u00e9cnico de David<\/strong>.<\/p>\n<p class=\"ft-text\">Adri\u00e0 Monr\u00e0s no quiso arriesgar y despu\u00e9s de 25 minutos de clase magistral de David Moreno, decidi\u00f3 sustituirlo. Sin \u00e9l en el campo, el Sub-14 blaugrana marc\u00f3 el 0-4 en una buena acci\u00f3n de Antonio Amaya que aprovech\u00f3 la asistencia de un inspirado Agus Marcet.<\/p>\n<p class=\"ft-text\">Con esta victoria, el Bar\u00e7a se mantiene segundo a un punto del Espanyol. <strong>Los infantiles de segundo a\u00f1o blaugranas jugar\u00e1n el pr\u00f3ximo fin de semana contra el AEM, la jornada siguiente visitar\u00e1n el campo del Cornell\u00e0 y el 29 de Noviembre recibir\u00e1n al Espanyol en un partido que puede ser determinante<\/strong>.<\/p>\n<p class=\"ft-text\">El \u00faltimo derbi que jug\u00f3 David Moreno<a class=\"ft-link ft-link--decoration\" href=\"https:\/\/www.sport.es\/es\/noticias\/barca\/david-moreno-mejor-zurda-masia-116150411\" rel=\"nofollow noopener\" target=\"_blank\"> marc\u00f3 tres goles <\/a>y en el tiempo a\u00f1adido se invent\u00f3 un tanto al m\u00e1s puro estilo Messi que se convirti\u00f3 en viral.<\/p>\n<p class=\"ft-text\">Ha valido la pena esperar. David Moreno ha vuelto y lo ha hecho a lo grande. Toca disfrutar.<\/p>\n","protected":false},"excerpt":{"rendered":"Sport lo anunci\u00f3 el viernes. La mejor zurda de la Masia est\u00e1 de vuelta. Sab\u00edamos que hab\u00eda llegado&hellip;\n","protected":false},"author":2,"featured_media":226560,"comment_status":"","ping_status":"","sticky":false,"template":"","format":"standard","meta":{"footnotes":""},"categories":[268],"tags":[38465,59745,168,25,24,280,282,281,23,167],"class_list":{"0":"post-226559","1":"post","2":"type-post","3":"status-publish","4":"format-standard","5":"has-post-thumbnail","7":"category-futbol","8":"tag-adn-masia","9":"tag-david-moreno","10":"tag-deportes","11":"tag-es","12":"tag-espana","13":"tag-football","14":"tag-futbol","15":"tag-soccer","16":"tag-spain","17":"tag-sports"},"share_on_mastodon":{"url":"https:\/\/pubeurope.com\/@es\/115519217282491495","error":""},"_links":{"self":[{"href":"https:\/\/www.europesays.com\/es\/wp-json\/wp\/v2\/posts\/226559","targetHints":{"allow":["GET"]}}],"collection":[{"href":"https:\/\/www.europesays.com\/es\/wp-json\/wp\/v2\/posts"}],"about":[{"href":"https:\/\/www.europesays.com\/es\/wp-json\/wp\/v2\/types\/post"}],"author":[{"embeddable":true,"href":"https:\/\/www.europesays.com\/es\/wp-json\/wp\/v2\/users\/2"}],"replies":[{"embeddable":true,"href":"https:\/\/www.europesays.com\/es\/wp-json\/wp\/v2\/comments?post=226559"}],"version-history":[{"count":0,"href":"https:\/\/www.europesays.com\/es\/wp-json\/wp\/v2\/posts\/226559\/revisions"}],"wp:featuredmedia":[{"embeddable":true,"href":"https:\/\/www.europesays.com\/es\/wp-json\/wp\/v2\/media\/226560"}],"wp:attachment":[{"href":"https:\/\/www.europesays.com\/es\/wp-json\/wp\/v2\/media?parent=226559"}],"wp:term":[{"taxonomy":"category","embeddable":true,"href":"https:\/\/www.europesays.com\/es\/wp-json\/wp\/v2\/categories?post=226559"},{"taxonomy":"post_tag","embeddable":true,"href":"https:\/\/www.europesays.com\/es\/wp-json\/wp\/v2\/tags?post=226559"}],"curies":[{"name":"wp","href":"https:\/\/api.w.org\/{rel}","templated":true}]}}