{"id":226615,"date":"2025-11-09T10:57:14","date_gmt":"2025-11-09T10:57:14","guid":{"rendered":"https:\/\/www.europesays.com\/es\/226615\/"},"modified":"2025-11-09T10:57:14","modified_gmt":"2025-11-09T10:57:14","slug":"las-rozas-se-prepara-para-vivir-la-xxxiv-edicion-del-memorial-clavero","status":"publish","type":"post","link":"https:\/\/www.europesays.com\/es\/226615\/","title":{"rendered":"Las Rozas se prepara para vivir la XXXIV edici\u00f3n del Memorial Clavero"},"content":{"rendered":"<p data-mrf-recirculation=\"Links P\u00e1rrafos\" class=\"ue-c-article__paragraph paragraph ue-c-article--first-letter-highlighted\">El ciclismo volver\u00e1 a ser protagonista en Las Rozas el s\u00e1bado 22 de noviembre con la celebraci\u00f3n del <strong>Memorial Mar\u00eda Isabel Clavero<\/strong>, que alcanza ya su XXXIV edici\u00f3n y que, un a\u00f1o m\u00e1s, reunir\u00e1 a aficionados, familias y a nombres destacados del pelot\u00f3n profesional.<\/p>\n<p data-mrf-recirculation=\"Links P\u00e1rrafos\" class=\"ue-c-article__paragraph paragraph\">La jornada abrir\u00e1 por la ma\u00f1ana, a partir de las 11:00, con la tradicional fiesta de la bicicleta, pensada para acercar este deporte a los m\u00e1s peque\u00f1os y para crear un punto de encuentro entre la afici\u00f3n y los ciclistas. <strong>Ser\u00e1 una oportunidad para pedalear en familia y compartir el ambiente previo a las carreras.<\/strong><\/p>\n<p><img decoding=\"async\" width=\"1008\" height=\"1344\" class=\"ue-c-article__image lazyload\" alt=\"Carteles XXXIV Edici\u00f3n MMIC\" loading=\"lazy\" src=\"https:\/\/www.europesays.com\/es\/wp-content\/uploads\/2025\/11\/6910352f192b7.png\"\/><\/p>\n<p>Carteles XXXIV Edici\u00f3n MMIC<\/p>\n<p data-mrf-recirculation=\"Links P\u00e1rrafos\" class=\"ue-c-article__paragraph paragraph\">A las 12:45 se dar\u00e1 el pistoletazo de salida a las pruebas competitivas. El Memorial mantiene su circuito habitual en el entorno del Parque Empresarial, con la zona de carpas, podio y servicios situada en la calle Vicente Aleixandre, 2. El programa contar\u00e1 con cinco mangas: las f\u00e9minas abrir\u00e1n el programa con 10 vueltas; despu\u00e9s llegar\u00e1 el turno de M\u00e1ster 30-40 y Senior, que completar\u00e1n 20 giros a un trazado de un kil\u00f3metro. Posteriormente se disputar\u00e1n las mangas de homenajeados, \u00c9lite y Sub-23, y la siempre esperada cita de exprofesionales, donde se dan cita muchos nombres que marcaron \u00e9poca.<\/p>\n<p data-mrf-recirculation=\"Links P\u00e1rrafos\" class=\"ue-c-article__paragraph paragraph\">El pelot\u00f3n femenino estar\u00e1 compuesto por corredoras profesionales, \u00e9lite y amateur que compiten durante la temporada en el calendario internacional, nacional y auton\u00f3mico. Las pruebas estar\u00e1n reguladas por la <strong>Federaci\u00f3n Madrile\u00f1a de Ciclismo,<\/strong> con \u00e1rbitros en l\u00ednea de meta y en el coche de carrera.<\/p>\n<p data-mrf-recirculation=\"Links P\u00e1rrafos\" class=\"ue-c-article__paragraph paragraph\">El Ayuntamiento de Las Rozas, a trav\u00e9s de la Concejal\u00eda de Deportes, vuelve a colaborar en el desarrollo del Memorial. Polic\u00eda Local, Guardia Civil, Protecci\u00f3n Civil y el SAMER garantizar\u00e1n la seguridad de la prueba. En la pasada edici\u00f3n, celebrada en 2024, se impusieron Perico Delgado en la manga de exprofesionales, y Almudena Morales y Carlos Verona en la manga de exhibici\u00f3n.<\/p>\n<p>Horarios del Memorial (22\/11\/2024)<\/p>\n<p data-mrf-recirculation=\"Links P\u00e1rrafos\" class=\"ue-c-article__paragraph paragraph\">12:45 h \u2013 F\u00e9minas (10 vueltas)<\/p>\n<p data-mrf-recirculation=\"Links P\u00e1rrafos\" class=\"ue-c-article__paragraph paragraph\">13:00 h \u2013 M\u00e1ster 30 y 40 (20 vueltas)<\/p>\n<p data-mrf-recirculation=\"Links P\u00e1rrafos\" class=\"ue-c-article__paragraph paragraph\">13:40 h \u2013 Exprofesionales (10 vueltas)<\/p>\n<p data-mrf-recirculation=\"Links P\u00e1rrafos\" class=\"ue-c-article__paragraph paragraph\">14:00 h \u2013 \u00c9lite y Sub-23 (15 vueltas)<\/p>\n<p data-mrf-recirculation=\"Links P\u00e1rrafos\" class=\"ue-c-article__paragraph paragraph\">14:30 h \u2013 Homenajeados<\/p>\n<p data-mrf-recirculation=\"Links P\u00e1rrafos\" class=\"ue-c-article__paragraph paragraph\">15:00 h \u2013 Entrega de premios<\/p>\n","protected":false},"excerpt":{"rendered":"El ciclismo volver\u00e1 a ser protagonista en Las Rozas el s\u00e1bado 22 de noviembre con la celebraci\u00f3n del&hellip;\n","protected":false},"author":2,"featured_media":226616,"comment_status":"","ping_status":"","sticky":false,"template":"","format":"standard","meta":{"footnotes":""},"categories":[273],"tags":[313,312,168,25,24,23,167],"class_list":{"0":"post-226615","1":"post","2":"type-post","3":"status-publish","4":"format-standard","5":"has-post-thumbnail","7":"category-ciclismo","8":"tag-ciclismo","9":"tag-cycling","10":"tag-deportes","11":"tag-es","12":"tag-espana","13":"tag-spain","14":"tag-sports"},"share_on_mastodon":{"url":"https:\/\/pubeurope.com\/@es\/115519386223116338","error":""},"_links":{"self":[{"href":"https:\/\/www.europesays.com\/es\/wp-json\/wp\/v2\/posts\/226615","targetHints":{"allow":["GET"]}}],"collection":[{"href":"https:\/\/www.europesays.com\/es\/wp-json\/wp\/v2\/posts"}],"about":[{"href":"https:\/\/www.europesays.com\/es\/wp-json\/wp\/v2\/types\/post"}],"author":[{"embeddable":true,"href":"https:\/\/www.europesays.com\/es\/wp-json\/wp\/v2\/users\/2"}],"replies":[{"embeddable":true,"href":"https:\/\/www.europesays.com\/es\/wp-json\/wp\/v2\/comments?post=226615"}],"version-history":[{"count":0,"href":"https:\/\/www.europesays.com\/es\/wp-json\/wp\/v2\/posts\/226615\/revisions"}],"wp:featuredmedia":[{"embeddable":true,"href":"https:\/\/www.europesays.com\/es\/wp-json\/wp\/v2\/media\/226616"}],"wp:attachment":[{"href":"https:\/\/www.europesays.com\/es\/wp-json\/wp\/v2\/media?parent=226615"}],"wp:term":[{"taxonomy":"category","embeddable":true,"href":"https:\/\/www.europesays.com\/es\/wp-json\/wp\/v2\/categories?post=226615"},{"taxonomy":"post_tag","embeddable":true,"href":"https:\/\/www.europesays.com\/es\/wp-json\/wp\/v2\/tags?post=226615"}],"curies":[{"name":"wp","href":"https:\/\/api.w.org\/{rel}","templated":true}]}}