{"id":226619,"date":"2025-11-09T11:00:12","date_gmt":"2025-11-09T11:00:12","guid":{"rendered":"https:\/\/www.europesays.com\/es\/226619\/"},"modified":"2025-11-09T11:00:12","modified_gmt":"2025-11-09T11:00:12","slug":"ansu-fati-falla-un-penalti-en-la-derrota-del-monaco-ante-el-lens","status":"publish","type":"post","link":"https:\/\/www.europesays.com\/es\/226619\/","title":{"rendered":"Ansu Fati falla un penalti en la derrota del M\u00f3naco ante el Lens"},"content":{"rendered":"<p data-gtm-element-container=\"modulo-texto-link\" class=\"paragraph\">El <strong>Lens<\/strong>, con un doblete de <strong>Wesley Said<\/strong> y el hundimiento del <strong>M\u00f3naco<\/strong>, con <strong>Ansu Fati<\/strong>, que fall\u00f3 un penalti en el tramo final, y que jug\u00f3 con un jugador menos toda la segunda parte por la expulsi\u00f3n de<strong> Folaron Balogun<\/strong>, gole\u00f3 en el estadio <strong>Luis II<\/strong> (1-4) de donde sali\u00f3 a la misma altura del l\u00edder, el <strong>Marsella<\/strong>, pendientes de que la duod\u00e9cima jornada quede completada este domingo, cuando el <strong>Par\u00eds Saint-Germain<\/strong> visite el campo del <strong>Lyon<\/strong>. Solo la diferencia de goles mantiene por delante al cuadro marsell\u00e9s, que gole\u00f3 3-0 al <strong>Brest<\/strong>.\u00a0<\/p>\n<p data-gtm-element-container=\"modulo-texto-link\" class=\"paragraph\">El <strong>M\u00f3naco <\/strong>encaj\u00f3 su segunda derrota seguida. Est\u00e1 en pleno bache el combinado de <strong>Sebastien Pocognoli,<\/strong> que no tuvo respuesta ante el dominio de su rival.\u00a0El <strong>Lens <\/strong>aprovech\u00f3 un error del meta <strong>Philipp Kohn<\/strong> para ponerse por delante por medio de <strong>Odsonne Edouard,<\/strong> pero a la media hora una falta dentro del \u00e1rea de <strong>Mamadou Sangare<\/strong> a <strong>Folarin Balogun<\/strong> fue sancionada como penalti. Balogun lo transform\u00f3 y estableci\u00f3 el empate.<\/p>\n<p data-gtm-element-container=\"modulo-texto-link\" class=\"paragraph\">Cinco minutos despu\u00e9s, en el 40, <strong>Wesley Said <\/strong>aprovech\u00f3 un bal\u00f3n recibido por <strong>Edouard <\/strong>y adelant\u00f3 a los visitantes, que implantaron su superioridad cuando en el a\u00f1adido una dura falta de <strong>Balogun <\/strong>sobre <strong>Sangare <\/strong>le cost\u00f3 la tarjeta roja.\u00a0Antes del intermedio, adem\u00e1s, el Lens dio la puntilla al M\u00f3naco. Firm\u00f3 el tercero, de <strong>Mamadou Sangare<\/strong> a pase de <strong>Florian Thauvin<\/strong> y a la hora de partido, Wesley Said cerr\u00f3 la goleada del conjunto de <strong>Pierre Sage.<\/strong><\/p>\n<p>    Lee tambi\u00e9n<\/p>\n<p data-gtm-element-container=\"modulo-texto-link\" class=\"paragraph\">Sac\u00f3 el t\u00e9cnico belga Sebastien Pocognoli a <strong>Ansu Fati <\/strong>a falta de un cuarto de hora para el final, en lugar de <strong>Maghnes Akliouche<\/strong>. Una mano dentro del \u00e1rea pudo maquillar m\u00e1s la derrota monegasca. Lo ejecut\u00f3 el exjugador del <strong>Barcelona <\/strong>pero lo detuvo el meta <strong>Robin Risser,\u00a0<\/strong>que neg\u00f3 el gol al espa\u00f1ol. El <strong>Marsella <\/strong>y el <strong>Lens <\/strong>se quedan con 25 puntos, uno m\u00e1s que el <strong>PSG<\/strong>.<\/p>\n","protected":false},"excerpt":{"rendered":"El Lens, con un doblete de Wesley Said y el hundimiento del M\u00f3naco, con Ansu Fati, que fall\u00f3&hellip;\n","protected":false},"author":2,"featured_media":226620,"comment_status":"","ping_status":"","sticky":false,"template":"","format":"standard","meta":{"footnotes":""},"categories":[268],"tags":[168,25,24,280,282,281,23,167],"class_list":{"0":"post-226619","1":"post","2":"type-post","3":"status-publish","4":"format-standard","5":"has-post-thumbnail","7":"category-futbol","8":"tag-deportes","9":"tag-es","10":"tag-espana","11":"tag-football","12":"tag-futbol","13":"tag-soccer","14":"tag-spain","15":"tag-sports"},"share_on_mastodon":{"url":"https:\/\/pubeurope.com\/@es\/115519397926664064","error":""},"_links":{"self":[{"href":"https:\/\/www.europesays.com\/es\/wp-json\/wp\/v2\/posts\/226619","targetHints":{"allow":["GET"]}}],"collection":[{"href":"https:\/\/www.europesays.com\/es\/wp-json\/wp\/v2\/posts"}],"about":[{"href":"https:\/\/www.europesays.com\/es\/wp-json\/wp\/v2\/types\/post"}],"author":[{"embeddable":true,"href":"https:\/\/www.europesays.com\/es\/wp-json\/wp\/v2\/users\/2"}],"replies":[{"embeddable":true,"href":"https:\/\/www.europesays.com\/es\/wp-json\/wp\/v2\/comments?post=226619"}],"version-history":[{"count":0,"href":"https:\/\/www.europesays.com\/es\/wp-json\/wp\/v2\/posts\/226619\/revisions"}],"wp:featuredmedia":[{"embeddable":true,"href":"https:\/\/www.europesays.com\/es\/wp-json\/wp\/v2\/media\/226620"}],"wp:attachment":[{"href":"https:\/\/www.europesays.com\/es\/wp-json\/wp\/v2\/media?parent=226619"}],"wp:term":[{"taxonomy":"category","embeddable":true,"href":"https:\/\/www.europesays.com\/es\/wp-json\/wp\/v2\/categories?post=226619"},{"taxonomy":"post_tag","embeddable":true,"href":"https:\/\/www.europesays.com\/es\/wp-json\/wp\/v2\/tags?post=226619"}],"curies":[{"name":"wp","href":"https:\/\/api.w.org\/{rel}","templated":true}]}}