{"id":226631,"date":"2025-11-09T11:07:10","date_gmt":"2025-11-09T11:07:10","guid":{"rendered":"https:\/\/www.europesays.com\/es\/226631\/"},"modified":"2025-11-09T11:07:10","modified_gmt":"2025-11-09T11:07:10","slug":"magico-triunfo-del-barca-en-el-clasico-de-leyendas-en-el-salvador","status":"publish","type":"post","link":"https:\/\/www.europesays.com\/es\/226631\/","title":{"rendered":"&#8216;M\u00e1gico&#8217; triunfo del Bar\u00e7a en el Cl\u00e1sico de leyendas en El Salvador"},"content":{"rendered":"<p data-gtm-element-container=\"modulo-texto-link\" class=\"paragraph\">El FC Barcelona se apunt\u00f3 el Cl\u00e1sico de Leyendas que se disput\u00f3 esta madrugada (hora espa\u00f1ola) en el Estadio Nacional Jorge &#8216;El M\u00e1gico&#8217; Gonz\u00e1lez con la presencia en las filas azulgrana del gran mito del f\u00fatbol salvadore\u00f1o. El ex delantero del C\u00e1diz, que lleg\u00f3 a participar en una gira por Sudam\u00e9rica con el FC Barcelona en la d\u00e9cada de los 80 del pasado siglo y de quien dijo una vez Diego Armando Maradona que era mejor futbolista que \u00e9l, revivi\u00f3 aquel episodio de su inefable carrera jugando con los cul\u00e9s los primeros 8 minutos de un partido que acab\u00f3 ganando el Bar\u00e7a gracias a dos goles de Javier &#8216;El Conejo&#8217; Saviola, uno en cada parte.<\/p>\n<p>                <img loading=\"lazy\" decoding=\"async\" data-full-src=\"https:\/\/www.mundodeportivo.com\/uploads\/2025\/11\/09\/69105078b8a07.jpeg\" alt=\"Las leyendas del Bar\u00e7a\" width=\"449\" height=\"299\" src=\"https:\/\/www.europesays.com\/es\/wp-content\/uploads\/2025\/11\/69105078b8a07.jpeg\" class=\"lazy\"\/><\/p>\n<p class=\"caption-title \">Las leyendas del Bar\u00e7a<\/p>\n<p>                    EFE<\/p>\n<p>                <img loading=\"lazy\" decoding=\"async\" data-full-src=\"https:\/\/www.mundodeportivo.com\/uploads\/2025\/11\/09\/6910509bd99b6.jpeg\" alt=\"Las leyendas del Real Madrid\" width=\"449\" height=\"299\" src=\"https:\/\/www.europesays.com\/es\/wp-content\/uploads\/2025\/11\/6910509bd99b6.jpeg\" class=\"lazy\"\/><\/p>\n<p class=\"caption-title \">Las leyendas del Real Madrid<\/p>\n<p>                    EFE<\/p>\n<p data-gtm-element-container=\"modulo-texto-link\" class=\"paragraph\">La verdadera estrella de un Cl\u00e1sico hist\u00f3rico en El Salvador fue precisamente el &#8216;M\u00e1gico&#8217;, \u00eddolo de una grada en un estadio que lleva su nombre en\u00a0San Salvador. \u201c\u00a1Bienvenido a tu casa, Jorge!\u201d, enton\u00f3 con fuerza la voz del estadio, volcado con el ex extremo de 67 a\u00f1os.<\/p>\n<p data-gtm-element-container=\"modulo-texto-link\" class=\"paragraph\">Los grader\u00edos, repletos de aficionados con camisetas azulgranas y blancas, vibraron con el recuerdo de unas estrellas que no hace tanto eran las m\u00e1ximas referencias del f\u00fatbol mundial y que hoy forman parte de la memoria colectiva.<\/p>\n<p data-gtm-element-container=\"modulo-texto-link\" class=\"paragraph\">Durante los 8 minutos que estuvo en el campo, el prestidigitador <strong>Gonz\u00e1lez<\/strong> pudo dejar uno de sus fabulosos recortes ante un central como <strong>Pepe<\/strong>, para jolgorio de una hinchada entregada a su mayor fen\u00f3meno futbol\u00edstico de todos los tiempos. El regate de &#8216;M\u00e1gico&#8217; Gonz\u00e1lez a Pepe a mitad de cancha provoc\u00f3 un estruendoso \u201c\u00a1ol\u00e9!\u201d de la afici\u00f3n.<\/p>\n<p>                <img loading=\"lazy\" decoding=\"async\" data-full-src=\"https:\/\/www.mundodeportivo.com\/uploads\/2025\/11\/09\/691050e3e516f.jpeg\" alt=\"Saviola bati\u00f3 a Casillas primero y a Casilla despu\u00e9s\" width=\"449\" height=\"299\" src=\"https:\/\/www.europesays.com\/es\/wp-content\/uploads\/2025\/11\/691050e3e516f.jpeg\" class=\"lazy\"\/><\/p>\n<p class=\"caption-title \">Saviola bati\u00f3 a Casillas primero y a Casilla despu\u00e9s<\/p>\n<p>                    efe<\/p>\n<p data-gtm-element-container=\"modulo-texto-link\" class=\"paragraph\">El Cl\u00e1sico fue un Cl\u00e1sico porque hubo jugadores que todo el p\u00fablico conoc\u00eda, como\u00a0Carles Puyol, Javier Saviola, Ludovic Giuly o Yaya Tour\u00e9 por parte azulgrana o\u00a0\u00cdker Casillas, Jos\u00e9 Mar\u00eda Guti\u00e9rrez &#8216;Guti&#8217;, Julio Baptista y Pepe en el bando blanco. Tambi\u00e9n lo fue porque se vieron detalles de gran f\u00fatbol e incluso hubo alguna pol\u00e9mica puntual. El \u00e1rbitro salvadore\u00f1o Elmer Bonilla supo que un Cl\u00e1sico es un Cl\u00e1sico, tengan la edad que tengan sus protagonistas.<\/p>\n<p data-gtm-element-container=\"modulo-texto-link\" class=\"paragraph\">Entre los jugadores brillantes luci\u00f3, adem\u00e1s de la punter\u00eda de Saviola, el poderoso dominio del medio marfile\u00f1o Tour\u00e9 Yaya, quien durante la jornada vivi\u00f3 alg\u00fan momento comprometido que luego suaviz\u00f3 pidiendo disculpas por su desconocimiento sobre la existencia y ubicaci\u00f3n de El Salvador. Tambi\u00e9n el franc\u00e9s Ludovic\u00a0Giuly, tan liviano como siempre, demostr\u00f3 que su chispa no se apaga.<\/p>\n<p data-gtm-element-container=\"modulo-texto-link\" class=\"paragraph\">Al minuto 20, un buen pase de Marc Crosas dej\u00f3 solo a Saviola mano a mano con Casillas, a quien bati\u00f3 con aplomo con un chut raso y cruzado para elevar el 1-0.<\/p>\n<p data-gtm-element-container=\"modulo-texto-link\" class=\"paragraph\">El Real Madrid Legends quiso empatar a trav\u00e9s de una falta directa en el minuto 30\u00a0 lanzada por Guti, pero el mediapunta envi\u00f3 el bal\u00f3n a la barrera. Fue el preludio de una buena llegada de Julio Baptista, cuyo disparo se fue lamiendo el poste de la porter\u00eda de Jes\u00fas Mariano Angoy. La primera parte,\u00a0 jugada a 40 minutos y con pausa de hidrataci\u00f3n, acab\u00f3 con 1-0 para el Bar\u00e7a. Antes del descanso, nuevamente los \u201c\u00a1ol\u00e9, ol\u00e9!\u201d acompa\u00f1aron el dominio azulgrana, con Carles Puyol anticipando cada intento ofensivo merengue, como cada vez que jug\u00f3 un Cl\u00e1sico, lo que levant\u00f3 ovaciones y\u00a0 aplausos en las tribunas al gran capit\u00e1n cul\u00e9.<\/p>\n<p>    Lee tambi\u00e9n<\/p>\n<p data-gtm-element-container=\"modulo-texto-link\" class=\"paragraph\">Tras el descanso, el ovacionado Casillas fue sustituido por Kiko Casilla, quien en una excelente forma hizo tres grandes paradas. No pudo, sin embargo, con el remate del omnipresente\u00a0Saviola, que culmin\u00f3 una bonita jugada colectiva del Bar\u00e7a. El Cl\u00e1sico acab\u00f3 con ese 2-0 que hizo justicia con el juego del Bar\u00e7a, en una jornada memorable para la parroquia local, que pudo aplaudir otra vez a su gran \u00eddolo, el gran &#8216;M\u00e1gico&#8217; Gonz\u00e1lez.<\/p>\n","protected":false},"excerpt":{"rendered":"El FC Barcelona se apunt\u00f3 el Cl\u00e1sico de Leyendas que se disput\u00f3 esta madrugada (hora espa\u00f1ola) en el&hellip;\n","protected":false},"author":2,"featured_media":226632,"comment_status":"","ping_status":"","sticky":false,"template":"","format":"standard","meta":{"footnotes":""},"categories":[93],"tags":[168,25,24,23,167],"class_list":{"0":"post-226631","1":"post","2":"type-post","3":"status-publish","4":"format-standard","5":"has-post-thumbnail","7":"category-deportes","8":"tag-deportes","9":"tag-es","10":"tag-espana","11":"tag-spain","12":"tag-sports"},"share_on_mastodon":{"url":"https:\/\/pubeurope.com\/@es\/115519426407100356","error":""},"_links":{"self":[{"href":"https:\/\/www.europesays.com\/es\/wp-json\/wp\/v2\/posts\/226631","targetHints":{"allow":["GET"]}}],"collection":[{"href":"https:\/\/www.europesays.com\/es\/wp-json\/wp\/v2\/posts"}],"about":[{"href":"https:\/\/www.europesays.com\/es\/wp-json\/wp\/v2\/types\/post"}],"author":[{"embeddable":true,"href":"https:\/\/www.europesays.com\/es\/wp-json\/wp\/v2\/users\/2"}],"replies":[{"embeddable":true,"href":"https:\/\/www.europesays.com\/es\/wp-json\/wp\/v2\/comments?post=226631"}],"version-history":[{"count":0,"href":"https:\/\/www.europesays.com\/es\/wp-json\/wp\/v2\/posts\/226631\/revisions"}],"wp:featuredmedia":[{"embeddable":true,"href":"https:\/\/www.europesays.com\/es\/wp-json\/wp\/v2\/media\/226632"}],"wp:attachment":[{"href":"https:\/\/www.europesays.com\/es\/wp-json\/wp\/v2\/media?parent=226631"}],"wp:term":[{"taxonomy":"category","embeddable":true,"href":"https:\/\/www.europesays.com\/es\/wp-json\/wp\/v2\/categories?post=226631"},{"taxonomy":"post_tag","embeddable":true,"href":"https:\/\/www.europesays.com\/es\/wp-json\/wp\/v2\/tags?post=226631"}],"curies":[{"name":"wp","href":"https:\/\/api.w.org\/{rel}","templated":true}]}}