{"id":226634,"date":"2025-11-09T11:09:35","date_gmt":"2025-11-09T11:09:35","guid":{"rendered":"https:\/\/www.europesays.com\/es\/226634\/"},"modified":"2025-11-09T11:09:35","modified_gmt":"2025-11-09T11:09:35","slug":"acabamos-de-perder-todo-el-criterio","status":"publish","type":"post","link":"https:\/\/www.europesays.com\/es\/226634\/","title":{"rendered":"Acabamos de perder todo el criterio"},"content":{"rendered":"<p id=\"eGd7sfm2OhUB\" data-wc=\"63\">La novena gala de Bailando con las estrellas en Telecinco ha pasado a la historia del programa no solo por el arte y la emoci\u00f3n sobre la pista, sino por el <strong>encontronazo sin precedentes<\/strong> en el jurado. La noche se convirti\u00f3 en una aut\u00e9ntica monta\u00f1a rusa, con actuaciones magistrales, homenajes conmovedores y una decisi\u00f3n final que hizo <strong>estallar la discusi\u00f3n\u00a0<\/strong>entre los expertos.<\/p>\n<p> <img src=\"https:\/\/www.europesays.com\/es\/wp-content\/uploads\/2025\/11\/4001cac4cccf-captura-de-pantalla-1048.png\"   width=\"1024\" height=\"551\" loading=\"lazy\" decoding=\"async\" alt=\"Media Image\" fetchpriority=\"auto\" class=\"image ho-image\"\/>\u00a9 Telecinco<\/p>\n<p id=\"eDp6VENx0R3X\" data-wc=\"69\">El momento decisivo lleg\u00f3 con el duelo de repesca entre <strong>Sara Escudero<\/strong> y <strong>Blanca Romero<\/strong>. Ambas concursantes se enfrentaron a un desaf\u00edo in\u00e9dito: intercambiaron sus parejas de baile para tratar de sorprender al jurado con un jive y un chachach\u00e1, respectivamente. La votaci\u00f3n fue tan ajustada que el voto de Julia G\u00f3mez Cora fue el que termin\u00f3 decidiendo la continuidad de Blanca y, por ende, la expulsi\u00f3n de Sara.<\/p>\n<p> <img src=\"https:\/\/www.europesays.com\/es\/wp-content\/uploads\/2025\/11\/fd35c76860ba-captura-de-pantalla-1057.png\"   width=\"1024\" height=\"575\" loading=\"lazy\" decoding=\"async\" alt=\"Media Image\" fetchpriority=\"auto\" class=\"image ho-image\"\/>\u00a9 Telecinco<\/p>\n<p id=\"exR2fsvK-uxH\" data-wc=\"93\">Esta decisi\u00f3n desat\u00f3 la <strong>furia de Gorka M\u00e1rquez<\/strong>, quien no tard\u00f3 en expresar su total desacuerdo, dirigiendo unas palabras muy contundentes a su compa\u00f1era de mesa, Julia G\u00f3mez. El bailar\u00edn ve\u00eda falta de compromiso en la actriz asturiana y lo manifestaba sin rodeos: \u00abAcabas de decir hace 5 minutos que te parece una falta de respeto, que baila sin ganas y ahora coges y salvas a alguien que en 9 semanas se ha quejado, ha hablado a su pareja mal, no lo ha intentado&#8230;y a la que tiene ilusi\u00f3n la mandas a casa\u00bb.<\/p>\n<p> <img src=\"https:\/\/www.europesays.com\/es\/wp-content\/uploads\/2025\/11\/0972d3715a84-videoframe2209.png\"   width=\"876\" height=\"1024\" loading=\"lazy\" decoding=\"async\" alt=\"Media Image\" fetchpriority=\"auto\" class=\"image ho-image\"\/>\u00a9 bailandoest<\/p>\n<p id=\"ePshLMKWkCdK\" data-wc=\"47\">A ojos de Gorka, la continuidad de Blanca romp\u00eda el baremo del concurso: <strong>\u00abSomos profesionales del baile y acabamos de perder todo el criterio, as\u00ed que, gracias\u00bb<\/strong>, remat\u00f3 ante la sorpresa de sus compa\u00f1eros, evidenciando que la tensi\u00f3n en la mesa del jurado alcanz\u00f3 su punto m\u00e1ximo.<\/p>\n<p> <img src=\"https:\/\/www.europesays.com\/es\/wp-content\/uploads\/2025\/11\/993915661f13-captura-de-pantalla-1056.png\"   width=\"1024\" height=\"697\" loading=\"lazy\" decoding=\"async\" alt=\"Media Image\" fetchpriority=\"auto\" class=\"image ho-image\"\/>\u00a9 Telecinco<\/p>\n<p id=\"eGBabHHAwUXN\" data-wc=\"81\">La pol\u00e9mica se intensific\u00f3 porque, momentos antes, incluso la propia Blanca Romero hab\u00eda sido cuestionada por su actitud. Se le pregunt\u00f3 abiertamente si realmente deseaba continuar, y hasta <strong>Inmaculada Casal<\/strong> record\u00f3 que se le hab\u00eda escuchado fuera decir que echaba <strong>\u00abmucho de menos su vida en Asturias y &#8216;los chorizitos'\u00bb<\/strong>. El propio Gorka M\u00e1rquez le hab\u00eda se\u00f1alado: \u00abDesde mi humilde opini\u00f3n, cuando has bailado esta semana y la pasada, bailas sin ganas. Es como que tengo que hacerlo y lo hago\u00bb.<\/p>\n<p> <img src=\"https:\/\/www.europesays.com\/es\/wp-content\/uploads\/2025\/11\/cc61e14ac247-captura-de-pantalla-1054.png\"   width=\"1024\" height=\"556\" loading=\"lazy\" decoding=\"async\" alt=\"Media Image\" fetchpriority=\"auto\" class=\"image ho-image\"\/>\u00a9 Telecinco<\/p>\n<p id=\"eTaT-ymI9LB2\" data-wc=\"77\">Pese a todo, Julia G\u00f3mez Coba decidi\u00f3 darle un voto de confianza con una advertencia clara: \u00abTe voy a salvar. Es tu \u00faltima oportunidad. Blanca, tienes un potencial enorme, puedes dar mucho m\u00e1s y lo quiero ver aqu\u00ed. Dijiste que quer\u00edas ganar y lo quiero ver en la vista\u00bb. Por su parte, una emocionada Blanca Romero agradeci\u00f3 la decisi\u00f3n, asegurando: \u201cHe aprendido mucho aqu\u00ed. <strong>Pese a mi lesi\u00f3n, he podido remontar y superarme. Gracias por dejarme seguir\u00bb<\/strong>.<\/p>\n<p> <img src=\"https:\/\/www.europesays.com\/es\/wp-content\/uploads\/2025\/11\/2dab0c22bb59-captura-de-pantalla-1052.png\"   width=\"1024\" height=\"560\" loading=\"lazy\" decoding=\"async\" alt=\"Media Image\" fetchpriority=\"auto\" class=\"image ho-image\"\/>\u00a9 Telecinco<br \/>\nAnabel Pantoja y Manu Tenorio, tambi\u00e9n en el punto de mira<\/p>\n<p id=\"e8MO68vvGC-S\" data-wc=\"78\">El enfrentamiento no fue exclusivo de la mesa de jueces. La decisi\u00f3n tambi\u00e9n gener\u00f3 un clima de tensi\u00f3n entre los concursantes, siendo <strong>Manu Tenorio<\/strong> especialmente cr\u00edtico con la permanencia de su compa\u00f1era. El cantante, visiblemente molesto, fue muy directo: <strong>\u201cNo quer\u00eda irse a Asturias con sus perros? Que se aclare antes de hablar de los dem\u00e1s.\u00a0<\/strong>Yo solo me comparo conmigo mismo, con mi esfuerzo y dedicaci\u00f3n\u201d. Curiosamente, la gala termin\u00f3 con ambos, Blanca y Manu, como nominados.<\/p>\n<p> <img src=\"https:\/\/www.europesays.com\/es\/wp-content\/uploads\/2025\/11\/b3bddc33667b-sd-2.jpg\"   width=\"1024\" height=\"816\" loading=\"lazy\" decoding=\"async\" alt=\"Media Image\" fetchpriority=\"auto\" class=\"image ho-image\"\/>\u00a9 bailandoest<\/p>\n<p id=\"ebyFc1573Y0Y\" data-wc=\"93\">Por otro lado, <strong>Anabel Pantoja<\/strong> tambi\u00e9n protagoniz\u00f3 un momento de estallido emocional al recibir una dura cr\u00edtica de Julia G\u00f3mez Cora, que le reproch\u00f3 falta de energ\u00eda en su quickstep. Cansada de o\u00edr que solo destaca por su faceta divertida, la influencer se defendi\u00f3 con vehemencia: \u201cMe gustar\u00eda que tambi\u00e9n se valorara mi esfuerzo, no solo que soy divertida. Yo no soy humorista\u201d. Su profesor, \u00c1lvaro Cuenca, la respald\u00f3 lanzando una pulla al jurado: \u201cUna persona que ha dejado escapar a Sara y ha metido a Blanca\u2026 para m\u00ed el criterio es nulo\u201d.<\/p>\n<p> <img src=\"https:\/\/www.europesays.com\/es\/wp-content\/uploads\/2025\/11\/659d92a813aa-captura-de-pantalla-1055.png\"   width=\"1024\" height=\"575\" loading=\"lazy\" decoding=\"async\" alt=\"Media Image\" fetchpriority=\"auto\" class=\"image ho-image\"\/>\u00a9 Telecinco<br \/>\nEl Brillo de la Noche: Gloria Camila y Nona Sobo<\/p>\n<p id=\"eS9lHkFSxWU7\" data-wc=\"84\">No todo fue disputa y tensi\u00f3n. La noche estuvo salpicada de momentos emotivos, como el homenaje de Gloria Camila Ortega a su madre, Roc\u00edo Jurado. La joven, que fue la invitada VIP de la noche, interpret\u00f3 un pasodoble que emocion\u00f3 hasta las l\u00e1grimas a su sobrina, Roc\u00edo Flores, quien no dud\u00f3 en alabar a su t\u00eda desde el p\u00fablico: \u201cNo esper\u00e1bamos que lo hiciera tan bien. Ha sido incre\u00edble\u201d. El jurado, rendido ante su talento, la calific\u00f3 como <strong>\u00abla mejor invitada de la edici\u00f3n\u00bb<\/strong>.<\/p>\n<p> <img src=\"https:\/\/www.europesays.com\/es\/wp-content\/uploads\/2025\/11\/2de510c3728e-captura-de-pantalla-1053.png\"   width=\"1024\" height=\"573\" loading=\"lazy\" decoding=\"async\" alt=\"Media Image\" fetchpriority=\"auto\" class=\"image ho-image\"\/>\u00a9 Telecinco<\/p>\n<p id=\"efg7_GUmEboP\" data-wc=\"50\">El contrapunto de la perfecci\u00f3n lo puso Nona Sobo, quien logr\u00f3 el hito de la puntuaci\u00f3n perfecta: un pleno de dieces. Su espectacular pasodoble provoc\u00f3 la unanimidad entre los jueces, algo que hasta el momento parec\u00eda imposible en esta edici\u00f3n. \u201cPor primera vez estamos todos de acuerdo\u201d, declar\u00f3 Pelayo D\u00edaz.<\/p>\n<p> <img src=\"https:\/\/www.europesays.com\/es\/wp-content\/uploads\/2025\/11\/5fc0897819be-captura-de-pantalla-1051.png\"   width=\"1024\" height=\"535\" loading=\"lazy\" decoding=\"async\" alt=\"Media Image\" fetchpriority=\"auto\" class=\"image ho-image\"\/>\u00a9 Telecinco<\/p>\n","protected":false},"excerpt":{"rendered":"La novena gala de Bailando con las estrellas en Telecinco ha pasado a la historia del programa no&hellip;\n","protected":false},"author":2,"featured_media":226635,"comment_status":"","ping_status":"","sticky":false,"template":"","format":"standard","meta":{"footnotes":""},"categories":[91],"tags":[517,4476,1269,146,147,25,24,23,692,807],"class_list":{"0":"post-226634","1":"post","2":"type-post","3":"status-publish","4":"format-standard","5":"has-post-thumbnail","7":"category-entretenimiento","8":"tag-actualidad","9":"tag-anabel-pantoja","10":"tag-blanca-romero","11":"tag-entertainment","12":"tag-entretenimiento","13":"tag-es","14":"tag-espana","15":"tag-spain","16":"tag-telecinco","17":"tag-television"},"share_on_mastodon":{"url":"https:\/\/pubeurope.com\/@es\/115519434390154584","error":""},"_links":{"self":[{"href":"https:\/\/www.europesays.com\/es\/wp-json\/wp\/v2\/posts\/226634","targetHints":{"allow":["GET"]}}],"collection":[{"href":"https:\/\/www.europesays.com\/es\/wp-json\/wp\/v2\/posts"}],"about":[{"href":"https:\/\/www.europesays.com\/es\/wp-json\/wp\/v2\/types\/post"}],"author":[{"embeddable":true,"href":"https:\/\/www.europesays.com\/es\/wp-json\/wp\/v2\/users\/2"}],"replies":[{"embeddable":true,"href":"https:\/\/www.europesays.com\/es\/wp-json\/wp\/v2\/comments?post=226634"}],"version-history":[{"count":0,"href":"https:\/\/www.europesays.com\/es\/wp-json\/wp\/v2\/posts\/226634\/revisions"}],"wp:featuredmedia":[{"embeddable":true,"href":"https:\/\/www.europesays.com\/es\/wp-json\/wp\/v2\/media\/226635"}],"wp:attachment":[{"href":"https:\/\/www.europesays.com\/es\/wp-json\/wp\/v2\/media?parent=226634"}],"wp:term":[{"taxonomy":"category","embeddable":true,"href":"https:\/\/www.europesays.com\/es\/wp-json\/wp\/v2\/categories?post=226634"},{"taxonomy":"post_tag","embeddable":true,"href":"https:\/\/www.europesays.com\/es\/wp-json\/wp\/v2\/tags?post=226634"}],"curies":[{"name":"wp","href":"https:\/\/api.w.org\/{rel}","templated":true}]}}