{"id":226647,"date":"2025-11-09T11:20:44","date_gmt":"2025-11-09T11:20:44","guid":{"rendered":"https:\/\/www.europesays.com\/es\/226647\/"},"modified":"2025-11-09T11:20:44","modified_gmt":"2025-11-09T11:20:44","slug":"han-sido-65-anos-de-espera-pero-ha-merecido-la-pena","status":"publish","type":"post","link":"https:\/\/www.europesays.com\/es\/226647\/","title":{"rendered":"Han sido 65 a\u00f1os de espera, pero ha merecido la pena"},"content":{"rendered":"<p> El entorno de Mintxeta se visti\u00f3 este s\u00e1bado de gala para acoger la primera edici\u00f3n de la Besa CX Elgoibar; un evento que volvi\u00f3  &#8230; a ofrecer la posibilidad de disfrutar con una carrera de ciclismo sobre el barro 65 a\u00f1os despu\u00e9s del &#8216;I ciclocross Gure Bide. Gran Premio Sigma&#8217;; la \u00fanica prueba de ciclismo sobre el barro disputada en el pueblo de la que se ten\u00eda constancia. Hasta ahora.<\/p>\n<p class=\"v-p\">Eso s\u00ed, la de este s\u00e1bado poco o nada tuvo que ver con aquella prueba que se celebr\u00f3 el 3 de enero de 1960. Entonces, la carrera se disput\u00f3 en un recorrido dise\u00f1ado a lo largo y ancho de todo el municipio y cont\u00f3 con la participaci\u00f3n de 23 corredores. <\/p>\n<p class=\"v-p\">Este s\u00e1bado, el evento tuvo lugar en un sinuoso circuito cerrado de 2.800 metros de longitud habilitado en torno a las instalaciones de Mintxeta y el caser\u00edo del mismo nombre y cont\u00f3 con 224 participantes (193 hombres y 31 mujeres).<\/p>\n<p class=\"v-p\">En cualquier caso, la prueba que sirvi\u00f3 para que Elgoibar se reencontrara con el ciclocross fue un rotundo \u00e9xito. Tanto de participaci\u00f3n (hubo ciclistas de Asturias, Euskadi, Navarra, Arag\u00f3n, Cantabria, Castilla-Le\u00f3n y Catalu\u00f1a) como de p\u00fablico (cientos de personas acudieron al circuito). <\/p>\n<p class=\"v-p\">Si ya de por si el recorrido dise\u00f1ado por la organizaci\u00f3n era duro, las intensas lluvias de las \u00faltimas jornadas contribuyeron a que lo fuera todav\u00eda m\u00e1s. <\/p>\n<p class=\"v-p\">Las ca\u00eddas y los resbalones por el embarrado circuito fueron una constante pero no hubo que lamentar ninguna lesi\u00f3n ni golpes de gravedad. Al terminar, las y los participantes coincidieron al se\u00f1alar la dureza de la prueba, pero tambi\u00e9n lo mucho que hab\u00edan disfrutado durante la misma.<\/p>\n<p class=\"v-p\">En la categor\u00eda \u00e9lite las victorias fueron para el ermuarra Aitor Hern\u00e1ndez y la oscense Ainara Elbusto (las clasificaciones pueden verse en la web becrono.es).<\/p>\n<p class=\"v-p\">Ha habido que esperar 65 a\u00f1os, pero el ciclocross est\u00e1 de vuelta. La espera mereci\u00f3 la pena.<\/p>\n","protected":false},"excerpt":{"rendered":"El entorno de Mintxeta se visti\u00f3 este s\u00e1bado de gala para acoger la primera edici\u00f3n de la Besa&hellip;\n","protected":false},"author":2,"featured_media":226648,"comment_status":"","ping_status":"","sticky":false,"template":"","format":"standard","meta":{"footnotes":""},"categories":[273],"tags":[988,313,312,168,25,24,4351,59653,4877,23,167],"class_list":{"0":"post-226647","1":"post","2":"type-post","3":"status-publish","4":"format-standard","5":"has-post-thumbnail","7":"category-ciclismo","8":"tag-anos","9":"tag-ciclismo","10":"tag-cycling","11":"tag-deportes","12":"tag-es","13":"tag-espana","14":"tag-espera","15":"tag-merecido","16":"tag-pena","17":"tag-spain","18":"tag-sports"},"share_on_mastodon":{"url":"https:\/\/pubeurope.com\/@es\/115519476394667013","error":""},"_links":{"self":[{"href":"https:\/\/www.europesays.com\/es\/wp-json\/wp\/v2\/posts\/226647","targetHints":{"allow":["GET"]}}],"collection":[{"href":"https:\/\/www.europesays.com\/es\/wp-json\/wp\/v2\/posts"}],"about":[{"href":"https:\/\/www.europesays.com\/es\/wp-json\/wp\/v2\/types\/post"}],"author":[{"embeddable":true,"href":"https:\/\/www.europesays.com\/es\/wp-json\/wp\/v2\/users\/2"}],"replies":[{"embeddable":true,"href":"https:\/\/www.europesays.com\/es\/wp-json\/wp\/v2\/comments?post=226647"}],"version-history":[{"count":0,"href":"https:\/\/www.europesays.com\/es\/wp-json\/wp\/v2\/posts\/226647\/revisions"}],"wp:featuredmedia":[{"embeddable":true,"href":"https:\/\/www.europesays.com\/es\/wp-json\/wp\/v2\/media\/226648"}],"wp:attachment":[{"href":"https:\/\/www.europesays.com\/es\/wp-json\/wp\/v2\/media?parent=226647"}],"wp:term":[{"taxonomy":"category","embeddable":true,"href":"https:\/\/www.europesays.com\/es\/wp-json\/wp\/v2\/categories?post=226647"},{"taxonomy":"post_tag","embeddable":true,"href":"https:\/\/www.europesays.com\/es\/wp-json\/wp\/v2\/tags?post=226647"}],"curies":[{"name":"wp","href":"https:\/\/api.w.org\/{rel}","templated":true}]}}