{"id":226655,"date":"2025-11-09T11:27:11","date_gmt":"2025-11-09T11:27:11","guid":{"rendered":"https:\/\/www.europesays.com\/es\/226655\/"},"modified":"2025-11-09T11:27:11","modified_gmt":"2025-11-09T11:27:11","slug":"la-vieja-sede-de-telefonica-de-lugo-una-arquitectura-industrial-de-uso-incierto","status":"publish","type":"post","link":"https:\/\/www.europesays.com\/es\/226655\/","title":{"rendered":"La vieja sede de Telef\u00f3nica de Lugo, una arquitectura industrial de uso incierto"},"content":{"rendered":"<p>La reforma iniciada, y despu\u00e9s paralizada por falta de proyecto y licencia, de la<strong> antigua sede de Telef\u00f3nica, <\/strong>al lado del parque Rosal\u00eda de Castro, saca a la luz una realidad que no es exclusiva de <a target=\"_blank\" href=\"https:\/\/www.elprogreso.es\/blog\/section\/lugo\/\" rel=\"nofollow noopener\">Lugo<\/a> pero que lo conforma: la de edificios que fueron determinantes en el <strong>desarrollo de la ciudad, <\/strong>que dejaron de tener uso hace lustros, cuando no d\u00e9cadas, y a los que resulta dif\u00edcil darles <strong>un nuevo futuro.<\/strong> La consecuencia es <strong>p\u00e9rdida de patrimonio<\/strong> y, \u00a0en ocasiones, <strong>problemas de seguridad <\/strong>asociados al deterioro que sufren algunas de esas edificaciones.<\/p>\n<p>La antigua sede de Telef\u00f3nica es un ejemplo de esa <strong>arquitectura industrial <\/strong>para la que se busca un nuevo uso tras descartarse otros. Cambi\u00f3 de propiedad en varias ocasiones porque para el solar hubo un proyecto de <strong>edificio de viviendas<\/strong> que no sali\u00f3 adelante por <strong>incompatibilidad urban\u00edstica.<\/strong><\/p>\n<p>Su transformaci\u00f3n ahora en<strong> centro de acogida de menores no acompa\u00f1ados<\/strong> que tienen protecci\u00f3n gubernamental no parece f\u00e1cil, por las caracter\u00edsticas del inmueble, como el hecho de que solo tiene luz natural en la fachada principal. El promotor tiene pendiente la <strong>presentaci\u00f3n de un proyecto,<\/strong> despu\u00e9s de que la documentaci\u00f3n aportada en un primer momento fuera insuficiente e incorrecta.<\/p>\n<p>El futuro parece m\u00e1s claro para otro edificio que fue determinante en la <strong>evoluci\u00f3n de Lugo<\/strong>: la f\u00e1brica que suministr\u00f3 por primera vez<strong> energ\u00eda el\u00e9ctrica a la ciudad,<\/strong> con la fuerza del agua del r\u00edo. El Concello espera el visto bueno de la<strong> Direcci\u00f3n Xeral de Patrimonio<\/strong> para iniciar su acondicionamiento para<strong> centro de promoci\u00f3n de la enogastronom\u00eda y los recursos fluviales de Lugo<\/strong>. La obra debe estar finalizada en junio de 2026, ya que se financia con fondos europeos del <strong>Plan de Sostenibilidad Tur\u00edstica,<\/strong> concedido tras la pandemia.<\/p>\n<p><img decoding=\"async\" width=\"1279\" height=\"720\" alt=\"Edificio que acogi\u00f3 la f\u00e1brica de la luz. XES\u00daS PONTE\" src=\"https:\/\/www.europesays.com\/es\/wp-content\/uploads\/2025\/11\/2023102510175213058.jpg\" loading=\"lazy\"  \/><br \/>\nEdificio que acogi\u00f3 la f\u00e1brica de la luz. XES\u00daS PONTE<\/p>\n<p>El edificio se encuentra en una<strong> zona de gran valor ambiental y de ocio,<\/strong> aunque antes se barajaron para \u00e9l otros usos. Se lleg\u00f3 a adjudicar a una empresa para que volviera a funcionar como <strong>central hidroel\u00e9ctrica,<\/strong> pero el proyecto no solo se frustr\u00f3 sino que el Concello acab\u00f3 pagando una<strong> <a target=\"_blank\" href=\"https:\/\/www.elprogreso.es\/tags\/fabrica-de-la-luz\/\" rel=\"nofollow noopener\">indemnizaci\u00f3n de 2,4 millones de euros.<\/a><\/strong><\/p>\n<p>El<strong> antiguo matadero municipal de San Xo\u00e1n de Pena <\/strong>y la <strong>vieja potabilizadora de Meil\u00e1n<\/strong> son otras construcciones que llevan a\u00f1os cerradas y deterior\u00e1ndose y que \u00a0han sido objeto de robos.\u00a0<\/p>\n<p><img decoding=\"async\" width=\"1280\" height=\"720\" alt=\"CARTEL QUE HA APARECIDO EN VARIOS ESPACIOS DE LUGO QUE TIENEN TITULARIDAD MUNICIPAL Y LLEVAN VARIOS A\u00d1OS SIN USO. EDIFICIO ABANDONADO. AUNQUE LA CAMPA\u00d1A ES ANONIMA, COINCIDE CON LAS REIVINDICACIONES DEL PP EN LOS ULTIMOS TIEMPOS. EN LA FOTO, EL VIEJO MATADERO DE FRIGSA\" src=\"https:\/\/www.europesays.com\/es\/wp-content\/uploads\/2025\/11\/2025110820143055249.jpg\" loading=\"lazy\"  \/><br \/>\nAntiguo matadero municipal, con un cartel reivindicativo colocado hace unos a\u00f1os. EP<\/p>\n<p>Para el matadero, el gobierno local defendi\u00f3 durante a\u00f1os su adecuaci\u00f3n para<strong> Protectora de Animales,<\/strong> pero la falta de fondos y el inter\u00e9s de la entidad por seguir en la ubicaci\u00f3n actual hicieron que el ejecutivo abandonara la idea.\u00a0<\/p>\n<p>La potabilizadora es una pieza clave en el<strong> sistema de reutilizaci\u00f3n de agua depurada<\/strong> que hay desde hace m\u00e1s de una d\u00e9cada y que no lleg\u00f3 a estrenarse. Mientras tanto, la planta sigue deterior\u00e1ndose, al igual que la <strong>antigua depuradora<\/strong>, en las inmediaciones de Nadela, tomada por <strong>los grafitis y las zarzas.<\/strong><\/p>\n<p>Mejor suerte han tenido otras construcciones ribere\u00f1as, como los <strong>molinos del Rato y del Mi\u00f1o, <\/strong>a los que las administraciones p\u00fablicas dieron nuevos usos. El primero como <strong>restaurante en concesi\u00f3n<\/strong> y el segundo, en obras en este momento, para<strong> centro de divulgaci\u00f3n de la Universidad.<\/strong><\/p>\n<p>Frigsa: una reconversi\u00f3n exitosa<\/p>\n<p>Lugo tambi\u00e9n tiene ejemplo de reconversi\u00f3n de edificios y de espacios industriales. El <strong>matadero de O Carme<\/strong> es desde hace varias d\u00e9cadas una sala muse\u00edstica, ampliada hace un par de a\u00f1os con la<strong> musealizaci\u00f3n in situ de varios metros de cloaca romana.<\/strong><\/p>\n<p><img decoding=\"async\" width=\"1280\" height=\"720\" alt=\"EXPLANADA JUNTO AL AUDITORIO GUSTAVO FREIRE. EXTERIOR DEL AUDITORIO GUSTAVO FREIRE DONDE ESTABA PREVISTO QUE SE CELEBRASEN LOS CONCIERTOS DEL CAUDAL FEST\" src=\"https:\/\/www.europesays.com\/es\/wp-content\/uploads\/2025\/11\/2025110820133468995.jpg\" loading=\"lazy\"  \/><br \/>\nExterior del auditorio Gustavo Freire. XES\u00daS PONTE<\/p>\n<p>La<strong> apuesta del alcalde Vicente Quiroga<\/strong> por adquirir las instalaciones y los terrenos del antiguo matadero de Frigsa, la<strong> factor\u00eda c\u00e1rnica <\/strong>que hab\u00eda hecho crecer a la ciudad, fue determinante para crear una gran zona verde y de equipamientos, sociales, culturales y deportivos, que sigui\u00f3 creciendo con otros alcaldes. Cerca, otra c\u00e1rnica, <strong>Industrias Abella, <\/strong>dio paso con el tiempo a una zona residencial y a un<strong> frustrado centro comercial.<\/strong><\/p>\n<p>Antigua sede de Telef\u00f3nica: \u00abDesde la caseta sal\u00eda la voz de Lugo al mundo\u00bb<\/p>\n<p>\u00abLo llamamos caseta, pero no lo es; es un lugar espacioso\u00bb, dice Jos\u00e9 G\u00f3nzal\u00e9z,<strong> extrabajador de Telef\u00f3nica <\/strong>cuando habla del viejo edificio de la compa\u00f1\u00eda junto al Parque, una construcci\u00f3n de apariencia modesta pero que fue<strong> estrat\u00e9gica en los inicios de la telefon\u00eda en la ciudad.\u00a0<\/strong><\/p>\n<p>\u00abDesde all\u00ed sal\u00eda la voz de los lucenses al mundo, era el centro de transmisiones\u00bb, recuerda este buen conocedor de la la historia de ingenier\u00eda telef\u00f3nica en Lugo.<\/p>\n<p>Aunque en los inicios, el servicio telef\u00f3nico ten\u00eda su <strong>centro de operaciones en Quiroga Ballesteros,<\/strong> el de transmisiones estaba junto al Parque y lograba sacar la voz de los lucenses al mundo a trav\u00e9s de un <strong>sistema de hilos de cobre.<\/strong> \u00abPod\u00eda haber hasta 12 conversaciones por hilo\u00bb, explica Gonz\u00e1lez.<\/p>\n<p>No era el hilo de cobre, cubierto, que conocemos hoy, detalla el especialista,\u00a0y el sistema acab\u00f3 quedando tecnol\u00f3gicamente anticuado, de modo que cuando lleg\u00f3<strong> la tecnolog\u00eda de los cables coaxiales<\/strong> se hizo necesaria una nueva infraestructura y por eso se construy\u00f3 el <strong>edificio de Telef\u00f3nica junto a la estaci\u00f3n de autobuses.<\/strong><\/p>\n<p>El nuevo edificio que se levant\u00f3 en la zona de la estaci\u00f3n de autobuses era ya mucho m\u00e1s grande, porque la telefon\u00eda abarcaba cada vez m\u00e1s. Adem\u00e1s, el <strong>nuevo emplazamiento<\/strong> se eligi\u00f3 porque para la nueva tecnolog\u00eda se necesitaba una ubicaci\u00f3n que estuviera elevado, recuerda.<\/p>\n","protected":false},"excerpt":{"rendered":"La reforma iniciada, y despu\u00e9s paralizada por falta de proyecto y licencia, de la antigua sede de Telef\u00f3nica,&hellip;\n","protected":false},"author":2,"featured_media":226656,"comment_status":"","ping_status":"","sticky":false,"template":"","format":"standard","meta":{"footnotes":""},"categories":[173],"tags":[229,233,231,230,59769,232,234,146,147,25,24,7318,23,1826],"class_list":{"0":"post-226655","1":"post","2":"type-post","3":"status-publish","4":"format-standard","5":"has-post-thumbnail","7":"category-arte-y-diseno","8":"tag-arte","9":"tag-arte-y-diseno","10":"tag-arts","11":"tag-arts-and-design","12":"tag-concello-de-lugo","13":"tag-design","14":"tag-diseno","15":"tag-entertainment","16":"tag-entretenimiento","17":"tag-es","18":"tag-espana","19":"tag-lugo","20":"tag-spain","21":"tag-telefonica"},"share_on_mastodon":{"url":"https:\/\/pubeurope.com\/@es\/115519504431687180","error":""},"_links":{"self":[{"href":"https:\/\/www.europesays.com\/es\/wp-json\/wp\/v2\/posts\/226655","targetHints":{"allow":["GET"]}}],"collection":[{"href":"https:\/\/www.europesays.com\/es\/wp-json\/wp\/v2\/posts"}],"about":[{"href":"https:\/\/www.europesays.com\/es\/wp-json\/wp\/v2\/types\/post"}],"author":[{"embeddable":true,"href":"https:\/\/www.europesays.com\/es\/wp-json\/wp\/v2\/users\/2"}],"replies":[{"embeddable":true,"href":"https:\/\/www.europesays.com\/es\/wp-json\/wp\/v2\/comments?post=226655"}],"version-history":[{"count":0,"href":"https:\/\/www.europesays.com\/es\/wp-json\/wp\/v2\/posts\/226655\/revisions"}],"wp:featuredmedia":[{"embeddable":true,"href":"https:\/\/www.europesays.com\/es\/wp-json\/wp\/v2\/media\/226656"}],"wp:attachment":[{"href":"https:\/\/www.europesays.com\/es\/wp-json\/wp\/v2\/media?parent=226655"}],"wp:term":[{"taxonomy":"category","embeddable":true,"href":"https:\/\/www.europesays.com\/es\/wp-json\/wp\/v2\/categories?post=226655"},{"taxonomy":"post_tag","embeddable":true,"href":"https:\/\/www.europesays.com\/es\/wp-json\/wp\/v2\/tags?post=226655"}],"curies":[{"name":"wp","href":"https:\/\/api.w.org\/{rel}","templated":true}]}}